{"id":796,"date":"2019-12-06T15:23:41","date_gmt":"2019-12-06T15:23:41","guid":{"rendered":"https:\/\/emlekpont.hu\/?p=796"},"modified":"2019-12-06T15:24:14","modified_gmt":"2019-12-06T15:24:14","slug":"simon-ferenc-kozepiskolai-tanar","status":"publish","type":"post","link":"https:\/\/emlekpont.hu\/?p=796","title":{"rendered":"Simon Ferenc, k\u00f6z\u00e9piskolai tan\u00e1r"},"content":{"rendered":"\t\t<div data-elementor-type=\"wp-post\" data-elementor-id=\"796\" class=\"elementor elementor-796\" data-elementor-post-type=\"post\">\n\t\t\t\t\t\t<section class=\"elementor-section elementor-top-section elementor-element elementor-element-d023c20 elementor-section-boxed elementor-section-height-default elementor-section-height-default\" data-id=\"d023c20\" data-element_type=\"section\">\n\t\t\t\t\t\t<div class=\"elementor-container elementor-column-gap-default\">\n\t\t\t\t\t<div class=\"elementor-column elementor-col-100 elementor-top-column elementor-element elementor-element-84663b4\" data-id=\"84663b4\" data-element_type=\"column\">\n\t\t\t<div class=\"elementor-widget-wrap elementor-element-populated\">\n\t\t\t\t\t\t<div class=\"elementor-element elementor-element-7aca1c5 elementor-position-top elementor-widget elementor-widget-image-box\" data-id=\"7aca1c5\" data-element_type=\"widget\" data-widget_type=\"image-box.default\">\n\t\t\t\t<div class=\"elementor-widget-container\">\n\t\t\t<div class=\"elementor-image-box-wrapper\"><figure class=\"elementor-image-box-img\"><img fetchpriority=\"high\" decoding=\"async\" width=\"330\" height=\"400\" src=\"https:\/\/emlekpont.hu\/wp-content\/uploads\/2019\/12\/letrehozok-019.jpg\" class=\"attachment-full size-full wp-image-623\" alt=\"\" srcset=\"https:\/\/emlekpont.hu\/wp-content\/uploads\/2019\/12\/letrehozok-019.jpg 330w, https:\/\/emlekpont.hu\/wp-content\/uploads\/2019\/12\/letrehozok-019-248x300.jpg 248w, https:\/\/emlekpont.hu\/wp-content\/uploads\/2019\/12\/letrehozok-019-230x279.jpg 230w\" sizes=\"(max-width: 330px) 100vw, 330px\" \/><\/figure><div class=\"elementor-image-box-content\"><p class=\"elementor-image-box-description\"><p style=\"text-align: justify\">H\u00f3dmez\u0151v\u00e1s\u00e1rhelyen sz\u00fcletett 1961-ben. A Kossuth Zsuzsanna Finommechanikai \u00e9s M\u0171szaki Szakk\u00f6z\u00e9piskol\u00e1ban \u00e9retts\u00e9gizett 1979-ben, majd a Juh\u00e1sz Gyula Tan\u00e1rk\u00e9pz\u0151 F\u0151iskol\u00e1n tanult tov\u00e1bb, ahol 1984-ben magyar-t\u00f6rt\u00e9nelem szakos \u00e1ltal\u00e1nos iskolai tan\u00e1ri oklevelet kapott. 1984-ben a szegedi J\u00f3zsef Attila Tudom\u00e1nyegyetemen magyar szakos k\u00f6z\u00e9piskolai tan\u00e1ri, majd 1993-ban a Juh\u00e1sz Gyula Tan\u00e1rk\u00e9pz\u0151 F\u0151iskol\u00e1n k\u00f6nyvt\u00e1ros diplom\u00e1t szerzett. 1984-t\u0151l \u00f3raad\u00f3 tan\u00e1r, napk\u00f6zis nevel\u0151. Ut\u00e1na a Bethlen G\u00e1bor Gimn\u00e1zium (1994-t\u0151l Bethlen G\u00e1bor Reform\u00e1tus Gimn\u00e1zium) tan\u00e1ra, 1990 \u00e9s 1995 k\u00f6z\u00f6tt k\u00f6nyvt\u00e1rosa, majd 1995 \u00e9s 1997 k\u00f6z\u00f6tt az int\u00e9zm\u00e9ny igazgat\u00f3ja.\n<\/p><\/div><\/div>\t\t<\/div>\n\t\t\t\t<\/div>\n\t\t\t\t\t<\/div>\n\t\t<\/div>\n\t\t\t\t\t<\/div>\n\t\t<\/section>\n\t\t\t\t<\/div>\n\t\t","protected":false},"excerpt":{"rendered":"<p>H\u00f3dmez\u0151v\u00e1s\u00e1rhelyen sz\u00fcletett 1961-ben. A Kossuth Zsuzsanna Finommechanikai \u00e9s M\u0171szaki Szakk\u00f6z\u00e9piskol\u00e1ban \u00e9retts\u00e9gizett 1979-ben, majd a Juh\u00e1sz Gyula Tan\u00e1rk\u00e9pz\u0151 F\u0151iskol\u00e1n tanult tov\u00e1bb, ahol 1984-ben magyar-t\u00f6rt\u00e9nelem szakos \u00e1ltal\u00e1nos iskolai tan\u00e1ri oklevelet kapott. 1984-ben a szegedi J\u00f3zsef Attila Tudom\u00e1nyegyetemen magyar szakos k\u00f6z\u00e9piskolai tan\u00e1ri, majd 1993-ban a Juh\u00e1sz Gyula Tan\u00e1rk\u00e9pz\u0151 F\u0151iskol\u00e1n k\u00f6nyvt\u00e1ros diplom\u00e1t szerzett. 1984-t\u0151l \u00f3raad\u00f3 tan\u00e1r, napk\u00f6zis nevel\u0151. Ut\u00e1na [&hellip;]<\/p>\n","protected":false},"author":5,"featured_media":0,"comment_status":"closed","ping_status":"closed","sticky":false,"template":"","format":"standard","meta":{"footnotes":""},"categories":[7],"tags":[],"_links":{"self":[{"href":"https:\/\/emlekpont.hu\/index.php?rest_route=\/wp\/v2\/posts\/796"}],"collection":[{"href":"https:\/\/emlekpont.hu\/index.php?rest_route=\/wp\/v2\/posts"}],"about":[{"href":"https:\/\/emlekpont.hu\/index.php?rest_route=\/wp\/v2\/types\/post"}],"author":[{"embeddable":true,"href":"https:\/\/emlekpont.hu\/index.php?rest_route=\/wp\/v2\/users\/5"}],"replies":[{"embeddable":true,"href":"https:\/\/emlekpont.hu\/index.php?rest_route=%2Fwp%2Fv2%2Fcomments&post=796"}],"version-history":[{"count":2,"href":"https:\/\/emlekpont.hu\/index.php?rest_route=\/wp\/v2\/posts\/796\/revisions"}],"predecessor-version":[{"id":798,"href":"https:\/\/emlekpont.hu\/index.php?rest_route=\/wp\/v2\/posts\/796\/revisions\/798"}],"wp:attachment":[{"href":"https:\/\/emlekpont.hu\/index.php?rest_route=%2Fwp%2Fv2%2Fmedia&parent=796"}],"wp:term":[{"taxonomy":"category","embeddable":true,"href":"https:\/\/emlekpont.hu\/index.php?rest_route=%2Fwp%2Fv2%2Fcategories&post=796"},{"taxonomy":"post_tag","embeddable":true,"href":"https:\/\/emlekpont.hu\/index.php?rest_route=%2Fwp%2Fv2%2Ftags&post=796"}],"curies":[{"name":"wp","href":"https:\/\/api.w.org\/{rel}","templated":true}]}}