{"id":792,"date":"2019-12-06T15:22:29","date_gmt":"2019-12-06T15:22:29","guid":{"rendered":"https:\/\/emlekpont.hu\/?p=792"},"modified":"2019-12-06T15:25:12","modified_gmt":"2019-12-06T15:25:12","slug":"szabo-daniel-tanar","status":"publish","type":"post","link":"https:\/\/emlekpont.hu\/?p=792","title":{"rendered":"Szab\u00f3 D\u00e1niel, tan\u00e1r"},"content":{"rendered":"\t\t<div data-elementor-type=\"wp-post\" data-elementor-id=\"792\" class=\"elementor elementor-792\" data-elementor-post-type=\"post\">\n\t\t\t\t\t\t<section class=\"elementor-section elementor-top-section elementor-element elementor-element-d708d34 elementor-section-boxed elementor-section-height-default elementor-section-height-default\" data-id=\"d708d34\" data-element_type=\"section\">\n\t\t\t\t\t\t<div class=\"elementor-container elementor-column-gap-default\">\n\t\t\t\t\t<div class=\"elementor-column elementor-col-100 elementor-top-column elementor-element elementor-element-e694cf9\" data-id=\"e694cf9\" data-element_type=\"column\">\n\t\t\t<div class=\"elementor-widget-wrap elementor-element-populated\">\n\t\t\t\t\t\t<div class=\"elementor-element elementor-element-3bae041 elementor-position-top elementor-widget elementor-widget-image-box\" data-id=\"3bae041\" data-element_type=\"widget\" data-widget_type=\"image-box.default\">\n\t\t\t\t<div class=\"elementor-widget-container\">\n\t\t\t<div class=\"elementor-image-box-wrapper\"><figure class=\"elementor-image-box-img\"><img fetchpriority=\"high\" decoding=\"async\" width=\"330\" height=\"400\" src=\"https:\/\/emlekpont.hu\/wp-content\/uploads\/2019\/12\/letrehozok-022.jpg\" class=\"attachment-full size-full wp-image-626\" alt=\"\" srcset=\"https:\/\/emlekpont.hu\/wp-content\/uploads\/2019\/12\/letrehozok-022.jpg 330w, https:\/\/emlekpont.hu\/wp-content\/uploads\/2019\/12\/letrehozok-022-248x300.jpg 248w, https:\/\/emlekpont.hu\/wp-content\/uploads\/2019\/12\/letrehozok-022-230x279.jpg 230w\" sizes=\"(max-width: 330px) 100vw, 330px\" \/><\/figure><div class=\"elementor-image-box-content\"><p class=\"elementor-image-box-description\"><p style=\"text-align: justify\">1939-ben sz\u00fcletett Medgyesbodz\u00e1son. A b\u00e9k\u00e9scsabai R\u00f3zsa Ferenc Gimn\u00e1ziumban \u00e9retts\u00e9gizett, majd a szegedi Tan\u00e1rk\u00e9pz\u0151 F\u0151iskol\u00e1n, k\u00e9s\u0151bb az MSZMP Politikai F\u0151iskol\u00e1n tanult tov\u00e1bb. Tan\u00e1ri p\u00e1ly\u00e1j\u00e1t a bucsai \u00e1ltal\u00e1nos iskol\u00e1ban kezdte (1959-64), 1964 \u00e9s 65 k\u00f6z\u00f6tt a Csongr\u00e1d megyei Mozi\u00fczemi V\u00e1llalat propaganda csoportvezet\u0151je, 1965-t\u0151l 1966-ig a S\u00e1gv\u00e1ri Endre \u00c1ltal\u00e1nos Iskola tan\u00e1ra. 1966 \u00e9s 1980 k\u00f6z\u00f6tt a h\u00f3dmez\u0151v\u00e1s\u00e1rhelyi MSZMP V\u00e1rosi Bizotts\u00e1g agit\u00e1ci\u00f3s \u00e9s propaganda csoportvezet\u0151je. 1980-t\u00f3l 82-ig a Szobi \u00c1ltal\u00e1nos Iskola \u00e9s Gimn\u00e1zium igazgat\u00f3ja. 1982 \u00e9s 89 k\u00f6z\u00f6tt a J\u00f3zsef Attila \u00c1ltal\u00e1nos Iskola tan\u00e1ra, 1989 \u00e9s 1993 k\u00f6z\u00f6tt a H\u00f3dt\u00f3i \u00c1ltal\u00e1nos Iskola igazgat\u00f3ja.\n<\/p><\/div><\/div>\t\t<\/div>\n\t\t\t\t<\/div>\n\t\t\t\t\t<\/div>\n\t\t<\/div>\n\t\t\t\t\t<\/div>\n\t\t<\/section>\n\t\t\t\t<\/div>\n\t\t","protected":false},"excerpt":{"rendered":"<p>1939-ben sz\u00fcletett Medgyesbodz\u00e1son. A b\u00e9k\u00e9scsabai R\u00f3zsa Ferenc Gimn\u00e1ziumban \u00e9retts\u00e9gizett, majd a szegedi Tan\u00e1rk\u00e9pz\u0151 F\u0151iskol\u00e1n, k\u00e9s\u0151bb az MSZMP Politikai F\u0151iskol\u00e1n tanult tov\u00e1bb. Tan\u00e1ri p\u00e1ly\u00e1j\u00e1t a bucsai \u00e1ltal\u00e1nos iskol\u00e1ban kezdte (1959-64), 1964 \u00e9s 65 k\u00f6z\u00f6tt a Csongr\u00e1d megyei Mozi\u00fczemi V\u00e1llalat propaganda csoportvezet\u0151je, 1965-t\u0151l 1966-ig a S\u00e1gv\u00e1ri Endre \u00c1ltal\u00e1nos Iskola tan\u00e1ra. 1966 \u00e9s 1980 k\u00f6z\u00f6tt a h\u00f3dmez\u0151v\u00e1s\u00e1rhelyi MSZMP [&hellip;]<\/p>\n","protected":false},"author":5,"featured_media":0,"comment_status":"closed","ping_status":"closed","sticky":false,"template":"","format":"standard","meta":{"footnotes":""},"categories":[7],"tags":[],"_links":{"self":[{"href":"https:\/\/emlekpont.hu\/index.php?rest_route=\/wp\/v2\/posts\/792"}],"collection":[{"href":"https:\/\/emlekpont.hu\/index.php?rest_route=\/wp\/v2\/posts"}],"about":[{"href":"https:\/\/emlekpont.hu\/index.php?rest_route=\/wp\/v2\/types\/post"}],"author":[{"embeddable":true,"href":"https:\/\/emlekpont.hu\/index.php?rest_route=\/wp\/v2\/users\/5"}],"replies":[{"embeddable":true,"href":"https:\/\/emlekpont.hu\/index.php?rest_route=%2Fwp%2Fv2%2Fcomments&post=792"}],"version-history":[{"count":4,"href":"https:\/\/emlekpont.hu\/index.php?rest_route=\/wp\/v2\/posts\/792\/revisions"}],"predecessor-version":[{"id":802,"href":"https:\/\/emlekpont.hu\/index.php?rest_route=\/wp\/v2\/posts\/792\/revisions\/802"}],"wp:attachment":[{"href":"https:\/\/emlekpont.hu\/index.php?rest_route=%2Fwp%2Fv2%2Fmedia&parent=792"}],"wp:term":[{"taxonomy":"category","embeddable":true,"href":"https:\/\/emlekpont.hu\/index.php?rest_route=%2Fwp%2Fv2%2Fcategories&post=792"},{"taxonomy":"post_tag","embeddable":true,"href":"https:\/\/emlekpont.hu\/index.php?rest_route=%2Fwp%2Fv2%2Ftags&post=792"}],"curies":[{"name":"wp","href":"https:\/\/api.w.org\/{rel}","templated":true}]}}