{"id":776,"date":"2019-12-06T15:16:59","date_gmt":"2019-12-06T15:16:59","guid":{"rendered":"https:\/\/emlekpont.hu\/?p=776"},"modified":"2019-12-06T15:17:24","modified_gmt":"2019-12-06T15:17:24","slug":"enyedi-zoltan-fotoriporter","status":"publish","type":"post","link":"https:\/\/emlekpont.hu\/?p=776","title":{"rendered":"Enyedi Zolt\u00e1n, fot\u00f3riporter"},"content":{"rendered":"\t\t<div data-elementor-type=\"wp-post\" data-elementor-id=\"776\" class=\"elementor elementor-776\" data-elementor-post-type=\"post\">\n\t\t\t\t\t\t<section class=\"elementor-section elementor-top-section elementor-element elementor-element-12f61e1 elementor-section-boxed elementor-section-height-default elementor-section-height-default\" data-id=\"12f61e1\" data-element_type=\"section\">\n\t\t\t\t\t\t<div class=\"elementor-container elementor-column-gap-default\">\n\t\t\t\t\t<div class=\"elementor-column elementor-col-100 elementor-top-column elementor-element elementor-element-a317a9f\" data-id=\"a317a9f\" data-element_type=\"column\">\n\t\t\t<div class=\"elementor-widget-wrap elementor-element-populated\">\n\t\t\t\t\t\t<div class=\"elementor-element elementor-element-f97da49 elementor-position-top elementor-widget elementor-widget-image-box\" data-id=\"f97da49\" data-element_type=\"widget\" data-widget_type=\"image-box.default\">\n\t\t\t\t<div class=\"elementor-widget-container\">\n\t\t\t<div class=\"elementor-image-box-wrapper\"><figure class=\"elementor-image-box-img\"><img fetchpriority=\"high\" decoding=\"async\" width=\"330\" height=\"400\" src=\"https:\/\/emlekpont.hu\/wp-content\/uploads\/2019\/12\/letrehozok-031.jpg\" class=\"attachment-full size-full wp-image-635\" alt=\"\" srcset=\"https:\/\/emlekpont.hu\/wp-content\/uploads\/2019\/12\/letrehozok-031.jpg 330w, https:\/\/emlekpont.hu\/wp-content\/uploads\/2019\/12\/letrehozok-031-248x300.jpg 248w, https:\/\/emlekpont.hu\/wp-content\/uploads\/2019\/12\/letrehozok-031-230x279.jpg 230w\" sizes=\"(max-width: 330px) 100vw, 330px\" \/><\/figure><div class=\"elementor-image-box-content\"><p class=\"elementor-image-box-description\"><p style=\"text-align: justify\">Mak\u00f3n sz\u00fcletett 1939-ben. Iskol\u00e1it Mak\u00f3n, szakmai ismereteit Budapesten \u00e9s Szegeden szerezte. 1960 \u00e9s 1990 k\u00f6z\u00f6tt a Csongr\u00e1d Megyei H\u00edrlap fot\u00f3riportere. 1990 \u00f3ta is folytatja fot\u00f3riporteri tev\u00e9kenys\u00e9g\u00e9t, orsz\u00e1gos lapoknak k\u00e9sz\u00edt tud\u00f3s\u00edt\u00e1sokat.\n<\/p><\/div><\/div>\t\t<\/div>\n\t\t\t\t<\/div>\n\t\t\t\t\t<\/div>\n\t\t<\/div>\n\t\t\t\t\t<\/div>\n\t\t<\/section>\n\t\t\t\t<\/div>\n\t\t","protected":false},"excerpt":{"rendered":"<p>Mak\u00f3n sz\u00fcletett 1939-ben. Iskol\u00e1it Mak\u00f3n, szakmai ismereteit Budapesten \u00e9s Szegeden szerezte. 1960 \u00e9s 1990 k\u00f6z\u00f6tt a Csongr\u00e1d Megyei H\u00edrlap fot\u00f3riportere. 1990 \u00f3ta is folytatja fot\u00f3riporteri tev\u00e9kenys\u00e9g\u00e9t, orsz\u00e1gos lapoknak k\u00e9sz\u00edt tud\u00f3s\u00edt\u00e1sokat.<\/p>\n","protected":false},"author":5,"featured_media":0,"comment_status":"closed","ping_status":"closed","sticky":false,"template":"","format":"standard","meta":{"footnotes":""},"categories":[7],"tags":[],"_links":{"self":[{"href":"https:\/\/emlekpont.hu\/index.php?rest_route=\/wp\/v2\/posts\/776"}],"collection":[{"href":"https:\/\/emlekpont.hu\/index.php?rest_route=\/wp\/v2\/posts"}],"about":[{"href":"https:\/\/emlekpont.hu\/index.php?rest_route=\/wp\/v2\/types\/post"}],"author":[{"embeddable":true,"href":"https:\/\/emlekpont.hu\/index.php?rest_route=\/wp\/v2\/users\/5"}],"replies":[{"embeddable":true,"href":"https:\/\/emlekpont.hu\/index.php?rest_route=%2Fwp%2Fv2%2Fcomments&post=776"}],"version-history":[{"count":2,"href":"https:\/\/emlekpont.hu\/index.php?rest_route=\/wp\/v2\/posts\/776\/revisions"}],"predecessor-version":[{"id":778,"href":"https:\/\/emlekpont.hu\/index.php?rest_route=\/wp\/v2\/posts\/776\/revisions\/778"}],"wp:attachment":[{"href":"https:\/\/emlekpont.hu\/index.php?rest_route=%2Fwp%2Fv2%2Fmedia&parent=776"}],"wp:term":[{"taxonomy":"category","embeddable":true,"href":"https:\/\/emlekpont.hu\/index.php?rest_route=%2Fwp%2Fv2%2Fcategories&post=776"},{"taxonomy":"post_tag","embeddable":true,"href":"https:\/\/emlekpont.hu\/index.php?rest_route=%2Fwp%2Fv2%2Ftags&post=776"}],"curies":[{"name":"wp","href":"https:\/\/api.w.org\/{rel}","templated":true}]}}