{"id":7701,"date":"2022-02-25T13:00:00","date_gmt":"2022-02-25T13:00:00","guid":{"rendered":"http:\/\/emlekpont.hu\/?p=7701"},"modified":"2022-04-21T13:03:47","modified_gmt":"2022-04-21T13:03:47","slug":"kommunista-diktaturak-aldozatainak-emleknapja-75-eve-tortent-most-fajoan-aktualis","status":"publish","type":"post","link":"https:\/\/emlekpont.hu\/?p=7701","title":{"rendered":"Kommunista diktat\u00far\u00e1k \u00e1ldozatainak eml\u00e9knapja: 75 \u00e9ve t\u00f6rt\u00e9nt \u2013 most f\u00e1j\u00f3an aktu\u00e1lis"},"content":{"rendered":"\n<p><strong>Az Eml\u00e9kpontn\u00e1l is megeml\u00e9keztek a kommunista diktat\u00far\u00e1k \u00e1ldozatainak eml\u00e9knapj\u00e1r\u00f3l, amelynek hivatalos eml\u00e9knapja 2000 \u00f3ta febru\u00e1r 25-\u00e9n van, amikor is Kov\u00e1cs B\u00e9l\u00e1t, az 1945-\u00f6s v\u00e1laszt\u00e1sokon 57%-ot, teh\u00e1t abszol\u00fat t\u00f6bbs\u00e9get szerz\u0151, F\u00fcggetlen Kisgazdap\u00e1rt vezet\u0151j\u00e9t mindenf\u00e9le rend\u0151ri int\u00e9zked\u00e9s n\u00e9lk\u00fcl letart\u00f3ztatt\u00e1k, majd \u00edt\u00e9let n\u00e9lk\u00fcl a Szovjetuni\u00f3ba vitt\u00e9k.<\/strong><\/p>\n\n\n\n<figure class=\"wp-block-embed-wordpress wp-block-embed is-type-wp-embed is-provider-hodpress-hu\"><div class=\"wp-block-embed__wrapper\">\n<blockquote class=\"wp-embedded-content\" data-secret=\"T43i90sens\"><a href=\"https:\/\/www.hodpress.hu\/2022\/02\/25\/kommunista-diktaturak-aldozatainak-emleknapja-75-eve-tortent-most-fajoan-aktualis\/\">Kommunista diktat\u00far\u00e1k \u00e1ldozatainak eml\u00e9knapja: 75 \u00e9ve t\u00f6rt\u00e9nt &#8211; most f\u00e1j\u00f3an aktu\u00e1lis<\/a><\/blockquote><iframe class=\"wp-embedded-content\" sandbox=\"allow-scripts\" security=\"restricted\" style=\"position: absolute; clip: rect(1px, 1px, 1px, 1px);\" title=\"&#8220;Kommunista diktat\u00far\u00e1k \u00e1ldozatainak eml\u00e9knapja: 75 \u00e9ve t\u00f6rt\u00e9nt &#8211; most f\u00e1j\u00f3an aktu\u00e1lis&#8221; &#8212; hodpress.hu\" src=\"https:\/\/www.hodpress.hu\/2022\/02\/25\/kommunista-diktaturak-aldozatainak-emleknapja-75-eve-tortent-most-fajoan-aktualis\/embed\/#?secret=4a9J7BKMZk#?secret=T43i90sens\" data-secret=\"T43i90sens\" width=\"600\" height=\"338\" frameborder=\"0\" marginwidth=\"0\" marginheight=\"0\" scrolling=\"no\"><\/iframe>\n<\/div><\/figure>\n\n\n\n<p class=\"has-text-align-right\">H\u00f3dpress &#8211; 2022. febru\u00e1r 25.<\/p>\n","protected":false},"excerpt":{"rendered":"<p>H\u00f3dmez\u0151v\u00e1s\u00e1rhely Megyei Jog\u00fa V\u00e1ros \u00d6nkorm\u00e1nyazat\u00e1nak megeml\u00e9kez\u00e9se a kommunizmus \u00e1ldozatainak eml\u00e9knapj\u00e1n.<\/p>\n","protected":false},"author":5,"featured_media":7702,"comment_status":"closed","ping_status":"closed","sticky":false,"template":"","format":"standard","meta":{"footnotes":""},"categories":[6],"tags":[],"_links":{"self":[{"href":"https:\/\/emlekpont.hu\/index.php?rest_route=\/wp\/v2\/posts\/7701"}],"collection":[{"href":"https:\/\/emlekpont.hu\/index.php?rest_route=\/wp\/v2\/posts"}],"about":[{"href":"https:\/\/emlekpont.hu\/index.php?rest_route=\/wp\/v2\/types\/post"}],"author":[{"embeddable":true,"href":"https:\/\/emlekpont.hu\/index.php?rest_route=\/wp\/v2\/users\/5"}],"replies":[{"embeddable":true,"href":"https:\/\/emlekpont.hu\/index.php?rest_route=%2Fwp%2Fv2%2Fcomments&post=7701"}],"version-history":[{"count":1,"href":"https:\/\/emlekpont.hu\/index.php?rest_route=\/wp\/v2\/posts\/7701\/revisions"}],"predecessor-version":[{"id":7703,"href":"https:\/\/emlekpont.hu\/index.php?rest_route=\/wp\/v2\/posts\/7701\/revisions\/7703"}],"wp:featuredmedia":[{"embeddable":true,"href":"https:\/\/emlekpont.hu\/index.php?rest_route=\/wp\/v2\/media\/7702"}],"wp:attachment":[{"href":"https:\/\/emlekpont.hu\/index.php?rest_route=%2Fwp%2Fv2%2Fmedia&parent=7701"}],"wp:term":[{"taxonomy":"category","embeddable":true,"href":"https:\/\/emlekpont.hu\/index.php?rest_route=%2Fwp%2Fv2%2Fcategories&post=7701"},{"taxonomy":"post_tag","embeddable":true,"href":"https:\/\/emlekpont.hu\/index.php?rest_route=%2Fwp%2Fv2%2Ftags&post=7701"}],"curies":[{"name":"wp","href":"https:\/\/api.w.org\/{rel}","templated":true}]}}