{"id":7695,"date":"2022-02-25T08:44:00","date_gmt":"2022-02-25T08:44:00","guid":{"rendered":"http:\/\/emlekpont.hu\/?p=7695"},"modified":"2022-04-21T12:49:20","modified_gmt":"2022-04-21T12:49:20","slug":"ismerniuk-kell-a-kommunizmus-borzalmait-a-fiataloknak-miklos-peter-szerint","status":"publish","type":"post","link":"https:\/\/emlekpont.hu\/?p=7695","title":{"rendered":"Ismerni\u00fck kell a kommunizmus borzalmait a fiataloknak Mikl\u00f3s P\u00e9ter szerint"},"content":{"rendered":"\n<p><strong>Ma van a kommunizmus \u00e1ldozatainak eml\u00e9knapja. <\/strong><\/p>\n\n\n\n<p>Mikl\u00f3s P\u00e9ter t\u00f6rt\u00e9n\u00e9sz a R\u00e1di\u00f3 7-nek elmondta: Magyarorsz\u00e1gon 2000-ben nyilv\u00e1n\u00edtotta febru\u00e1r 25-\u00e9t eml\u00e9knapp\u00e1 az Orsz\u00e1ggy\u0171l\u00e9s. Hozz\u00e1tette, vil\u00e1gszerte mintegy 100 milli\u00f3 ember lett a kommunista diktat\u00fara \u00e1ldozata. Magyarorsz\u00e1gon 700 ezer ember ker\u00fclt Gulag-t\u00e1borokba. Mikl\u00f3s P\u00e9ter szerint k\u00f6teless\u00e9g\u00fcnk, hogy a fiatalok szem\u00e9lyes p\u00e9ld\u00e1k \u00e9s t\u00f6rt\u00e9netek \u00e1ltal megismerj\u00e9k az akkori esem\u00e9nyeket.<\/p>\n\n\n\n<blockquote class=\"wp-block-quote is-layout-flow wp-block-quote-is-layout-flow\"><p><em>\u00a0\u201eB\u00e1r r\u00e9gen v\u00e9get \u00e9rt a diktat\u00fara, de az\u00e9rt a mindennapokban, a t\u00e1rgyi kult\u00far\u00e1ban, fot\u00f3albumokban jelen van \u00e9s k\u00f6nnyen el\u00e9rhet\u0151. A mi felel\u0151ss\u00e9g\u00fcnk az, hogy megfelel\u0151 m\u00f3don, interakt\u00edv eszk\u00f6z\u00f6kkel \u00e9s \u00e9lm\u00e9nyalapon azt a vil\u00e1got \u00e9s annak borzalmait adjuk tov\u00e1bb. Az\u00e9rt, hogy a fiatalok megszerezzenek egy olyat tud\u00e1st, ami \u00e1ltal semmilyen demag\u00f3gia vagy diktat\u00fara ir\u00e1nt nem lesznek fog\u00e9konyak\u201d <\/em><br><\/p><cite>\u2013 fejtette ki Mikl\u00f3s P\u00e9ter.<\/cite><\/blockquote>\n","protected":false},"excerpt":{"rendered":"<p>A R\u00e1di\u00f37-nek nyilatkozott Dr. Mikl\u00f3s P\u00e9ter t\u00f6rt\u00e9n\u00e9sz, az Eml\u00e9kpont szakmai tan\u00e1csad\u00f3ja a kommunizmus \u00e1ldozatainak eml\u00e9knapja alkalm\u00e1b\u00f3l.<\/p>\n","protected":false},"author":5,"featured_media":7456,"comment_status":"closed","ping_status":"closed","sticky":false,"template":"","format":"standard","meta":{"footnotes":""},"categories":[6],"tags":[],"_links":{"self":[{"href":"https:\/\/emlekpont.hu\/index.php?rest_route=\/wp\/v2\/posts\/7695"}],"collection":[{"href":"https:\/\/emlekpont.hu\/index.php?rest_route=\/wp\/v2\/posts"}],"about":[{"href":"https:\/\/emlekpont.hu\/index.php?rest_route=\/wp\/v2\/types\/post"}],"author":[{"embeddable":true,"href":"https:\/\/emlekpont.hu\/index.php?rest_route=\/wp\/v2\/users\/5"}],"replies":[{"embeddable":true,"href":"https:\/\/emlekpont.hu\/index.php?rest_route=%2Fwp%2Fv2%2Fcomments&post=7695"}],"version-history":[{"count":1,"href":"https:\/\/emlekpont.hu\/index.php?rest_route=\/wp\/v2\/posts\/7695\/revisions"}],"predecessor-version":[{"id":7696,"href":"https:\/\/emlekpont.hu\/index.php?rest_route=\/wp\/v2\/posts\/7695\/revisions\/7696"}],"wp:featuredmedia":[{"embeddable":true,"href":"https:\/\/emlekpont.hu\/index.php?rest_route=\/wp\/v2\/media\/7456"}],"wp:attachment":[{"href":"https:\/\/emlekpont.hu\/index.php?rest_route=%2Fwp%2Fv2%2Fmedia&parent=7695"}],"wp:term":[{"taxonomy":"category","embeddable":true,"href":"https:\/\/emlekpont.hu\/index.php?rest_route=%2Fwp%2Fv2%2Fcategories&post=7695"},{"taxonomy":"post_tag","embeddable":true,"href":"https:\/\/emlekpont.hu\/index.php?rest_route=%2Fwp%2Fv2%2Ftags&post=7695"}],"curies":[{"name":"wp","href":"https:\/\/api.w.org\/{rel}","templated":true}]}}