{"id":7693,"date":"2022-02-25T08:35:00","date_gmt":"2022-02-25T08:35:00","guid":{"rendered":"http:\/\/emlekpont.hu\/?p=7693"},"modified":"2022-04-21T12:43:54","modified_gmt":"2022-04-21T12:43:54","slug":"makot-szalltak-meg-a-kommunistak-elsokent-a-del-alfoldi-varosok-kozul","status":"publish","type":"post","link":"https:\/\/emlekpont.hu\/?p=7693","title":{"rendered":"Mak\u00f3t sz\u00e1llt\u00e1k meg a kommunist\u00e1k els\u0151k\u00e9nt a d\u00e9l-alf\u00f6ldi v\u00e1rosok k\u00f6z\u00fcl"},"content":{"rendered":"\n<p><strong>T\u00f6bb mint k\u00e9t \u00e9vtizede minden \u00e9v febru\u00e1r 25-\u00e9n eml\u00e9kez\u00fcnk a kommunista diktat\u00far\u00e1k \u00e1ldozataira. Az eml\u00e9knapr\u00f3l \u00e9s arr\u00f3l, hogy kik tekinthet\u0151ek a kommunizmus \u00e1ldozatainak, Mikl\u00f3s P\u00e9ter t\u00f6rt\u00e9n\u00e9sszel besz\u00e9lgett\u00fcnk.<\/strong><\/p>\n\n\n\n<p><a href=\"https:\/\/www.delmagyar.hu\/vezeto-hirek\/2022\/02\/makot-szalltak-meg-a-kommunistak-elsokent-a-del-alfoldi-varosok-kozul\">https:\/\/www.delmagyar.hu\/vezeto-hirek\/2022\/02\/makot-szalltak-meg-a-kommunistak-elsokent-a-del-alfoldi-varosok-kozul<\/a><\/p>\n\n\n\n<p>[&#8230;] Az \u00e1llamszocializmus kor\u00e1t bemutat\u00f3 egyetlen vid\u00e9ki m\u00fa\u00ad\u00adzeum \u00e9s kutat\u00f3k\u00f6zpont, a v\u00e1\u00ads\u00e1rhelyi Eml\u00e9kpont munkat\u00e1rsa szerint az 1940-es, 50-es \u00e9vek fordul\u00f3j\u00e1n orsz\u00e1gszerte sz\u00e1mos helyen felbukkan\u00f3 kommunistaellenes illeg\u00e1lis mozgalmak k\u00f6z\u00fcl az egyik legnagyobb l\u00e9tsz\u00e1m\u00fa volt a H\u00f3dmez\u0151v\u00e1s\u00e1rhely k\u00f6rny\u00e9\u00ad\u00adki kiterjedt tanyavil\u00e1gban m\u0171k\u00f6d\u0151 Feh\u00e9r G\u00e1rda. Ennek tags\u00e1g\u00e1b\u00f3l \u2013 a f\u00f6lsz\u00e1mol\u00e1sa idej\u00e9n \u2013 a rend\u0151rs\u00e9g t\u00f6bb mint h\u00e1romsz\u00e1z szem\u00e9lyt azonos\u00edtott, de a szervezettel kapcsolatot tart\u00f3k sz\u00e1ma el\u00e9rhette az ezer f\u0151t is.\u00a0<\/p>\n\n\n\n<p>R\u00e1mutatott, a magyar tanyai lakoss\u00e1g sem ideol\u00f3giai, p\u00e9ld\u00e1ul a vall\u00e1s\u00fcld\u00f6z\u00e9s miatt, sem gazdas\u00e1gi szempontb\u00f3l nem tudott azonosulni a kommunista rezsimmel. Emiatt fo\u00ad\u00adg\u00e9kony volt a rendszerellenes szervezked\u00e9sekre, \u00e9s a Feh\u00e9r G\u00e1rda k\u00edn\u00e1lta ellen\u00e1ll\u00e1si lehet\u0151s\u00e9get el tudta helyezni saj\u00e1t t\u00f6rekv\u00e9seinek k\u00f6r\u00e9ben.&nbsp;<\/p>\n\n\n\n<blockquote class=\"wp-block-quote is-layout-flow wp-block-quote-is-layout-flow\"><p><em>\u2013 A Feh\u00e9r G\u00e1rda mozgalmat, amelynek tagjai t\u00f6bbsz\u00f6r vettek r\u00e9szt k\u00f6z\u00f6s gyakorlatokon, kv\u00e1zi alaki kik\u00e9pz\u00e9seken, Kov\u00e1cs Istv\u00e1n \u00e9s Blah\u00f3 J\u00e1nos ir\u00e1ny\u00edtotta. El\u0151bbi a H\u00f3dmez\u0151v\u00e1s\u00e1rhely \u00e9s Orosh\u00e1za k\u00f6z\u00f6tti tanyavil\u00e1g n\u00e9p\u00e9t fogta \u00f6ssze, m\u00edg ut\u00f3bbi az ottani fegyveres ellen\u00e1ll\u00e1si t\u00f6rekv\u00e9sek kezdem\u00e9nyez\u0151je \u00e9s szervez\u0151je volt <\/em><br><\/p><cite><em>\u2013\u00a0<\/em>mondta el Mikl\u00f3s P\u00e9ter.\u00a0<\/cite><\/blockquote>\n\n\n\n<p>A szakember besz\u00e1molt ar\u00ad\u00adr\u00f3l is, hogy a Feh\u00e9r G\u00e1rda mozgalom 1950-es felsz\u00e1mol\u00e1s\u00e1t k\u00f6vet\u0151en k\u00e9t vezet\u0151j\u00e9t kiv\u00e9gezt\u00e9k Szegeden, 1951. m\u00e1rcius 30-\u00e1n. Megjegyezte, jellemz\u0151 a kommunista diktat\u00fara vil\u00e1g\u00e1ra, hogy csal\u00e1djuk nem adhatta meg nekik a v\u00e9gtisztess\u00e9get, a kiv\u00e9gzettek tetemeit ugyanis \u00e1tadt\u00e1k a szegedi egyetem k\u00f3rbonctani int\u00e9zet\u00e9nek.<\/p>\n\n\n\n<p class=\"has-text-align-right\">D\u00e9lmagyarorsz\u00e1g \/ delmagyar.hu &#8211; 2022. febru\u00e1r 24.<\/p>\n","protected":false},"excerpt":{"rendered":"<p>A kommunizmus \u00e1ldozatainak eml\u00e9knapj\u00e1hoz kapcsol\u00f3d\u00f3an k\u00e9sz\u00edtett interj\u00fat a D\u00e9lmagyarorsz\u00e1g napilap Dr. Mikl\u00f3s P\u00e9ter t\u00f6rt\u00e9n\u00e9sszel, az Eml\u00e9kpont szakmai tan\u00e1csad\u00f3j\u00e1val. <\/p>\n","protected":false},"author":5,"featured_media":7121,"comment_status":"closed","ping_status":"closed","sticky":false,"template":"","format":"standard","meta":{"footnotes":""},"categories":[6],"tags":[],"_links":{"self":[{"href":"https:\/\/emlekpont.hu\/index.php?rest_route=\/wp\/v2\/posts\/7693"}],"collection":[{"href":"https:\/\/emlekpont.hu\/index.php?rest_route=\/wp\/v2\/posts"}],"about":[{"href":"https:\/\/emlekpont.hu\/index.php?rest_route=\/wp\/v2\/types\/post"}],"author":[{"embeddable":true,"href":"https:\/\/emlekpont.hu\/index.php?rest_route=\/wp\/v2\/users\/5"}],"replies":[{"embeddable":true,"href":"https:\/\/emlekpont.hu\/index.php?rest_route=%2Fwp%2Fv2%2Fcomments&post=7693"}],"version-history":[{"count":1,"href":"https:\/\/emlekpont.hu\/index.php?rest_route=\/wp\/v2\/posts\/7693\/revisions"}],"predecessor-version":[{"id":7694,"href":"https:\/\/emlekpont.hu\/index.php?rest_route=\/wp\/v2\/posts\/7693\/revisions\/7694"}],"wp:featuredmedia":[{"embeddable":true,"href":"https:\/\/emlekpont.hu\/index.php?rest_route=\/wp\/v2\/media\/7121"}],"wp:attachment":[{"href":"https:\/\/emlekpont.hu\/index.php?rest_route=%2Fwp%2Fv2%2Fmedia&parent=7693"}],"wp:term":[{"taxonomy":"category","embeddable":true,"href":"https:\/\/emlekpont.hu\/index.php?rest_route=%2Fwp%2Fv2%2Fcategories&post=7693"},{"taxonomy":"post_tag","embeddable":true,"href":"https:\/\/emlekpont.hu\/index.php?rest_route=%2Fwp%2Fv2%2Ftags&post=7693"}],"curies":[{"name":"wp","href":"https:\/\/api.w.org\/{rel}","templated":true}]}}