{"id":7690,"date":"2022-02-24T12:27:00","date_gmt":"2022-02-24T12:27:00","guid":{"rendered":"http:\/\/emlekpont.hu\/?p=7690"},"modified":"2022-04-21T12:33:33","modified_gmt":"2022-04-21T12:33:33","slug":"irodalomora-az-emlekpontban","status":"publish","type":"post","link":"https:\/\/emlekpont.hu\/?p=7690","title":{"rendered":"Irodalom\u00f3ra az Eml\u00e9kpontban"},"content":{"rendered":"\n<p><strong>Felel\u0151ss\u00e9ggel a m\u00falt\u00e9rt \u00e9s a jelen\u00e9rt c\u00edmmel tartott rendhagy\u00f3 irodalom\u00f3r\u00e1t a v\u00e1s\u00e1rhelyi Bethlen-gimn\u00e1zium 11. oszt\u00e1lyos di\u00e1kjainak Mikl\u00f3s P\u00e9ter eszmet\u00f6rt\u00e9n\u00e9sz, c\u00edmzetes egyetemi tan\u00e1r szerda d\u00e9lel\u0151tt az Eml\u00e9kpontban.<\/strong><\/p>\n\n\n\n<blockquote class=\"wp-block-quote is-layout-flow wp-block-quote-is-layout-flow\"><p>A magyars\u00e1g sorsa, mindennapjai, vagy \u00e9ppen t\u00f6rt\u00e9net\u00edr\u00f3i \u00fatja \u00e9s t\u00e9v\u00fatjai foglalkoztatt\u00e1k \u0151t, t\u00f6rt\u00e9nelmi dr\u00e1m\u00e1iban, t\u00e1rsadalmi reg\u00e9nyeiben. Olyan k\u00e9rd\u00e9sek ir\u00e1nt volt fog\u00e9kony, mint a n\u0151szerep alakul\u00e1sa a t\u00f6rt\u00e9nelem sor\u00e1n, vagy \u00e9ppen saj\u00e1t kor\u00e1ban. Ilyen n\u0151i sors a huszadik sz\u00e1zad viharaiban p\u00e9ld\u00e1ul a v\u00e1s\u00e1rhelyi ihletetts\u00e9g\u0171 \u00c9get\u0151 Eszter.\u00a0<\/p><\/blockquote>\n\n\n\n<p><a href=\"https:\/\/www.delmagyar.hu\/helyi-kultura\/2022\/02\/irodalomora-az-emlekpontban\">https:\/\/www.delmagyar.hu\/helyi-kultura\/2022\/02\/irodalomora-az-emlekpontban<\/a><\/p>\n\n\n\n<p class=\"has-text-align-right\">D\u00e9lmagyarorsz\u00e1g \/ delmagyar.hu &#8211; 2022. febru\u00e1r 24.<\/p>\n","protected":false},"excerpt":{"rendered":"<p>A Magyar Sz\u00e9ppr\u00f3za Napj\u00e1hoz kapcsol\u00f3d\u00f3an N\u00e9meth L\u00e1szl\u00f3 alkot\u00f3i vil\u00e1g\u00e1r\u00f3l tartott el\u0151ad\u00e1sr\u00f3l sz\u00e1molt be a D\u00e9lmagyarorsz\u00e1g napilap.<\/p>\n","protected":false},"author":5,"featured_media":7691,"comment_status":"closed","ping_status":"closed","sticky":false,"template":"","format":"standard","meta":{"footnotes":""},"categories":[6],"tags":[],"_links":{"self":[{"href":"https:\/\/emlekpont.hu\/index.php?rest_route=\/wp\/v2\/posts\/7690"}],"collection":[{"href":"https:\/\/emlekpont.hu\/index.php?rest_route=\/wp\/v2\/posts"}],"about":[{"href":"https:\/\/emlekpont.hu\/index.php?rest_route=\/wp\/v2\/types\/post"}],"author":[{"embeddable":true,"href":"https:\/\/emlekpont.hu\/index.php?rest_route=\/wp\/v2\/users\/5"}],"replies":[{"embeddable":true,"href":"https:\/\/emlekpont.hu\/index.php?rest_route=%2Fwp%2Fv2%2Fcomments&post=7690"}],"version-history":[{"count":1,"href":"https:\/\/emlekpont.hu\/index.php?rest_route=\/wp\/v2\/posts\/7690\/revisions"}],"predecessor-version":[{"id":7692,"href":"https:\/\/emlekpont.hu\/index.php?rest_route=\/wp\/v2\/posts\/7690\/revisions\/7692"}],"wp:featuredmedia":[{"embeddable":true,"href":"https:\/\/emlekpont.hu\/index.php?rest_route=\/wp\/v2\/media\/7691"}],"wp:attachment":[{"href":"https:\/\/emlekpont.hu\/index.php?rest_route=%2Fwp%2Fv2%2Fmedia&parent=7690"}],"wp:term":[{"taxonomy":"category","embeddable":true,"href":"https:\/\/emlekpont.hu\/index.php?rest_route=%2Fwp%2Fv2%2Fcategories&post=7690"},{"taxonomy":"post_tag","embeddable":true,"href":"https:\/\/emlekpont.hu\/index.php?rest_route=%2Fwp%2Fv2%2Ftags&post=7690"}],"curies":[{"name":"wp","href":"https:\/\/api.w.org\/{rel}","templated":true}]}}