{"id":7687,"date":"2022-04-16T15:34:00","date_gmt":"2022-04-16T15:34:00","guid":{"rendered":"http:\/\/emlekpont.hu\/?p=7687"},"modified":"2022-04-19T03:39:40","modified_gmt":"2022-04-19T03:39:40","slug":"a-zsido-kulturaval-ismerkedtek","status":"publish","type":"post","link":"https:\/\/emlekpont.hu\/?p=7687","title":{"rendered":"A zsid\u00f3 kult\u00far\u00e1val ismerkedtek"},"content":{"rendered":"\n<p><strong>A zsid\u00f3 vall\u00e1s, mindennapi \u00e9let \u00e9s mentalit\u00e1s vil\u00e1g\u00e1ba pillanthattak be a di\u00e1kok a holokauszt magyarorsz\u00e1gi \u00e1ldozatainak eml\u00e9knapj\u00e1hoz kapcsol\u00f3d\u00f3 rendhagy\u00f3 \u00f3r\u00e1kon.<\/strong><\/p>\n\n\n\n<p>A holokauszt magyarorsz\u00e1gi \u00e1ldozatainak eml\u00e9knapj\u00e1hoz kapcsol\u00f3d\u00f3an szerveztek tematikus t\u00e1rlatvezet\u00e9seket \u00e9s rendhagy\u00f3 \u00f3r\u00e1kat a v\u00e1s\u00e1rhelyi m\u00fazeum fenntart\u00e1s\u00e1ban m\u0171k\u00f6d\u0151 Magyar Trag\u00e9dia 1944 Ki\u00e1ll\u00edt\u00f3helyen \u00e9s a zsinag\u00f3g\u00e1ban.<\/p>\n\n\n\n<p><a href=\"https:\/\/www.delmagyar.hu\/helyi-kultura\/2022\/04\/a-zsido-kulturaval-ismerkedtek\">https:\/\/www.delmagyar.hu\/helyi-kultura\/2022\/04\/a-zsido-kulturaval-ismerkedtek<\/a><\/p>\n\n\n\n<p class=\"has-text-align-right\">D\u00e9lmagyarorsz\u00e1g \/ delmagyar.hu &#8211; 2022. \u00e1prilis 16.<\/p>\n","protected":false},"excerpt":{"rendered":"<p>Eml\u00e9keztek \u00e9s \u00e9rt\u00e9kekkel szembes\u00fcltek a di\u00e1kok<\/p>\n","protected":false},"author":5,"featured_media":7688,"comment_status":"closed","ping_status":"closed","sticky":false,"template":"","format":"standard","meta":{"footnotes":""},"categories":[6],"tags":[],"_links":{"self":[{"href":"https:\/\/emlekpont.hu\/index.php?rest_route=\/wp\/v2\/posts\/7687"}],"collection":[{"href":"https:\/\/emlekpont.hu\/index.php?rest_route=\/wp\/v2\/posts"}],"about":[{"href":"https:\/\/emlekpont.hu\/index.php?rest_route=\/wp\/v2\/types\/post"}],"author":[{"embeddable":true,"href":"https:\/\/emlekpont.hu\/index.php?rest_route=\/wp\/v2\/users\/5"}],"replies":[{"embeddable":true,"href":"https:\/\/emlekpont.hu\/index.php?rest_route=%2Fwp%2Fv2%2Fcomments&post=7687"}],"version-history":[{"count":1,"href":"https:\/\/emlekpont.hu\/index.php?rest_route=\/wp\/v2\/posts\/7687\/revisions"}],"predecessor-version":[{"id":7689,"href":"https:\/\/emlekpont.hu\/index.php?rest_route=\/wp\/v2\/posts\/7687\/revisions\/7689"}],"wp:featuredmedia":[{"embeddable":true,"href":"https:\/\/emlekpont.hu\/index.php?rest_route=\/wp\/v2\/media\/7688"}],"wp:attachment":[{"href":"https:\/\/emlekpont.hu\/index.php?rest_route=%2Fwp%2Fv2%2Fmedia&parent=7687"}],"wp:term":[{"taxonomy":"category","embeddable":true,"href":"https:\/\/emlekpont.hu\/index.php?rest_route=%2Fwp%2Fv2%2Fcategories&post=7687"},{"taxonomy":"post_tag","embeddable":true,"href":"https:\/\/emlekpont.hu\/index.php?rest_route=%2Fwp%2Fv2%2Ftags&post=7687"}],"curies":[{"name":"wp","href":"https:\/\/api.w.org\/{rel}","templated":true}]}}