{"id":7683,"date":"2022-02-23T18:57:00","date_gmt":"2022-02-23T18:57:00","guid":{"rendered":"http:\/\/emlekpont.hu\/?p=7683"},"modified":"2022-04-14T12:59:40","modified_gmt":"2022-04-14T12:59:40","slug":"nemeth-laszlo-a-minoseg-elkotelezettje","status":"publish","type":"post","link":"https:\/\/emlekpont.hu\/?p=7683","title":{"rendered":"N\u00e9meth L\u00e1szl\u00f3 a min\u0151s\u00e9g elk\u00f6telezettje"},"content":{"rendered":"\n<p>A min\u0151s\u00e9g elk\u00f6telezettje volt N\u00e9meth L\u00e1szl\u00f3, akinek alkot\u00f3i vil\u00e1g\u00e1ban mer\u00fclhettek el a Reform\u00e1tus Gimn\u00e1zium tanul\u00f3i a magyar sz\u00e9ppr\u00f3za napj\u00e1hoz kapcsol\u00f3d\u00f3an. Az Eml\u00e9kpontban Mikl\u00f3s P\u00e9ter szakmai tan\u00e1csad\u00f3 vette g\u00f3rcs\u0151 al\u00e1 az \u00edr\u00f3 munk\u00e1ss\u00e1g\u00e1t, aki kit\u00e9rt a v\u00e1s\u00e1rhelyi ihlet\u00e9s\u0171 m\u0171vekre, amelyek aktu\u00e1lisabbak, mint valaha.\u00a0 \u00a0<\/p>\n\n\n\n<p><a href=\"https:\/\/www.facebook.com\/vtvvasarhely\/videos\/510634960494730\">https:\/\/www.facebook.com\/vtvvasarhely\/videos\/510634960494730<\/a><\/p>\n\n\n\n<p class=\"has-text-align-right\">V\u00e1s\u00e1rhelyi Telev\u00edzi\u00f3 &#8211; 2022. febru\u00e1r 23.<\/p>\n","protected":false},"excerpt":{"rendered":"<p>N\u00e9meth L\u00e1szl\u00f3 alkot\u00f3i vil\u00e1g\u00e1r\u00f3l tartott el\u0151ad\u00e1sr\u00f3l sz\u00e1molt be a V\u00e1s\u00e1rhelyi Telev\u00edzi\u00f3.<\/p>\n","protected":false},"author":5,"featured_media":7684,"comment_status":"closed","ping_status":"closed","sticky":false,"template":"","format":"standard","meta":{"footnotes":""},"categories":[6],"tags":[],"_links":{"self":[{"href":"https:\/\/emlekpont.hu\/index.php?rest_route=\/wp\/v2\/posts\/7683"}],"collection":[{"href":"https:\/\/emlekpont.hu\/index.php?rest_route=\/wp\/v2\/posts"}],"about":[{"href":"https:\/\/emlekpont.hu\/index.php?rest_route=\/wp\/v2\/types\/post"}],"author":[{"embeddable":true,"href":"https:\/\/emlekpont.hu\/index.php?rest_route=\/wp\/v2\/users\/5"}],"replies":[{"embeddable":true,"href":"https:\/\/emlekpont.hu\/index.php?rest_route=%2Fwp%2Fv2%2Fcomments&post=7683"}],"version-history":[{"count":1,"href":"https:\/\/emlekpont.hu\/index.php?rest_route=\/wp\/v2\/posts\/7683\/revisions"}],"predecessor-version":[{"id":7685,"href":"https:\/\/emlekpont.hu\/index.php?rest_route=\/wp\/v2\/posts\/7683\/revisions\/7685"}],"wp:featuredmedia":[{"embeddable":true,"href":"https:\/\/emlekpont.hu\/index.php?rest_route=\/wp\/v2\/media\/7684"}],"wp:attachment":[{"href":"https:\/\/emlekpont.hu\/index.php?rest_route=%2Fwp%2Fv2%2Fmedia&parent=7683"}],"wp:term":[{"taxonomy":"category","embeddable":true,"href":"https:\/\/emlekpont.hu\/index.php?rest_route=%2Fwp%2Fv2%2Fcategories&post=7683"},{"taxonomy":"post_tag","embeddable":true,"href":"https:\/\/emlekpont.hu\/index.php?rest_route=%2Fwp%2Fv2%2Ftags&post=7683"}],"curies":[{"name":"wp","href":"https:\/\/api.w.org\/{rel}","templated":true}]}}