{"id":7680,"date":"2022-02-20T14:53:00","date_gmt":"2022-02-20T14:53:00","guid":{"rendered":"http:\/\/emlekpont.hu\/?p=7680"},"modified":"2022-04-14T12:56:36","modified_gmt":"2022-04-14T12:56:36","slug":"vasarhelyen-es-szegeden-is-lesznek-meg-szepproza-napi-rendezvenyek","status":"publish","type":"post","link":"https:\/\/emlekpont.hu\/?p=7680","title":{"rendered":"V\u00e1s\u00e1rhelyen \u00e9s Szegeden is lesznek m\u00e9g Sz\u00e9ppr\u00f3za-napi rendezv\u00e9nyek"},"content":{"rendered":"\n<p><strong>A k\u00f6vetkez\u0151 h\u00e9ten is t\u00f6bb rendezv\u00e9nyt tartanak a megy\u00e9ben a Magyar Sz\u00e9ppr\u00f3za Napj\u00e1hoz k\u00f6t\u0151d\u0151en. <\/strong><\/p>\n\n\n\n<p>Bene Zolt\u00e1n, a Magyar \u00cdr\u00f3sz\u00f6vets\u00e9g Csongr\u00e1d-Csan\u00e1d megyei \u00cdr\u00f3csoportj\u00e1nak eln\u00f6ke h\u00edrm\u0171sorunknak elmondta, h\u00e9tf\u0151n a szegedi Somogyi-k\u00f6nyvt\u00e1rban a Holl\u00f3k gyomra \u00e9s a Farkascseresznye c\u00edm\u0171 reg\u00e9nyei kapcs\u00e1n \u0151 maga is r\u00e9szt vesz egy besz\u00e9lget\u00e9sen, de a h\u00f3dmez\u0151v\u00e1s\u00e1rhelyi Eml\u00e9kpontba is szerveznek programot.<\/p>\n\n\n\n<blockquote class=\"wp-block-quote is-layout-flow wp-block-quote-is-layout-flow\"><p>\u201eFebru\u00e1r 23-\u00e1n lesz egy rendhagy\u00f3 irodalom\u00f3ra H\u00f3dmez\u0151v\u00e1s\u00e1rhelyen, az Eml\u00e9kpontban, Mikl\u00f3s P\u00e9ter tartja majd \u00e9s N\u00e9meth L\u00e1szl\u00f3 pr\u00f3z\u00e1j\u00e1r\u00f3l fog besz\u00e9lni a di\u00e1koknak. Ugyanezen a napon lesz Szegeden is egy rendezv\u00e9ny a Borh\u00e1l\u00f3ban a Guttenberg utc\u00e1ban, Pr\u00f3za\u00edr\u00f3 Kerekasztal c\u00edmmel, ahol Di\u00f3szegi Szab\u00f3 P\u00e1l moder\u00e1l\u00e1s\u00e1val, h\u00e1rman besz\u00e9lget\u00fcnk Szekeres S\u00e1ndor G\u00e1borral \u00e9s B\u00e1tyi Zolt\u00e1nnal\u201d<br> \u2013 fogalmazott Bene Zolt\u00e1n.<\/p><\/blockquote>\n\n\n\n<p class=\"has-text-align-right\"><a href=\"https:\/\/radio7.hu\/vasarhelyen-es-szegeden-is-lesznek-meg-szepproza-napi-rendezvenyek\">R\u00e1di\u00f37<\/a> &#8211; 2022. febru\u00e1r 20.<\/p>\n","protected":false},"excerpt":{"rendered":"<p>A R\u00e1di\u00f37 el\u0151zetese a Magyar Sz\u00e9ppr\u00f3za Napja h\u00f3dmez\u0151v\u00e1s\u00e1rhelyi esem\u00e9ny\u00e9r\u0151l.<\/p>\n","protected":false},"author":5,"featured_media":7681,"comment_status":"closed","ping_status":"closed","sticky":false,"template":"","format":"standard","meta":{"footnotes":""},"categories":[6],"tags":[],"_links":{"self":[{"href":"https:\/\/emlekpont.hu\/index.php?rest_route=\/wp\/v2\/posts\/7680"}],"collection":[{"href":"https:\/\/emlekpont.hu\/index.php?rest_route=\/wp\/v2\/posts"}],"about":[{"href":"https:\/\/emlekpont.hu\/index.php?rest_route=\/wp\/v2\/types\/post"}],"author":[{"embeddable":true,"href":"https:\/\/emlekpont.hu\/index.php?rest_route=\/wp\/v2\/users\/5"}],"replies":[{"embeddable":true,"href":"https:\/\/emlekpont.hu\/index.php?rest_route=%2Fwp%2Fv2%2Fcomments&post=7680"}],"version-history":[{"count":1,"href":"https:\/\/emlekpont.hu\/index.php?rest_route=\/wp\/v2\/posts\/7680\/revisions"}],"predecessor-version":[{"id":7682,"href":"https:\/\/emlekpont.hu\/index.php?rest_route=\/wp\/v2\/posts\/7680\/revisions\/7682"}],"wp:featuredmedia":[{"embeddable":true,"href":"https:\/\/emlekpont.hu\/index.php?rest_route=\/wp\/v2\/media\/7681"}],"wp:attachment":[{"href":"https:\/\/emlekpont.hu\/index.php?rest_route=%2Fwp%2Fv2%2Fmedia&parent=7680"}],"wp:term":[{"taxonomy":"category","embeddable":true,"href":"https:\/\/emlekpont.hu\/index.php?rest_route=%2Fwp%2Fv2%2Fcategories&post=7680"},{"taxonomy":"post_tag","embeddable":true,"href":"https:\/\/emlekpont.hu\/index.php?rest_route=%2Fwp%2Fv2%2Ftags&post=7680"}],"curies":[{"name":"wp","href":"https:\/\/api.w.org\/{rel}","templated":true}]}}