{"id":7648,"date":"2021-10-23T14:36:00","date_gmt":"2021-10-23T14:36:00","guid":{"rendered":"http:\/\/emlekpont.hu\/?p=7648"},"modified":"2021-10-26T02:38:47","modified_gmt":"2021-10-26T02:38:47","slug":"napjainkban-is-jelen-van-1956-szellemisege","status":"publish","type":"post","link":"https:\/\/emlekpont.hu\/?p=7648","title":{"rendered":"Napjainkban is jelen van 1956 szellemis\u00e9ge"},"content":{"rendered":"\n<p>A h\u00f3dmez\u0151v\u00e1s\u00e1rhelyi Eml\u00e9kpont szakmai tan\u00e1csad\u00f3ja szerint a 65 \u00e9vvel ezel\u0151tt t\u00f6rt\u00e9ntek mai \u00fczenete az, hogy a kitart\u00f3 k\u00fczdelem a magyars\u00e1g\u00e9rt soha nem lehet hi\u00e1baval\u00f3. A t\u00f6rt\u00e9n\u00e9sz hozz\u00e1tette: a forradalom ugyan elbukott, de 33 \u00e9vvel k\u00e9s\u0151bb ugyanezen a napon megsz\u00fcletett a demokratikus k\u00f6zt\u00e1rsas\u00e1g.<\/p>\n\n\n\n<blockquote class=\"wp-block-quote is-layout-flow wp-block-quote-is-layout-flow\"><p>\u201eNagy felel\u0151ss\u00e9g az, hogy sz\u00f3laltassuk meg azokat az \u201956-osokat, akik m\u00e9g k\u00f6zt\u00fcnk vannak. \u00c9bren kell tartanunk azt a gondolatot, hogy nem t\u00f6r\u0151dhet\u00fcnk bele semmilyen diktat\u00far\u00e1ba, idegen megsz\u00e1ll\u00e1sba, \u00e9s azt, hogy az emberi min\u0151s\u00e9get, az eur\u00f3pai \u00e9rt\u00e9krendet \u00e9s a magyar nemzeti t\u00f6rekv\u00e9seket minden nemzed\u00e9knek fel kell v\u00e1llalnia\u201d <\/p><cite>\u2013 fejtette ki Mikl\u00f3s P\u00e9ter.<\/cite><\/blockquote>\n\n\n\n<p class=\"has-text-align-right\"><a href=\"https:\/\/radio7.hu\/miklos-peter-szerint-napjainkban-is-jelen-van-1956-szellemisege\">R\u00e1di\u00f37 <\/a>&#8211; 2021. okt\u00f3ber 23.<\/p>\n","protected":false},"excerpt":{"rendered":"<p>Napjainkban is jelen van az 1956-os forradalom \u00e9s szabads\u00e1gharc szellemis\u00e9ge, a magyar szabads\u00e1g\u00e9rt val\u00f3 ki\u00e1ll\u00e1s \u00e9s a hazafis\u00e1g \u2013 nyilatkozta a R\u00e1di\u00f3 7-nek Mikl\u00f3s P\u00e9ter. <\/p>\n","protected":false},"author":5,"featured_media":0,"comment_status":"closed","ping_status":"closed","sticky":false,"template":"","format":"standard","meta":{"footnotes":""},"categories":[6],"tags":[],"_links":{"self":[{"href":"https:\/\/emlekpont.hu\/index.php?rest_route=\/wp\/v2\/posts\/7648"}],"collection":[{"href":"https:\/\/emlekpont.hu\/index.php?rest_route=\/wp\/v2\/posts"}],"about":[{"href":"https:\/\/emlekpont.hu\/index.php?rest_route=\/wp\/v2\/types\/post"}],"author":[{"embeddable":true,"href":"https:\/\/emlekpont.hu\/index.php?rest_route=\/wp\/v2\/users\/5"}],"replies":[{"embeddable":true,"href":"https:\/\/emlekpont.hu\/index.php?rest_route=%2Fwp%2Fv2%2Fcomments&post=7648"}],"version-history":[{"count":2,"href":"https:\/\/emlekpont.hu\/index.php?rest_route=\/wp\/v2\/posts\/7648\/revisions"}],"predecessor-version":[{"id":7650,"href":"https:\/\/emlekpont.hu\/index.php?rest_route=\/wp\/v2\/posts\/7648\/revisions\/7650"}],"wp:attachment":[{"href":"https:\/\/emlekpont.hu\/index.php?rest_route=%2Fwp%2Fv2%2Fmedia&parent=7648"}],"wp:term":[{"taxonomy":"category","embeddable":true,"href":"https:\/\/emlekpont.hu\/index.php?rest_route=%2Fwp%2Fv2%2Fcategories&post=7648"},{"taxonomy":"post_tag","embeddable":true,"href":"https:\/\/emlekpont.hu\/index.php?rest_route=%2Fwp%2Fv2%2Ftags&post=7648"}],"curies":[{"name":"wp","href":"https:\/\/api.w.org\/{rel}","templated":true}]}}