{"id":7646,"date":"2021-10-21T18:25:00","date_gmt":"2021-10-21T18:25:00","guid":{"rendered":"http:\/\/emlekpont.hu\/?p=7646"},"modified":"2021-10-25T03:29:12","modified_gmt":"2021-10-25T03:29:12","slug":"az-ifju-generacio-es-tortenelemformalo-szerepe","status":"publish","type":"post","link":"https:\/\/emlekpont.hu\/?p=7646","title":{"rendered":"Az ifj\u00fa gener\u00e1ci\u00f3 \u00e9s t\u00f6rt\u00e9nelemform\u00e1l\u00f3 szerepe"},"content":{"rendered":"\n<p>Fiatalok a kommunista diktat\u00fara ellen c\u00edmmel tartott rendhagy\u00f3 t\u00f6rt\u00e9nelem\u00f3r\u00e1t ma d\u00e9lel\u0151tt Mikl\u00f3s P\u00e9ter t\u00f6rt\u00e9n\u00e9sz, c\u00edmzetes egyetemi tan\u00e1r a v\u00e1s\u00e1rhelyi gimnazist\u00e1knak az Eml\u00e9kpontban. Ez volt az els\u0151 el\u0151ad\u00e1sa annak a h\u00e1romr\u00e9szesre tervezett esem\u00e9nysorozatnak, amellyel elkezd\u0151d\u00f6tt az idei Nemzeti Eml\u00e9kezet Hete H\u00f3dmez\u0151v\u00e1s\u00e1rhelyen.<\/p>\n\n\n\n<p><a href=\"https:\/\/www.facebook.com\/vtvvasarhely\/videos\/436529881227834\">https:\/\/www.facebook.com\/vtvvasarhely\/videos\/436529881227834<\/a><\/p>\n\n\n\n<p class=\"has-text-align-right\">V\u00e1s\u00e1rhelyi Telv\u00edzi\u00f3, H\u00edrad\u00f3 &#8211; 2021. okt\u00f3ber 21.<\/p>\n","protected":false},"excerpt":{"rendered":"<p>Mikl\u00f3s P\u00e9ter t\u00f6rt\u00e9n\u00e9sz, c\u00edmzetes egyetemi tan\u00e1r el\u0151ad\u00e1sa &#8211; a V\u00e1s\u00e1rhelyi Telev\u00edzi\u00f3 tud\u00f3s\u00edt\u00e1sa.<\/p>\n","protected":false},"author":5,"featured_media":0,"comment_status":"closed","ping_status":"closed","sticky":false,"template":"","format":"standard","meta":{"footnotes":""},"categories":[6],"tags":[],"_links":{"self":[{"href":"https:\/\/emlekpont.hu\/index.php?rest_route=\/wp\/v2\/posts\/7646"}],"collection":[{"href":"https:\/\/emlekpont.hu\/index.php?rest_route=\/wp\/v2\/posts"}],"about":[{"href":"https:\/\/emlekpont.hu\/index.php?rest_route=\/wp\/v2\/types\/post"}],"author":[{"embeddable":true,"href":"https:\/\/emlekpont.hu\/index.php?rest_route=\/wp\/v2\/users\/5"}],"replies":[{"embeddable":true,"href":"https:\/\/emlekpont.hu\/index.php?rest_route=%2Fwp%2Fv2%2Fcomments&post=7646"}],"version-history":[{"count":1,"href":"https:\/\/emlekpont.hu\/index.php?rest_route=\/wp\/v2\/posts\/7646\/revisions"}],"predecessor-version":[{"id":7647,"href":"https:\/\/emlekpont.hu\/index.php?rest_route=\/wp\/v2\/posts\/7646\/revisions\/7647"}],"wp:attachment":[{"href":"https:\/\/emlekpont.hu\/index.php?rest_route=%2Fwp%2Fv2%2Fmedia&parent=7646"}],"wp:term":[{"taxonomy":"category","embeddable":true,"href":"https:\/\/emlekpont.hu\/index.php?rest_route=%2Fwp%2Fv2%2Fcategories&post=7646"},{"taxonomy":"post_tag","embeddable":true,"href":"https:\/\/emlekpont.hu\/index.php?rest_route=%2Fwp%2Fv2%2Ftags&post=7646"}],"curies":[{"name":"wp","href":"https:\/\/api.w.org\/{rel}","templated":true}]}}