{"id":7644,"date":"2021-10-21T14:57:00","date_gmt":"2021-10-21T14:57:00","guid":{"rendered":"http:\/\/emlekpont.hu\/?p=7644"},"modified":"2021-10-25T03:01:38","modified_gmt":"2021-10-25T03:01:38","slug":"fiatalok-a-kommunista-diktatura-ellen","status":"publish","type":"post","link":"https:\/\/emlekpont.hu\/?p=7644","title":{"rendered":"Fiatalok a kommunista diktat\u00fara ellen"},"content":{"rendered":"\n<blockquote class=\"wp-block-quote is-layout-flow wp-block-quote-is-layout-flow\"><p><em>\u2013 A fiatalok mindig forradalmi hev\u00fclet\u0171ek, ami t\u00f6rt\u00e9nelmi tapasztalat, nem csup\u00e1n \u00e9letkoruk jellemz\u0151je. El\u00e9g csak az 1848-as m\u00e1rciusi ifjakra gondolnunk, hiszen Pet\u0151fi, Vasv\u00e1ri, J\u00f3kai fell\u00e9p\u00e9se k\u00f6zvetlen\u00fcl hozz\u00e1j\u00e1rult a forradalomhoz<\/em><\/p><cite><em>\u2013<\/em>\u00a0fogalmazta meg Mikl\u00f3s P\u00e9ter t\u00f6rt\u00e9n\u00e9sz, c\u00edmzetes egyetemi tan\u00e1r az Eml\u00e9kpontban cs\u00fct\u00f6rt\u00f6k d\u00e9lel\u0151tt tartott rendhagy\u00f3 t\u00f6rt\u00e9nelem\u00f3ra el\u0151tt, a Bethlen-gimn\u00e1zium, illetve a N\u00e9meth L\u00e1szl\u00f3 Gimn\u00e1zium \u00e9s \u00c1ltal\u00e1nos Iskola di\u00e1kjainak.\u00a0<\/cite><\/blockquote>\n\n\n\n<p>[&#8230;] Az el\u0151ad\u00e1s m\u00e1sik f\u00f3kuszpontja az 1956. okt\u00f3ber 16-\u00e1n a szegedi egyetem b\u00f6lcs\u00e9szettudom\u00e1nyi kar\u00e1n megalakult Magyar Egyetemist\u00e1k \u00e9s F\u0151iskol\u00e1sok Sz\u00f6vets\u00e9ge. A gy\u0171l\u00e9sen r\u00e9szt vett a Bethlen-gimn\u00e1zium k\u00e9t tanul\u00f3ja, Csoma Lajos \u00e9s Zr\u00ednyi P\u00e9ter.<\/p>\n\n\n\n<figure class=\"wp-block-embed-wordpress wp-block-embed is-type-wp-embed is-provider-delmagyar\"><div class=\"wp-block-embed__wrapper\">\n<blockquote class=\"wp-embedded-content\" data-secret=\"KQ6FrhdcFx\"><a href=\"https:\/\/www.delmagyar.hu\/kozelet\/helyi-kozelet\/fiatalok-a-kommunista-diktatura-ellen-8069861\/\">Fiatalok a kommunista diktat\u00fara ellen<\/a><\/blockquote><iframe class=\"wp-embedded-content\" sandbox=\"allow-scripts\" security=\"restricted\" style=\"position: absolute; clip: rect(1px, 1px, 1px, 1px);\" title=\"&#8220;Fiatalok a kommunista diktat\u00fara ellen&#8221; &#8212; D\u00c9LMAGYAR\" src=\"https:\/\/www.delmagyar.hu\/kozelet\/helyi-kozelet\/fiatalok-a-kommunista-diktatura-ellen-8069861\/embed\/#?secret=KQ6FrhdcFx\" data-secret=\"KQ6FrhdcFx\" width=\"600\" height=\"338\" frameborder=\"0\" marginwidth=\"0\" marginheight=\"0\" scrolling=\"no\"><\/iframe>\n<\/div><\/figure>\n\n\n\n<p class=\"has-text-align-right\">D\u00e9lmagyarorsz\u00e1g &#8211; 2021. okt\u00f3ber 21.<\/p>\n","protected":false},"excerpt":{"rendered":"<p>A D\u00e9lmagyarorsz\u00e1g napilap tud\u00f3s\u00edt\u00e1sa az Eml\u00e9kpont rendhagy\u00f3 tan\u00f3r\u00e1j\u00e1r\u00f3l.<\/p>\n","protected":false},"author":5,"featured_media":0,"comment_status":"closed","ping_status":"closed","sticky":false,"template":"","format":"standard","meta":{"footnotes":""},"categories":[6],"tags":[],"_links":{"self":[{"href":"https:\/\/emlekpont.hu\/index.php?rest_route=\/wp\/v2\/posts\/7644"}],"collection":[{"href":"https:\/\/emlekpont.hu\/index.php?rest_route=\/wp\/v2\/posts"}],"about":[{"href":"https:\/\/emlekpont.hu\/index.php?rest_route=\/wp\/v2\/types\/post"}],"author":[{"embeddable":true,"href":"https:\/\/emlekpont.hu\/index.php?rest_route=\/wp\/v2\/users\/5"}],"replies":[{"embeddable":true,"href":"https:\/\/emlekpont.hu\/index.php?rest_route=%2Fwp%2Fv2%2Fcomments&post=7644"}],"version-history":[{"count":1,"href":"https:\/\/emlekpont.hu\/index.php?rest_route=\/wp\/v2\/posts\/7644\/revisions"}],"predecessor-version":[{"id":7645,"href":"https:\/\/emlekpont.hu\/index.php?rest_route=\/wp\/v2\/posts\/7644\/revisions\/7645"}],"wp:attachment":[{"href":"https:\/\/emlekpont.hu\/index.php?rest_route=%2Fwp%2Fv2%2Fmedia&parent=7644"}],"wp:term":[{"taxonomy":"category","embeddable":true,"href":"https:\/\/emlekpont.hu\/index.php?rest_route=%2Fwp%2Fv2%2Fcategories&post=7644"},{"taxonomy":"post_tag","embeddable":true,"href":"https:\/\/emlekpont.hu\/index.php?rest_route=%2Fwp%2Fv2%2Ftags&post=7644"}],"curies":[{"name":"wp","href":"https:\/\/api.w.org\/{rel}","templated":true}]}}