{"id":7642,"date":"2021-10-19T07:22:00","date_gmt":"2021-10-19T07:22:00","guid":{"rendered":"http:\/\/emlekpont.hu\/?p=7642"},"modified":"2021-10-25T02:24:48","modified_gmt":"2021-10-25T02:24:48","slug":"nemzeti-emlekezet-hete-hodmezovasarhelyen","status":"publish","type":"post","link":"https:\/\/emlekpont.hu\/?p=7642","title":{"rendered":"Nemzeti Eml\u00e9kezet Hete H\u00f3dmez\u0151v\u00e1s\u00e1rhelyen"},"content":{"rendered":"\n<p><strong>Rendhagy\u00f3 tan\u00f3r\u00e1n, besz\u00e9lget\u00e9seken \u00e9s k\u00f6nyvbemutat\u00f3kon id\u00e9zik meg az 1956-os forradalom \u00e9s szabads\u00e1gharc t\u00f6rt\u00e9n\u00e9seit a Nemzeti Eml\u00e9kezet Het\u00e9n H\u00f3dmez\u0151v\u00e1s\u00e1rhelyen &#8211; t\u00e1j\u00e9koztatt\u00e1k a szervez\u0151k az MTI-t.<\/strong><\/p>\n\n\n\n<p>A 65. \u00e9vfordul\u00f3ra eml\u00e9kezve cs\u00fct\u00f6rt\u00f6k\u00f6n Mikl\u00f3s P\u00e9ter t\u00f6rt\u00e9n\u00e9sz, c\u00edmzetes egyetemi tan\u00e1r tart rendhagy\u00f3 t\u00f6rt\u00e9nelem\u00f3r\u00e1t <em>Fiatalok a kommunista diktat\u00fara<\/em> ellen c\u00edmmel az 1956-os forradalmamr\u00f3l \u00e9s el\u0151zm\u00e9nyeir\u0151l.<br>\u00a0\u00a0\u00a0\u00a0Okt\u00f3ber 26-\u00e1n az Eml\u00e9kpont K\u00f6nyvek k\u00e9t \u00faj, 17-18. k\u00f6tet\u00e9nek bemutat\u00f3j\u00e1t tartj\u00e1k. A m\u00e1sodik vil\u00e1gh\u00e1bor\u00fat k\u00f6vet\u0151en n\u00e9pb\u00edr\u00f3s\u00e1gok el\u00e9 \u00e1ll\u00edtott\u00a0h\u00f3dmez\u0151v\u00e1s\u00e1rhelyiek t\u00f6rt\u00e9neteib\u0151l \u00f6ssze\u00e1ll\u00edtott kiadv\u00e1nyokat L\u00f6ffler Tibor egyetemi docens aj\u00e1nlja az \u00e9rdekl\u0151d\u0151k figyelm\u00e9be, besz\u00e9lget\u0151t\u00e1rsa Vincze G\u00e1bor, az Eml\u00e9kpont kutat\u00e1svezet\u0151 t\u00f6rt\u00e9n\u00e9sze &#8211; egyben a tanulm\u00e1nyk\u00f6tetek szerz\u0151je \u00e9s szerkeszt\u0151je.<br>\u00a0\u00a0\u00a0\u00a0K\u00e9t nappal k\u00e9s\u0151bb az 1944-t\u0151l h\u00fasz \u00e9ven \u00e1t csan\u00e1di p\u00fcsp\u00f6kk\u00e9nt, majd \u00f6t \u00e9vig kalocsai \u00e9rsekk\u00e9nt szolg\u00e1l\u00f3 Hamvas Endre (1890-1970) \u00e9let\u00e9t ismerhetik meg az Eml\u00e9kpontba bet\u00e9r\u0151k. P\u00e1link\u00f3 M\u00e1t\u00e9 azonos c\u00edm\u0171 k\u00f6nyv\u00e9t Mikl\u00f3s P\u00e9ter, a v\u00e1s\u00e1rhelyi m\u00fazeumi szervezet szakmai tan\u00e1csad\u00f3ja mutatja be.<\/p>\n\n\n\n<p class=\"has-text-align-right\">MTI &#8211; 2021. okt\u00f3ber 19.<\/p>\n","protected":false},"excerpt":{"rendered":"<p>Az MTI aj\u00e1nl\u00f3ja az Eml\u00e9kpont &#8217;56-os rendezv\u00e9nysorozat\u00e1r\u00f3l.<\/p>\n","protected":false},"author":5,"featured_media":0,"comment_status":"closed","ping_status":"closed","sticky":false,"template":"","format":"standard","meta":{"footnotes":""},"categories":[6],"tags":[],"_links":{"self":[{"href":"https:\/\/emlekpont.hu\/index.php?rest_route=\/wp\/v2\/posts\/7642"}],"collection":[{"href":"https:\/\/emlekpont.hu\/index.php?rest_route=\/wp\/v2\/posts"}],"about":[{"href":"https:\/\/emlekpont.hu\/index.php?rest_route=\/wp\/v2\/types\/post"}],"author":[{"embeddable":true,"href":"https:\/\/emlekpont.hu\/index.php?rest_route=\/wp\/v2\/users\/5"}],"replies":[{"embeddable":true,"href":"https:\/\/emlekpont.hu\/index.php?rest_route=%2Fwp%2Fv2%2Fcomments&post=7642"}],"version-history":[{"count":1,"href":"https:\/\/emlekpont.hu\/index.php?rest_route=\/wp\/v2\/posts\/7642\/revisions"}],"predecessor-version":[{"id":7643,"href":"https:\/\/emlekpont.hu\/index.php?rest_route=\/wp\/v2\/posts\/7642\/revisions\/7643"}],"wp:attachment":[{"href":"https:\/\/emlekpont.hu\/index.php?rest_route=%2Fwp%2Fv2%2Fmedia&parent=7642"}],"wp:term":[{"taxonomy":"category","embeddable":true,"href":"https:\/\/emlekpont.hu\/index.php?rest_route=%2Fwp%2Fv2%2Fcategories&post=7642"},{"taxonomy":"post_tag","embeddable":true,"href":"https:\/\/emlekpont.hu\/index.php?rest_route=%2Fwp%2Fv2%2Ftags&post=7642"}],"curies":[{"name":"wp","href":"https:\/\/api.w.org\/{rel}","templated":true}]}}