{"id":7637,"date":"2021-10-15T18:32:00","date_gmt":"2021-10-15T18:32:00","guid":{"rendered":"http:\/\/emlekpont.hu\/?p=7637"},"modified":"2021-10-25T01:37:21","modified_gmt":"2021-10-25T01:37:21","slug":"forradalom-es-megtorlas-a-szegedi-egyetemen","status":"publish","type":"post","link":"https:\/\/emlekpont.hu\/?p=7637","title":{"rendered":"Forradalom \u00e9s megtorl\u00e1s a szegedi egyetemen"},"content":{"rendered":"\n<p><strong>Szinte k\u00f6zhelysz\u00e1mba megy az a meg\u00e1llap\u00edt\u00e1s, hogy az 1956-os magyar forradalom \u00e9s szabads\u00e1gharc ind\u00edt\u00f3szikr\u00e1ja a szegedi egyetem b\u00f6lcs\u00e9szkar\u00e1nak Ady t\u00e9ri \u00e9p\u00fclete Audit\u00f3rium Maximum\u00e1ban robbant ki, amikor is 1956. okt\u00f3ber \u00ad16-\u00e1n l\u00e9trej\u00f6tt az els\u0151 auton\u00f3m hallgat\u00f3i szervezet, a Magyar Egyetemist\u00e1k \u00e9s F\u0151iskol\u00e1sok Sz\u00f6vets\u00e9ge (MEFESZ). A MEFESZ 1956. okt\u00f3ber 16-i \u00e9s okt\u00f3ber 20-i nagygy\u0171l\u00e9s\u00e9n a di\u00e1kj\u00f3l\u00e9ti, hallgat\u00f3i, tanulm\u00e1nyi \u00e9s szoci\u00e1lis k\u00f6vetel\u00e9sek mellett bizonyos politikai k\u00e9rd\u00e9sek is megfogalmaz\u00f3dtak.<\/strong><\/p>\n\n\n\n<p>A Szegedi Tudom\u00e1nyegyetem polg\u00e1rai b\u00fcszk\u00e9k erre a hagyom\u00e1nyra, s a Tisza-parti v\u00e1ros egyeteme pedag\u00f3gusk\u00e9pz\u0151 kar\u00e1nak tansz\u00e9kvezet\u0151 docense, Jancs\u00e1k Csaba imm\u00e1r \u00e9vtizedek \u00f3ta kutatja a MEFESZ t\u00f6rt\u00e9net\u00e9t, [&#8230;] r\u00e9szben az \u0151 kutat\u00e1sainak folytat\u00e1sa jegy\u00e9ben s azok kieg\u00e9sz\u00edt\u00e9s\u00e9nek \u00e9s \u00fajragondol\u00e1s\u00e1nak a szellem\u00e9ben jelent meg Ha\u00e1g Zal\u00e1n Istv\u00e1n Ifj\u00fas\u00e1gi mozgalmak a szegedi fels\u0151oktat\u00e1sban az 1956-os forradalom el\u0151tt, alatt, ut\u00e1n c\u00edm\u0171 k\u00f6nyve, a h\u00f3dmez\u0151v\u00e1s\u00e1rhelyi Eml\u00e9kpont gondoz\u00e1s\u00e1ban, az Eml\u00e9kpont K\u00f6nyvek sorozat tizen\u00f6t\u00f6dik darabjak\u00e9nt.<\/p>\n\n\n\n<blockquote class=\"wp-block-quote is-layout-flow wp-block-quote-is-layout-flow\"><p>Ha\u00e1g Zal\u00e1n Istv\u00e1n olvasm\u00e1nyos st\u00edlusban meg\u00edrt, biztos t\u00f6rt\u00e9neti ismeretekr\u0151l, ugyanakkor emberi, t\u00f6rt\u00e9n\u00e9szi \u00e9s t\u00e1rsadalomkutat\u00f3i \u00e9rz\u00e9kenys\u00e9gr\u0151l is tan\u00fabizonys\u00e1got tev\u0151 k\u00f6nyv\u00e9nek a legnagyobb eredm\u00e9nye, hogy elolvas\u00e1sa ut\u00e1n az 1956-os forradalmat k\u00f6vet\u0151 szegedi egyetemi megtorl\u00e1sok \u00e9rintettjeit is b\u00e1tran sorolhatjuk a kommunista diktat\u00far\u00e1k \u00e1ldozatai k\u00f6z\u00e9.<\/p><\/blockquote>\n\n\n\n<p><a href=\"https:\/\/magyarnemzet.hu\/kultura\/2021\/10\/forradalom-es-megtorlas-a-szegedi-egyetemen\">https:\/\/magyarnemzet.hu\/kultura\/2021\/10\/forradalom-es-megtorlas-a-szegedi-egyetemen<\/a><\/p>\n\n\n\n<p class=\"has-text-align-right\">Magyar Nemzet &#8211; 2021. okt\u00f3ber 15.<\/p>\n","protected":false},"excerpt":{"rendered":"<p>Dr. Mikl\u00f3s P\u00e9ter t\u00f6rt\u00e9n\u00e9sz, az Eml\u00e9kpont szakmai tan\u00e1csad\u00f3j\u00e1nak recenzi\u00f3ja Ha\u00e1g Zal\u00e1n t\u00f6rt\u00e9n\u00e9sz-politol\u00f3gus k\u00f6tet\u00e9r\u0151l, amely az Eml\u00e9kpont K\u00f6nyvek sorozat 15. r\u00e9szek\u00e9nt jelent meg.<\/p>\n","protected":false},"author":5,"featured_media":0,"comment_status":"closed","ping_status":"closed","sticky":false,"template":"","format":"standard","meta":{"footnotes":""},"categories":[6],"tags":[],"_links":{"self":[{"href":"https:\/\/emlekpont.hu\/index.php?rest_route=\/wp\/v2\/posts\/7637"}],"collection":[{"href":"https:\/\/emlekpont.hu\/index.php?rest_route=\/wp\/v2\/posts"}],"about":[{"href":"https:\/\/emlekpont.hu\/index.php?rest_route=\/wp\/v2\/types\/post"}],"author":[{"embeddable":true,"href":"https:\/\/emlekpont.hu\/index.php?rest_route=\/wp\/v2\/users\/5"}],"replies":[{"embeddable":true,"href":"https:\/\/emlekpont.hu\/index.php?rest_route=%2Fwp%2Fv2%2Fcomments&post=7637"}],"version-history":[{"count":1,"href":"https:\/\/emlekpont.hu\/index.php?rest_route=\/wp\/v2\/posts\/7637\/revisions"}],"predecessor-version":[{"id":7638,"href":"https:\/\/emlekpont.hu\/index.php?rest_route=\/wp\/v2\/posts\/7637\/revisions\/7638"}],"wp:attachment":[{"href":"https:\/\/emlekpont.hu\/index.php?rest_route=%2Fwp%2Fv2%2Fmedia&parent=7637"}],"wp:term":[{"taxonomy":"category","embeddable":true,"href":"https:\/\/emlekpont.hu\/index.php?rest_route=%2Fwp%2Fv2%2Fcategories&post=7637"},{"taxonomy":"post_tag","embeddable":true,"href":"https:\/\/emlekpont.hu\/index.php?rest_route=%2Fwp%2Fv2%2Ftags&post=7637"}],"curies":[{"name":"wp","href":"https:\/\/api.w.org\/{rel}","templated":true}]}}