{"id":7635,"date":"2021-10-23T13:19:00","date_gmt":"2021-10-23T13:19:00","guid":{"rendered":"http:\/\/emlekpont.hu\/?p=7635"},"modified":"2021-10-25T01:23:59","modified_gmt":"2021-10-25T01:23:59","slug":"56-os-esemenyek-a-tortenesz-szemevel","status":"publish","type":"post","link":"https:\/\/emlekpont.hu\/?p=7635","title":{"rendered":"56\u2019-os esem\u00e9nyek a t\u00f6rt\u00e9n\u00e9sz szem\u00e9vel"},"content":{"rendered":"\n<p>Imm\u00e1r 65. esztendeje, hogy \u2013 a 20. sz\u00e1zadi magyar t\u00f6rt\u00e9nelem egyik legmeghat\u00e1roz\u00f3bb esem\u00e9nyek\u00e9nt \u2013 az akkor uralmon l\u00e9v\u0151, jellemz\u0151en elnyom\u00f3 \u00e9s a mag\u00e1ntulajdont teljes m\u00e9rt\u00e9kben megfoszt\u00f3 kommunista diktat\u00fara elleni k\u00fczdelem jegy\u00e9ben kit\u00f6rt az 1956-os forradalom \u00e9s szabads\u00e1gharc Magyarorsz\u00e1gon.<\/p>\n\n\n\n<blockquote class=\"wp-block-quote is-layout-flow wp-block-quote-is-layout-flow\"><p>1956-ra az eg\u00e9sz magyar t\u00e1rsadalom ki\u00e1br\u00e1ndult az \u00e1llamszocialista berendezked\u00e9sb\u0151l. A polg\u00e1rs\u00e1g, az \u00e9rtelmis\u00e9g, a paraszts\u00e1g \u00e9s a munk\u00e1ss\u00e1g egyar\u00e1nt megszenvedte a szovjet t\u00edpus\u00fa politikai berendezked\u00e9st, ami ahhoz vezetett, hogy a sz\u0171ken vett p\u00e1rt \u00e9s az \u00e1llami elit kiv\u00e9tel\u00e9vel az eg\u00e9sz t\u00e1rsadalom nemet mondott a diktat\u00far\u00e1ra<\/p><cite>\u00e1rulta el Dr. Mikl\u00f3s P\u00e9ter t\u00f6rt\u00e9n\u00e9sz, a h\u00f3dmez\u0151v\u00e1s\u00e1rhelyi Eml\u00e9kpont szakmai tan\u00e1csad\u00f3ja.<\/cite><\/blockquote>\n\n\n\n<p><a href=\"https:\/\/promenad24.hu\/2021\/10\/23\/56-os-esemenyek-a-tortenesz-szemevel-miklos-peter-a-forradalom-egyik-legszimbolikusabb-tette-vasarhelyen-tortent\">https:\/\/promenad24.hu\/2021\/10\/23\/56-os-esemenyek-a-tortenesz-szemevel-miklos-peter-a-forradalom-egyik-legszimbolikusabb-tette-vasarhelyen-tortent<\/a><\/p>\n\n\n\n<p class=\"has-text-align-right\">Promen\u00e1d24 &#8211; 2021. okt\u00f3ber 23.<\/p>\n","protected":false},"excerpt":{"rendered":"<p>Besz\u00e9lget\u00e9s Dr. Mikl\u00f3s P\u00e9ter t\u00f6rt\u00e9n\u00e9sszel, az Eml\u00e9kpont szakmai tan\u00e1csad\u00f3j\u00e1val okt\u00f3ber 23-a alkalm\u00e1b\u00f3l.<\/p>\n","protected":false},"author":5,"featured_media":0,"comment_status":"closed","ping_status":"closed","sticky":false,"template":"","format":"standard","meta":{"footnotes":""},"categories":[6],"tags":[],"_links":{"self":[{"href":"https:\/\/emlekpont.hu\/index.php?rest_route=\/wp\/v2\/posts\/7635"}],"collection":[{"href":"https:\/\/emlekpont.hu\/index.php?rest_route=\/wp\/v2\/posts"}],"about":[{"href":"https:\/\/emlekpont.hu\/index.php?rest_route=\/wp\/v2\/types\/post"}],"author":[{"embeddable":true,"href":"https:\/\/emlekpont.hu\/index.php?rest_route=\/wp\/v2\/users\/5"}],"replies":[{"embeddable":true,"href":"https:\/\/emlekpont.hu\/index.php?rest_route=%2Fwp%2Fv2%2Fcomments&post=7635"}],"version-history":[{"count":1,"href":"https:\/\/emlekpont.hu\/index.php?rest_route=\/wp\/v2\/posts\/7635\/revisions"}],"predecessor-version":[{"id":7636,"href":"https:\/\/emlekpont.hu\/index.php?rest_route=\/wp\/v2\/posts\/7635\/revisions\/7636"}],"wp:attachment":[{"href":"https:\/\/emlekpont.hu\/index.php?rest_route=%2Fwp%2Fv2%2Fmedia&parent=7635"}],"wp:term":[{"taxonomy":"category","embeddable":true,"href":"https:\/\/emlekpont.hu\/index.php?rest_route=%2Fwp%2Fv2%2Fcategories&post=7635"},{"taxonomy":"post_tag","embeddable":true,"href":"https:\/\/emlekpont.hu\/index.php?rest_route=%2Fwp%2Fv2%2Ftags&post=7635"}],"curies":[{"name":"wp","href":"https:\/\/api.w.org\/{rel}","templated":true}]}}