{"id":7623,"date":"2021-10-14T19:01:00","date_gmt":"2021-10-14T19:01:00","guid":{"rendered":"http:\/\/emlekpont.hu\/?p=7623"},"modified":"2021-10-15T03:02:59","modified_gmt":"2021-10-15T03:02:59","slug":"a-nemzeti-emlekezet-hetere-keszulnek-az-emlekpontban","status":"publish","type":"post","link":"https:\/\/emlekpont.hu\/?p=7623","title":{"rendered":"A Nemzeti Eml\u00e9kezet Het\u00e9re k\u00e9sz\u00fclnek az Eml\u00e9kpontban"},"content":{"rendered":"\n<p>Az 1956-os forradalom \u00e9s szabads\u00e1gharc 65. \u00e9vfordul\u00f3j\u00e1ra eml\u00e9kezve rendezi meg az Eml\u00e9kpont a Nemzeti Eml\u00e9kezet Hete programsorozat\u00e1t. Az \u00fcnnep el\u0151zm\u00e9nyek\u00e9nt a kommunista diktat\u00fara ellen szervezked\u0151 fiatalokr\u00f3l hallhatnak egy el\u0151ad\u00e1st a v\u00e1ros v\u00e9gz\u0151s gimnazist\u00e1i, majd okt\u00f3ber utols\u00f3 het\u00e9ben k\u00e9t k\u00f6nyvbemutat\u00f3t tartanak a h\u00f3dmez\u0151v\u00e1s\u00e1rhelyi k\u00f6zgy\u0171jtem\u00e9nyben.<\/p>\n\n\n\n<figure class=\"wp-block-embed-youtube wp-block-embed is-type-video is-provider-youtube wp-embed-aspect-16-9 wp-has-aspect-ratio\"><div class=\"wp-block-embed__wrapper\">\n<iframe title=\"A Nemzeti Eml\u00e9kezet Het\u00e9re k\u00e9sz\u00fclnek az Eml\u00e9kpontban\" width=\"1170\" height=\"658\" src=\"https:\/\/www.youtube.com\/embed\/dDykBKiMIYU?feature=oembed\" frameborder=\"0\" allow=\"accelerometer; autoplay; clipboard-write; encrypted-media; gyroscope; picture-in-picture\" allowfullscreen><\/iframe>\n<\/div><\/figure>\n\n\n\n<p class=\"has-text-align-right\">V\u00e1s\u00e1rhelyi Telev\u00edzi\u00f3, H\u00edrad\u00f3 &#8211; 2021. okt\u00f3ber 14.<\/p>\n","protected":false},"excerpt":{"rendered":"<p>A V\u00e1s\u00e1rhelyi Telev\u00edzi\u00f3 r\u00f6vidh\u00edre a Nemzeti Eml\u00e9kezet Hete programsorozatr\u00f3l.<\/p>\n","protected":false},"author":5,"featured_media":0,"comment_status":"closed","ping_status":"closed","sticky":false,"template":"","format":"standard","meta":{"footnotes":""},"categories":[6],"tags":[],"_links":{"self":[{"href":"https:\/\/emlekpont.hu\/index.php?rest_route=\/wp\/v2\/posts\/7623"}],"collection":[{"href":"https:\/\/emlekpont.hu\/index.php?rest_route=\/wp\/v2\/posts"}],"about":[{"href":"https:\/\/emlekpont.hu\/index.php?rest_route=\/wp\/v2\/types\/post"}],"author":[{"embeddable":true,"href":"https:\/\/emlekpont.hu\/index.php?rest_route=\/wp\/v2\/users\/5"}],"replies":[{"embeddable":true,"href":"https:\/\/emlekpont.hu\/index.php?rest_route=%2Fwp%2Fv2%2Fcomments&post=7623"}],"version-history":[{"count":1,"href":"https:\/\/emlekpont.hu\/index.php?rest_route=\/wp\/v2\/posts\/7623\/revisions"}],"predecessor-version":[{"id":7624,"href":"https:\/\/emlekpont.hu\/index.php?rest_route=\/wp\/v2\/posts\/7623\/revisions\/7624"}],"wp:attachment":[{"href":"https:\/\/emlekpont.hu\/index.php?rest_route=%2Fwp%2Fv2%2Fmedia&parent=7623"}],"wp:term":[{"taxonomy":"category","embeddable":true,"href":"https:\/\/emlekpont.hu\/index.php?rest_route=%2Fwp%2Fv2%2Fcategories&post=7623"},{"taxonomy":"post_tag","embeddable":true,"href":"https:\/\/emlekpont.hu\/index.php?rest_route=%2Fwp%2Fv2%2Ftags&post=7623"}],"curies":[{"name":"wp","href":"https:\/\/api.w.org\/{rel}","templated":true}]}}