{"id":762,"date":"2019-12-06T15:13:40","date_gmt":"2019-12-06T15:13:40","guid":{"rendered":"https:\/\/emlekpont.hu\/?p=762"},"modified":"2019-12-06T15:14:02","modified_gmt":"2019-12-06T15:14:02","slug":"kruzslicz-istvan-gabor-tanar-nyugalmazott-leveltar-igazgato","status":"publish","type":"post","link":"https:\/\/emlekpont.hu\/?p=762","title":{"rendered":"Kruzslicz Istv\u00e1n G\u00e1bor, tan\u00e1r, nyugalmazott lev\u00e9lt\u00e1r igazgat\u00f3"},"content":{"rendered":"\t\t<div data-elementor-type=\"wp-post\" data-elementor-id=\"762\" class=\"elementor elementor-762\" data-elementor-post-type=\"post\">\n\t\t\t\t\t\t<section class=\"elementor-section elementor-top-section elementor-element elementor-element-f31107b elementor-section-boxed elementor-section-height-default elementor-section-height-default\" data-id=\"f31107b\" data-element_type=\"section\">\n\t\t\t\t\t\t<div class=\"elementor-container elementor-column-gap-default\">\n\t\t\t\t\t<div class=\"elementor-column elementor-col-100 elementor-top-column elementor-element elementor-element-2f8b184\" data-id=\"2f8b184\" data-element_type=\"column\">\n\t\t\t<div class=\"elementor-widget-wrap elementor-element-populated\">\n\t\t\t\t\t\t<div class=\"elementor-element elementor-element-c5a4363 elementor-position-top elementor-widget elementor-widget-image-box\" data-id=\"c5a4363\" data-element_type=\"widget\" data-widget_type=\"image-box.default\">\n\t\t\t\t<div class=\"elementor-widget-container\">\n\t\t\t<div class=\"elementor-image-box-wrapper\"><figure class=\"elementor-image-box-img\"><img fetchpriority=\"high\" decoding=\"async\" width=\"330\" height=\"400\" src=\"https:\/\/emlekpont.hu\/wp-content\/uploads\/2019\/12\/letrehozok-009.jpg\" class=\"attachment-full size-full wp-image-648\" alt=\"\" srcset=\"https:\/\/emlekpont.hu\/wp-content\/uploads\/2019\/12\/letrehozok-009.jpg 330w, https:\/\/emlekpont.hu\/wp-content\/uploads\/2019\/12\/letrehozok-009-248x300.jpg 248w, https:\/\/emlekpont.hu\/wp-content\/uploads\/2019\/12\/letrehozok-009-230x279.jpg 230w\" sizes=\"(max-width: 330px) 100vw, 330px\" \/><\/figure><div class=\"elementor-image-box-content\"><p class=\"elementor-image-box-description\"><p style=\"text-align: justify\">H\u00f3dmez\u0151v\u00e1s\u00e1rhelyen sz\u00fcletett 1944-ben. A szegedi J\u00f3zsef Attila Tudom\u00e1nyegyetemen orosz-t\u00f6rt\u00e9nelem szakos k\u00f6z\u00e9piskolai tan\u00e1ri diplom\u00e1t szerzett 1969-ben. Tanulm\u00e1nyait a Szegedi Juh\u00e1sz Gyula Tan\u00e1rk\u00e9pz\u0151 F\u0151iskol\u00e1n folytatta, ahol 1981-ben szerzett rajztan\u00e1ri oklevelet. 1982-ben egyetemi doktor\u00e1tusi c\u00edmet szerzett. 1969-ben k\u00f6nyvt\u00e1ros a Csongr\u00e1d Megyei K\u00f6nyvt\u00e1rban, 1969 \u00e9s 1979 k\u00f6z\u00f6tt a h\u00f3dmez\u0151v\u00e1s\u00e1rhelyi Sz\u00e1nt\u00f3 Kov\u00e1cs J\u00e1nos Koll\u00e9giumban nevel\u0151tan\u00e1r, k\u00f6zben \u00f3raad\u00f3 tan\u00e1r a Frankel Le\u00f3 K\u00f6zgazdas\u00e1gi \u00e9s Eg\u00e9szs\u00e9g\u00fcgyi Szakk\u00f6z\u00e9piskol\u00e1ban. 1979-t\u0151l 1980-ig a Bethlen G\u00e1bor Gimn\u00e1zium tan\u00e1ra, majd lev\u00e9lt\u00e1ros a Csongr\u00e1d Megyei Lev\u00e9lt\u00e1rban; 1986-t\u00f3l az int\u00e9zm\u00e9ny h\u00f3dmez\u0151v\u00e1s\u00e1rhelyi fi\u00f3klev\u00e9lt\u00e1r\u00e1nak igazgat\u00f3ja. A Megyei Honismereti Egyes\u00fclet \u00e9s a Magyar Lev\u00e9lt\u00e1rosok Egyes\u00fclet\u00e9nek tagja, a Szeremlei T\u00e1rsas\u00e1g titk\u00e1ra.\n<\/p><\/div><\/div>\t\t<\/div>\n\t\t\t\t<\/div>\n\t\t\t\t\t<\/div>\n\t\t<\/div>\n\t\t\t\t\t<\/div>\n\t\t<\/section>\n\t\t\t\t<\/div>\n\t\t","protected":false},"excerpt":{"rendered":"<p>H\u00f3dmez\u0151v\u00e1s\u00e1rhelyen sz\u00fcletett 1944-ben. A szegedi J\u00f3zsef Attila Tudom\u00e1nyegyetemen orosz-t\u00f6rt\u00e9nelem szakos k\u00f6z\u00e9piskolai tan\u00e1ri diplom\u00e1t szerzett 1969-ben. Tanulm\u00e1nyait a Szegedi Juh\u00e1sz Gyula Tan\u00e1rk\u00e9pz\u0151 F\u0151iskol\u00e1n folytatta, ahol 1981-ben szerzett rajztan\u00e1ri oklevelet. 1982-ben egyetemi doktor\u00e1tusi c\u00edmet szerzett. 1969-ben k\u00f6nyvt\u00e1ros a Csongr\u00e1d Megyei K\u00f6nyvt\u00e1rban, 1969 \u00e9s 1979 k\u00f6z\u00f6tt a h\u00f3dmez\u0151v\u00e1s\u00e1rhelyi Sz\u00e1nt\u00f3 Kov\u00e1cs J\u00e1nos Koll\u00e9giumban nevel\u0151tan\u00e1r, k\u00f6zben \u00f3raad\u00f3 tan\u00e1r a Frankel [&hellip;]<\/p>\n","protected":false},"author":5,"featured_media":0,"comment_status":"closed","ping_status":"closed","sticky":false,"template":"","format":"standard","meta":{"footnotes":""},"categories":[7],"tags":[],"_links":{"self":[{"href":"https:\/\/emlekpont.hu\/index.php?rest_route=\/wp\/v2\/posts\/762"}],"collection":[{"href":"https:\/\/emlekpont.hu\/index.php?rest_route=\/wp\/v2\/posts"}],"about":[{"href":"https:\/\/emlekpont.hu\/index.php?rest_route=\/wp\/v2\/types\/post"}],"author":[{"embeddable":true,"href":"https:\/\/emlekpont.hu\/index.php?rest_route=\/wp\/v2\/users\/5"}],"replies":[{"embeddable":true,"href":"https:\/\/emlekpont.hu\/index.php?rest_route=%2Fwp%2Fv2%2Fcomments&post=762"}],"version-history":[{"count":2,"href":"https:\/\/emlekpont.hu\/index.php?rest_route=\/wp\/v2\/posts\/762\/revisions"}],"predecessor-version":[{"id":764,"href":"https:\/\/emlekpont.hu\/index.php?rest_route=\/wp\/v2\/posts\/762\/revisions\/764"}],"wp:attachment":[{"href":"https:\/\/emlekpont.hu\/index.php?rest_route=%2Fwp%2Fv2%2Fmedia&parent=762"}],"wp:term":[{"taxonomy":"category","embeddable":true,"href":"https:\/\/emlekpont.hu\/index.php?rest_route=%2Fwp%2Fv2%2Fcategories&post=762"},{"taxonomy":"post_tag","embeddable":true,"href":"https:\/\/emlekpont.hu\/index.php?rest_route=%2Fwp%2Fv2%2Ftags&post=762"}],"curies":[{"name":"wp","href":"https:\/\/api.w.org\/{rel}","templated":true}]}}