{"id":757,"date":"2019-12-06T15:12:31","date_gmt":"2019-12-06T15:12:31","guid":{"rendered":"https:\/\/emlekpont.hu\/?p=757"},"modified":"2019-12-06T15:13:02","modified_gmt":"2019-12-06T15:13:02","slug":"mathe-aron-tortenesz-szociologus","status":"publish","type":"post","link":"https:\/\/emlekpont.hu\/?p=757","title":{"rendered":"M\u00e1th\u00e9 \u00c1ron, t\u00f6rt\u00e9n\u00e9sz, szociol\u00f3gus"},"content":{"rendered":"\t\t<div data-elementor-type=\"wp-post\" data-elementor-id=\"757\" class=\"elementor elementor-757\" data-elementor-post-type=\"post\">\n\t\t\t\t\t\t<section class=\"elementor-section elementor-top-section elementor-element elementor-element-62a6054 elementor-section-boxed elementor-section-height-default elementor-section-height-default\" data-id=\"62a6054\" data-element_type=\"section\">\n\t\t\t\t\t\t<div class=\"elementor-container elementor-column-gap-default\">\n\t\t\t\t\t<div class=\"elementor-column elementor-col-100 elementor-top-column elementor-element elementor-element-1177d21\" data-id=\"1177d21\" data-element_type=\"column\">\n\t\t\t<div class=\"elementor-widget-wrap elementor-element-populated\">\n\t\t\t\t\t\t<div class=\"elementor-element elementor-element-45f9426 elementor-position-top elementor-widget elementor-widget-image-box\" data-id=\"45f9426\" data-element_type=\"widget\" data-widget_type=\"image-box.default\">\n\t\t\t\t<div class=\"elementor-widget-container\">\n\t\t\t<div class=\"elementor-image-box-wrapper\"><figure class=\"elementor-image-box-img\"><img fetchpriority=\"high\" decoding=\"async\" width=\"330\" height=\"400\" src=\"https:\/\/emlekpont.hu\/wp-content\/uploads\/2019\/12\/letrehozok-014.jpg\" class=\"attachment-full size-full wp-image-618\" alt=\"\" srcset=\"https:\/\/emlekpont.hu\/wp-content\/uploads\/2019\/12\/letrehozok-014.jpg 330w, https:\/\/emlekpont.hu\/wp-content\/uploads\/2019\/12\/letrehozok-014-248x300.jpg 248w, https:\/\/emlekpont.hu\/wp-content\/uploads\/2019\/12\/letrehozok-014-230x279.jpg 230w\" sizes=\"(max-width: 330px) 100vw, 330px\" \/><\/figure><div class=\"elementor-image-box-content\"><p class=\"elementor-image-box-description\"><p style=\"text-align: justify\">1977-ben sz\u00fcletett Budapesten. 2001-ben szerzett diplom\u00e1t a budapesti K\u00e1roli G\u00e1sp\u00e1r Reform\u00e1tus Egyetem B\u00f6lcs\u00e9szettudom\u00e1nyi Kar\u00e1nak t\u00f6rt\u00e9nelem szak\u00e1n, 2002-ben pedig az ELTE szociol\u00f3gia szak\u00e1n. 2001-t\u0151l a K\u00f6z\u00e9p- \u00e9s Kelet-eur\u00f3pai T\u00f6rt\u00e9nelem \u00e9s T\u00e1rsadalom Kutat\u00e1s\u00e1\u00e9rt K\u00f6zalap\u00edtv\u00e1ny munkat\u00e1rsak\u00e9nt r\u00e9szt vett a Terror H\u00e1za M\u00fazeum \u00e1lland\u00f3 \u00e9s id\u0151szaki ki\u00e1ll\u00edt\u00e1sainak l\u00e9trehoz\u00e1s\u00e1ban. Kutat\u00e1si ter\u00fclete a nyilas mozgalom fejl\u0151d\u00e9se \u00e9s a nyilas uralom id\u0151szaka. 2003 \u00f3ta a PPKE T\u00f6rt\u00e9nettudom\u00e1nyi Doktori Iskol\u00e1j\u00e1nak hallgat\u00f3ja.\n<\/p><\/div><\/div>\t\t<\/div>\n\t\t\t\t<\/div>\n\t\t\t\t\t<\/div>\n\t\t<\/div>\n\t\t\t\t\t<\/div>\n\t\t<\/section>\n\t\t\t\t<\/div>\n\t\t","protected":false},"excerpt":{"rendered":"<p>1977-ben sz\u00fcletett Budapesten. 2001-ben szerzett diplom\u00e1t a budapesti K\u00e1roli G\u00e1sp\u00e1r Reform\u00e1tus Egyetem B\u00f6lcs\u00e9szettudom\u00e1nyi Kar\u00e1nak t\u00f6rt\u00e9nelem szak\u00e1n, 2002-ben pedig az ELTE szociol\u00f3gia szak\u00e1n. 2001-t\u0151l a K\u00f6z\u00e9p- \u00e9s Kelet-eur\u00f3pai T\u00f6rt\u00e9nelem \u00e9s T\u00e1rsadalom Kutat\u00e1s\u00e1\u00e9rt K\u00f6zalap\u00edtv\u00e1ny munkat\u00e1rsak\u00e9nt r\u00e9szt vett a Terror H\u00e1za M\u00fazeum \u00e1lland\u00f3 \u00e9s id\u0151szaki ki\u00e1ll\u00edt\u00e1sainak l\u00e9trehoz\u00e1s\u00e1ban. Kutat\u00e1si ter\u00fclete a nyilas mozgalom fejl\u0151d\u00e9se \u00e9s a nyilas uralom id\u0151szaka. [&hellip;]<\/p>\n","protected":false},"author":5,"featured_media":0,"comment_status":"closed","ping_status":"closed","sticky":false,"template":"","format":"standard","meta":{"footnotes":""},"categories":[7],"tags":[],"_links":{"self":[{"href":"https:\/\/emlekpont.hu\/index.php?rest_route=\/wp\/v2\/posts\/757"}],"collection":[{"href":"https:\/\/emlekpont.hu\/index.php?rest_route=\/wp\/v2\/posts"}],"about":[{"href":"https:\/\/emlekpont.hu\/index.php?rest_route=\/wp\/v2\/types\/post"}],"author":[{"embeddable":true,"href":"https:\/\/emlekpont.hu\/index.php?rest_route=\/wp\/v2\/users\/5"}],"replies":[{"embeddable":true,"href":"https:\/\/emlekpont.hu\/index.php?rest_route=%2Fwp%2Fv2%2Fcomments&post=757"}],"version-history":[{"count":2,"href":"https:\/\/emlekpont.hu\/index.php?rest_route=\/wp\/v2\/posts\/757\/revisions"}],"predecessor-version":[{"id":760,"href":"https:\/\/emlekpont.hu\/index.php?rest_route=\/wp\/v2\/posts\/757\/revisions\/760"}],"wp:attachment":[{"href":"https:\/\/emlekpont.hu\/index.php?rest_route=%2Fwp%2Fv2%2Fmedia&parent=757"}],"wp:term":[{"taxonomy":"category","embeddable":true,"href":"https:\/\/emlekpont.hu\/index.php?rest_route=%2Fwp%2Fv2%2Fcategories&post=757"},{"taxonomy":"post_tag","embeddable":true,"href":"https:\/\/emlekpont.hu\/index.php?rest_route=%2Fwp%2Fv2%2Ftags&post=757"}],"curies":[{"name":"wp","href":"https:\/\/api.w.org\/{rel}","templated":true}]}}