{"id":754,"date":"2019-12-06T15:11:29","date_gmt":"2019-12-06T15:11:29","guid":{"rendered":"https:\/\/emlekpont.hu\/?p=754"},"modified":"2019-12-06T15:12:00","modified_gmt":"2019-12-06T15:12:00","slug":"marko-gyorgy-tortenesz","status":"publish","type":"post","link":"https:\/\/emlekpont.hu\/?p=754","title":{"rendered":"Mark\u00f3 Gy\u00f6rgy, t\u00f6rt\u00e9n\u00e9sz"},"content":{"rendered":"\t\t<div data-elementor-type=\"wp-post\" data-elementor-id=\"754\" class=\"elementor elementor-754\" data-elementor-post-type=\"post\">\n\t\t\t\t\t\t<section class=\"elementor-section elementor-top-section elementor-element elementor-element-41cc053 elementor-section-boxed elementor-section-height-default elementor-section-height-default\" data-id=\"41cc053\" data-element_type=\"section\">\n\t\t\t\t\t\t<div class=\"elementor-container elementor-column-gap-default\">\n\t\t\t\t\t<div class=\"elementor-column elementor-col-100 elementor-top-column elementor-element elementor-element-ae3f651\" data-id=\"ae3f651\" data-element_type=\"column\">\n\t\t\t<div class=\"elementor-widget-wrap elementor-element-populated\">\n\t\t\t\t\t\t<div class=\"elementor-element elementor-element-b57816b elementor-position-top elementor-widget elementor-widget-image-box\" data-id=\"b57816b\" data-element_type=\"widget\" data-widget_type=\"image-box.default\">\n\t\t\t\t<div class=\"elementor-widget-container\">\n\t\t\t<div class=\"elementor-image-box-wrapper\"><figure class=\"elementor-image-box-img\"><img fetchpriority=\"high\" decoding=\"async\" width=\"330\" height=\"400\" src=\"https:\/\/emlekpont.hu\/wp-content\/uploads\/2019\/12\/letrehozok-013.jpg\" class=\"attachment-full size-full wp-image-617\" alt=\"\" srcset=\"https:\/\/emlekpont.hu\/wp-content\/uploads\/2019\/12\/letrehozok-013.jpg 330w, https:\/\/emlekpont.hu\/wp-content\/uploads\/2019\/12\/letrehozok-013-248x300.jpg 248w, https:\/\/emlekpont.hu\/wp-content\/uploads\/2019\/12\/letrehozok-013-230x279.jpg 230w\" sizes=\"(max-width: 330px) 100vw, 330px\" \/><\/figure><div class=\"elementor-image-box-content\"><p class=\"elementor-image-box-description\"><p style=\"text-align: justify\">1954-ben sz\u00fcletett Budapesten. Az ELTE B\u00f6lcs\u00e9szettudom\u00e1nyi Kar\u00e1n, k\u00f6nyvt\u00e1r-t\u00f6rt\u00e9nelem szakon szerzett diplom\u00e1t 1981-ben. 1974 \u00e9s 1981 k\u00f6z\u00f6tt a Hadt\u00f6rt\u00e9nelmi Lev\u00e9lt\u00e1r seg\u00e9dmunkat\u00e1rsa, 1987-t\u0151l igazgat\u00f3 helyettese, majd 1988-t\u00f3l 1997-ig a lev\u00e9lt\u00e1r igazgat\u00f3ja volt. 1985 \u00e9s 1987 k\u00f6z\u00f6tt a Hadt\u00f6rt\u00e9neti Int\u00e9zet munkat\u00e1rsa. 1997-t\u0151l 2003-ig a T\u00f6rt\u00e9neti Hivatal eln\u00f6ke. Jelenleg a Hadt\u00f6rt\u00e9neti Int\u00e9zet \u00e9s M\u00fazeum f\u0151igazgat\u00f3j\u00e1nak tudom\u00e1nyos helyettese. 1995-ben szerezte meg a hadtudom\u00e1ny kandid\u00e1tusa c\u00edmet. 1994-t\u0151l 1998-ig a Hadt\u00f6rt\u00e9nelmi K\u00f6zlem\u00e9nyek szerkeszt\u0151 bizotts\u00e1g\u00e1nak tagja. 1996-1998-t\u00f3l a Magyar Lev\u00e9lt\u00e1rosok Egyes\u00fclet\u00e9nek titk\u00e1ra.\n<\/p><\/div><\/div>\t\t<\/div>\n\t\t\t\t<\/div>\n\t\t\t\t\t<\/div>\n\t\t<\/div>\n\t\t\t\t\t<\/div>\n\t\t<\/section>\n\t\t\t\t<\/div>\n\t\t","protected":false},"excerpt":{"rendered":"<p>1954-ben sz\u00fcletett Budapesten. Az ELTE B\u00f6lcs\u00e9szettudom\u00e1nyi Kar\u00e1n, k\u00f6nyvt\u00e1r-t\u00f6rt\u00e9nelem szakon szerzett diplom\u00e1t 1981-ben. 1974 \u00e9s 1981 k\u00f6z\u00f6tt a Hadt\u00f6rt\u00e9nelmi Lev\u00e9lt\u00e1r seg\u00e9dmunkat\u00e1rsa, 1987-t\u0151l igazgat\u00f3 helyettese, majd 1988-t\u00f3l 1997-ig a lev\u00e9lt\u00e1r igazgat\u00f3ja volt. 1985 \u00e9s 1987 k\u00f6z\u00f6tt a Hadt\u00f6rt\u00e9neti Int\u00e9zet munkat\u00e1rsa. 1997-t\u0151l 2003-ig a T\u00f6rt\u00e9neti Hivatal eln\u00f6ke. Jelenleg a Hadt\u00f6rt\u00e9neti Int\u00e9zet \u00e9s M\u00fazeum f\u0151igazgat\u00f3j\u00e1nak tudom\u00e1nyos helyettese. 1995-ben szerezte [&hellip;]<\/p>\n","protected":false},"author":5,"featured_media":0,"comment_status":"closed","ping_status":"closed","sticky":false,"template":"","format":"standard","meta":{"footnotes":""},"categories":[7],"tags":[],"_links":{"self":[{"href":"https:\/\/emlekpont.hu\/index.php?rest_route=\/wp\/v2\/posts\/754"}],"collection":[{"href":"https:\/\/emlekpont.hu\/index.php?rest_route=\/wp\/v2\/posts"}],"about":[{"href":"https:\/\/emlekpont.hu\/index.php?rest_route=\/wp\/v2\/types\/post"}],"author":[{"embeddable":true,"href":"https:\/\/emlekpont.hu\/index.php?rest_route=\/wp\/v2\/users\/5"}],"replies":[{"embeddable":true,"href":"https:\/\/emlekpont.hu\/index.php?rest_route=%2Fwp%2Fv2%2Fcomments&post=754"}],"version-history":[{"count":2,"href":"https:\/\/emlekpont.hu\/index.php?rest_route=\/wp\/v2\/posts\/754\/revisions"}],"predecessor-version":[{"id":756,"href":"https:\/\/emlekpont.hu\/index.php?rest_route=\/wp\/v2\/posts\/754\/revisions\/756"}],"wp:attachment":[{"href":"https:\/\/emlekpont.hu\/index.php?rest_route=%2Fwp%2Fv2%2Fmedia&parent=754"}],"wp:term":[{"taxonomy":"category","embeddable":true,"href":"https:\/\/emlekpont.hu\/index.php?rest_route=%2Fwp%2Fv2%2Fcategories&post=754"},{"taxonomy":"post_tag","embeddable":true,"href":"https:\/\/emlekpont.hu\/index.php?rest_route=%2Fwp%2Fv2%2Ftags&post=754"}],"curies":[{"name":"wp","href":"https:\/\/api.w.org\/{rel}","templated":true}]}}