{"id":742,"date":"2019-12-06T15:07:41","date_gmt":"2019-12-06T15:07:41","guid":{"rendered":"https:\/\/emlekpont.hu\/?p=742"},"modified":"2019-12-06T15:08:07","modified_gmt":"2019-12-06T15:08:07","slug":"horvath-miklos-tortenesz-hadtortenesz","status":"publish","type":"post","link":"https:\/\/emlekpont.hu\/?p=742","title":{"rendered":"Horv\u00e1th Mikl\u00f3s, t\u00f6rt\u00e9n\u00e9sz, hadt\u00f6rt\u00e9n\u00e9sz"},"content":{"rendered":"\t\t<div data-elementor-type=\"wp-post\" data-elementor-id=\"742\" class=\"elementor elementor-742\" data-elementor-post-type=\"post\">\n\t\t\t\t\t\t<section class=\"elementor-section elementor-top-section elementor-element elementor-element-a05c06a elementor-section-boxed elementor-section-height-default elementor-section-height-default\" data-id=\"a05c06a\" data-element_type=\"section\">\n\t\t\t\t\t\t<div class=\"elementor-container elementor-column-gap-default\">\n\t\t\t\t\t<div class=\"elementor-column elementor-col-100 elementor-top-column elementor-element elementor-element-f633160\" data-id=\"f633160\" data-element_type=\"column\">\n\t\t\t<div class=\"elementor-widget-wrap elementor-element-populated\">\n\t\t\t\t\t\t<div class=\"elementor-element elementor-element-daa9e91 elementor-position-top elementor-widget elementor-widget-image-box\" data-id=\"daa9e91\" data-element_type=\"widget\" data-widget_type=\"image-box.default\">\n\t\t\t\t<div class=\"elementor-widget-container\">\n\t\t\t<div class=\"elementor-image-box-wrapper\"><figure class=\"elementor-image-box-img\"><img fetchpriority=\"high\" decoding=\"async\" width=\"330\" height=\"400\" src=\"https:\/\/emlekpont.hu\/wp-content\/uploads\/2019\/12\/letrehozok-005.jpg\" class=\"attachment-full size-full wp-image-644\" alt=\"\" srcset=\"https:\/\/emlekpont.hu\/wp-content\/uploads\/2019\/12\/letrehozok-005.jpg 330w, https:\/\/emlekpont.hu\/wp-content\/uploads\/2019\/12\/letrehozok-005-248x300.jpg 248w, https:\/\/emlekpont.hu\/wp-content\/uploads\/2019\/12\/letrehozok-005-230x279.jpg 230w\" sizes=\"(max-width: 330px) 100vw, 330px\" \/><\/figure><div class=\"elementor-image-box-content\"><p class=\"elementor-image-box-description\"><p style=\"text-align: justify\">1953-ban sz\u00fcletett K\u0151szegen. \u00c9retts\u00e9gi ut\u00e1n hivat\u00e1sos katonai p\u00e1ly\u00e1ra l\u00e9pett. A nyolcvanas \u00e9vekt\u0151l folytat hadt\u00f6rt\u00e9nelmi kutat\u00e1sokat. 1989-ben a politikatudom\u00e1nyok egyetemi doktora, 1996-ban a hadtudom\u00e1ny kandid\u00e1tusa, 2003-ban a Magyar Tudom\u00e1nyos Akad\u00e9mia doktora c\u00edmet szerezte meg. 2004-ben habilit\u00e1lt hadt\u00f6rt\u00e9nelemb\u0151l. 1990-t\u0151l a Hadt\u00f6rt\u00e9neti Int\u00e9zet \u00e9s M\u00fazeum kutat\u00f3ja, 2003 j\u00falius\u00e1t\u00f3l a Hadt\u00f6rt\u00e9neti Int\u00e9zet igazgat\u00f3ja. 2005. szeptember\u00e9t\u0151l a P\u00e1zm\u00e1ny P\u00e9ter Katolikus Egyetem B\u00f6lcs\u00e9szettudom\u00e1nyi Kar\u00e1nak kinevezett egyetemi tan\u00e1ra. A XX. Sz\u00e1z\u00e1d Int\u00e9zet k\u00fcls\u0151s munkat\u00e1rsa.<\/p><\/div><\/div>\t\t<\/div>\n\t\t\t\t<\/div>\n\t\t\t\t\t<\/div>\n\t\t<\/div>\n\t\t\t\t\t<\/div>\n\t\t<\/section>\n\t\t\t\t<\/div>\n\t\t","protected":false},"excerpt":{"rendered":"<p>1953-ban sz\u00fcletett K\u0151szegen. \u00c9retts\u00e9gi ut\u00e1n hivat\u00e1sos katonai p\u00e1ly\u00e1ra l\u00e9pett. A nyolcvanas \u00e9vekt\u0151l folytat hadt\u00f6rt\u00e9nelmi kutat\u00e1sokat. 1989-ben a politikatudom\u00e1nyok egyetemi doktora, 1996-ban a hadtudom\u00e1ny kandid\u00e1tusa, 2003-ban a Magyar Tudom\u00e1nyos Akad\u00e9mia doktora c\u00edmet szerezte meg. 2004-ben habilit\u00e1lt hadt\u00f6rt\u00e9nelemb\u0151l. 1990-t\u0151l a Hadt\u00f6rt\u00e9neti Int\u00e9zet \u00e9s M\u00fazeum kutat\u00f3ja, 2003 j\u00falius\u00e1t\u00f3l a Hadt\u00f6rt\u00e9neti Int\u00e9zet igazgat\u00f3ja. 2005. szeptember\u00e9t\u0151l a P\u00e1zm\u00e1ny P\u00e9ter Katolikus [&hellip;]<\/p>\n","protected":false},"author":5,"featured_media":0,"comment_status":"closed","ping_status":"closed","sticky":false,"template":"","format":"standard","meta":{"footnotes":""},"categories":[7],"tags":[],"_links":{"self":[{"href":"https:\/\/emlekpont.hu\/index.php?rest_route=\/wp\/v2\/posts\/742"}],"collection":[{"href":"https:\/\/emlekpont.hu\/index.php?rest_route=\/wp\/v2\/posts"}],"about":[{"href":"https:\/\/emlekpont.hu\/index.php?rest_route=\/wp\/v2\/types\/post"}],"author":[{"embeddable":true,"href":"https:\/\/emlekpont.hu\/index.php?rest_route=\/wp\/v2\/users\/5"}],"replies":[{"embeddable":true,"href":"https:\/\/emlekpont.hu\/index.php?rest_route=%2Fwp%2Fv2%2Fcomments&post=742"}],"version-history":[{"count":2,"href":"https:\/\/emlekpont.hu\/index.php?rest_route=\/wp\/v2\/posts\/742\/revisions"}],"predecessor-version":[{"id":744,"href":"https:\/\/emlekpont.hu\/index.php?rest_route=\/wp\/v2\/posts\/742\/revisions\/744"}],"wp:attachment":[{"href":"https:\/\/emlekpont.hu\/index.php?rest_route=%2Fwp%2Fv2%2Fmedia&parent=742"}],"wp:term":[{"taxonomy":"category","embeddable":true,"href":"https:\/\/emlekpont.hu\/index.php?rest_route=%2Fwp%2Fv2%2Fcategories&post=742"},{"taxonomy":"post_tag","embeddable":true,"href":"https:\/\/emlekpont.hu\/index.php?rest_route=%2Fwp%2Fv2%2Ftags&post=742"}],"curies":[{"name":"wp","href":"https:\/\/api.w.org\/{rel}","templated":true}]}}