{"id":738,"date":"2019-12-06T15:06:32","date_gmt":"2019-12-06T15:06:32","guid":{"rendered":"https:\/\/emlekpont.hu\/?p=738"},"modified":"2019-12-06T15:06:56","modified_gmt":"2019-12-06T15:06:56","slug":"elek-andras-agrarmernok","status":"publish","type":"post","link":"https:\/\/emlekpont.hu\/?p=738","title":{"rendered":"Elek Andr\u00e1s, agr\u00e1rm\u00e9rn\u00f6k"},"content":{"rendered":"\t\t<div data-elementor-type=\"wp-post\" data-elementor-id=\"738\" class=\"elementor elementor-738\" data-elementor-post-type=\"post\">\n\t\t\t\t\t\t<section class=\"elementor-section elementor-top-section elementor-element elementor-element-e751bd8 elementor-section-boxed elementor-section-height-default elementor-section-height-default\" data-id=\"e751bd8\" data-element_type=\"section\">\n\t\t\t\t\t\t<div class=\"elementor-container elementor-column-gap-default\">\n\t\t\t\t\t<div class=\"elementor-column elementor-col-100 elementor-top-column elementor-element elementor-element-d556d2e\" data-id=\"d556d2e\" data-element_type=\"column\">\n\t\t\t<div class=\"elementor-widget-wrap elementor-element-populated\">\n\t\t\t\t\t\t<div class=\"elementor-element elementor-element-3f884c1 elementor-position-top elementor-widget elementor-widget-image-box\" data-id=\"3f884c1\" data-element_type=\"widget\" data-widget_type=\"image-box.default\">\n\t\t\t\t<div class=\"elementor-widget-container\">\n\t\t\t<div class=\"elementor-image-box-wrapper\"><figure class=\"elementor-image-box-img\"><img fetchpriority=\"high\" decoding=\"async\" width=\"330\" height=\"400\" src=\"https:\/\/emlekpont.hu\/wp-content\/uploads\/2019\/12\/letrehozok-030.jpg\" class=\"attachment-full size-full wp-image-634\" alt=\"\" srcset=\"https:\/\/emlekpont.hu\/wp-content\/uploads\/2019\/12\/letrehozok-030.jpg 330w, https:\/\/emlekpont.hu\/wp-content\/uploads\/2019\/12\/letrehozok-030-248x300.jpg 248w, https:\/\/emlekpont.hu\/wp-content\/uploads\/2019\/12\/letrehozok-030-230x279.jpg 230w\" sizes=\"(max-width: 330px) 100vw, 330px\" \/><\/figure><div class=\"elementor-image-box-content\"><p class=\"elementor-image-box-description\"><p style=\"text-align: justify\">H\u00f3dmez\u0151v\u00e1s\u00e1rhelyen sz\u00fcletett 1978-ban. A Szegedi Tudom\u00e1nyegyetem Mez\u0151gazdas\u00e1gi F\u0151iskolai Kar\u00e1n szerzett agr\u00e1rm\u00e9rn\u00f6ki diplom\u00e1t. 2004-t\u0151l a h\u00f3dmez\u0151v\u00e1s\u00e1rhelyi Holokauszt M\u00fazeumban dolgozott t\u00e1rlatvezet\u0151k\u00e9nt. 2005. j\u00fanius 1. \u00f3ta az Eml\u00e9kpont Iroda munkat\u00e1ra.\n<\/p><\/div><\/div>\t\t<\/div>\n\t\t\t\t<\/div>\n\t\t\t\t\t<\/div>\n\t\t<\/div>\n\t\t\t\t\t<\/div>\n\t\t<\/section>\n\t\t\t\t<\/div>\n\t\t","protected":false},"excerpt":{"rendered":"<p>H\u00f3dmez\u0151v\u00e1s\u00e1rhelyen sz\u00fcletett 1978-ban. A Szegedi Tudom\u00e1nyegyetem Mez\u0151gazdas\u00e1gi F\u0151iskolai Kar\u00e1n szerzett agr\u00e1rm\u00e9rn\u00f6ki diplom\u00e1t. 2004-t\u0151l a h\u00f3dmez\u0151v\u00e1s\u00e1rhelyi Holokauszt M\u00fazeumban dolgozott t\u00e1rlatvezet\u0151k\u00e9nt. 2005. j\u00fanius 1. \u00f3ta az Eml\u00e9kpont Iroda munkat\u00e1ra.<\/p>\n","protected":false},"author":5,"featured_media":0,"comment_status":"closed","ping_status":"closed","sticky":false,"template":"","format":"standard","meta":{"footnotes":""},"categories":[7],"tags":[],"_links":{"self":[{"href":"https:\/\/emlekpont.hu\/index.php?rest_route=\/wp\/v2\/posts\/738"}],"collection":[{"href":"https:\/\/emlekpont.hu\/index.php?rest_route=\/wp\/v2\/posts"}],"about":[{"href":"https:\/\/emlekpont.hu\/index.php?rest_route=\/wp\/v2\/types\/post"}],"author":[{"embeddable":true,"href":"https:\/\/emlekpont.hu\/index.php?rest_route=\/wp\/v2\/users\/5"}],"replies":[{"embeddable":true,"href":"https:\/\/emlekpont.hu\/index.php?rest_route=%2Fwp%2Fv2%2Fcomments&post=738"}],"version-history":[{"count":2,"href":"https:\/\/emlekpont.hu\/index.php?rest_route=\/wp\/v2\/posts\/738\/revisions"}],"predecessor-version":[{"id":740,"href":"https:\/\/emlekpont.hu\/index.php?rest_route=\/wp\/v2\/posts\/738\/revisions\/740"}],"wp:attachment":[{"href":"https:\/\/emlekpont.hu\/index.php?rest_route=%2Fwp%2Fv2%2Fmedia&parent=738"}],"wp:term":[{"taxonomy":"category","embeddable":true,"href":"https:\/\/emlekpont.hu\/index.php?rest_route=%2Fwp%2Fv2%2Fcategories&post=738"},{"taxonomy":"post_tag","embeddable":true,"href":"https:\/\/emlekpont.hu\/index.php?rest_route=%2Fwp%2Fv2%2Ftags&post=738"}],"curies":[{"name":"wp","href":"https:\/\/api.w.org\/{rel}","templated":true}]}}