{"id":734,"date":"2019-12-06T15:05:16","date_gmt":"2019-12-06T15:05:16","guid":{"rendered":"https:\/\/emlekpont.hu\/?p=734"},"modified":"2019-12-06T15:05:57","modified_gmt":"2019-12-06T15:05:57","slug":"hoppal-kal-bulcsu-filozofus-teologus","status":"publish","type":"post","link":"https:\/\/emlekpont.hu\/?p=734","title":{"rendered":"Hopp\u00e1l K\u00e1l Bulcs\u00fa, filoz\u00f3fus, teol\u00f3gus"},"content":{"rendered":"\t\t<div data-elementor-type=\"wp-post\" data-elementor-id=\"734\" class=\"elementor elementor-734\" data-elementor-post-type=\"post\">\n\t\t\t\t\t\t<section class=\"elementor-section elementor-top-section elementor-element elementor-element-d99ec1e elementor-section-boxed elementor-section-height-default elementor-section-height-default\" data-id=\"d99ec1e\" data-element_type=\"section\">\n\t\t\t\t\t\t<div class=\"elementor-container elementor-column-gap-default\">\n\t\t\t\t\t<div class=\"elementor-column elementor-col-100 elementor-top-column elementor-element elementor-element-d77fe05\" data-id=\"d77fe05\" data-element_type=\"column\">\n\t\t\t<div class=\"elementor-widget-wrap elementor-element-populated\">\n\t\t\t\t\t\t<div class=\"elementor-element elementor-element-07b0041 elementor-position-top elementor-widget elementor-widget-image-box\" data-id=\"07b0041\" data-element_type=\"widget\" data-widget_type=\"image-box.default\">\n\t\t\t\t<div class=\"elementor-widget-container\">\n\t\t\t<div class=\"elementor-image-box-wrapper\"><figure class=\"elementor-image-box-img\"><img fetchpriority=\"high\" decoding=\"async\" width=\"330\" height=\"400\" src=\"https:\/\/emlekpont.hu\/wp-content\/uploads\/2019\/12\/letrehozok-004.jpg\" class=\"attachment-full size-full wp-image-643\" alt=\"\" srcset=\"https:\/\/emlekpont.hu\/wp-content\/uploads\/2019\/12\/letrehozok-004.jpg 330w, https:\/\/emlekpont.hu\/wp-content\/uploads\/2019\/12\/letrehozok-004-248x300.jpg 248w, https:\/\/emlekpont.hu\/wp-content\/uploads\/2019\/12\/letrehozok-004-230x279.jpg 230w\" sizes=\"(max-width: 330px) 100vw, 330px\" \/><\/figure><div class=\"elementor-image-box-content\"><p class=\"elementor-image-box-description\"><p style=\"text-align: justify\">1974-ben sz\u00fcletett Aba\u00fajsz\u00e1nt\u00f3n. 1994-ben kezdte meg tanulm\u00e1nyait a P\u00e1zm\u00e1ny P\u00e9ter Katolikus Egyetem teol\u00f3gia szak\u00e1n, ahol 1999-ben szerezte meg a Baccalaureus in Sacra Theologia oklevelet, majd 2002-ben Licentia in Sacra Theologia k\u00e9pes\u00edt\u00e9st szerzett. 1998 \u00e9s 2000 k\u00f6z\u00f6tt az E\u00f6tv\u00f6s Lor\u00e1nd Tudom\u00e1nyegyetem filoz\u00f3fia szakos hallgat\u00f3ja, majd 2002-ben doctorandus (Ph.D.) hallgat\u00f3 a P\u00e1zm\u00e1ny P\u00e9ter Katolikus Egyetemen. 2002-t\u0151l 2003-ig a Liechtenstein-i Nemzetk\u00f6zi Filoz\u00f3fiai Akad\u00e9mi\u00e1n tanult, ahol magiszter diplom\u00e1t szerzett. 2005 \u00f3ta az ELTE Filoz\u00f3fiai Doktori Iskola doctorandus hallgat\u00f3ja. 2004 november\u00e9t\u0151l a Terror H\u00e1za M\u00fazeum munkat\u00e1rsa.\n<\/p><\/div><\/div>\t\t<\/div>\n\t\t\t\t<\/div>\n\t\t\t\t\t<\/div>\n\t\t<\/div>\n\t\t\t\t\t<\/div>\n\t\t<\/section>\n\t\t\t\t<\/div>\n\t\t","protected":false},"excerpt":{"rendered":"<p>1974-ben sz\u00fcletett Aba\u00fajsz\u00e1nt\u00f3n. 1994-ben kezdte meg tanulm\u00e1nyait a P\u00e1zm\u00e1ny P\u00e9ter Katolikus Egyetem teol\u00f3gia szak\u00e1n, ahol 1999-ben szerezte meg a Baccalaureus in Sacra Theologia oklevelet, majd 2002-ben Licentia in Sacra Theologia k\u00e9pes\u00edt\u00e9st szerzett. 1998 \u00e9s 2000 k\u00f6z\u00f6tt az E\u00f6tv\u00f6s Lor\u00e1nd Tudom\u00e1nyegyetem filoz\u00f3fia szakos hallgat\u00f3ja, majd 2002-ben doctorandus (Ph.D.) hallgat\u00f3 a P\u00e1zm\u00e1ny P\u00e9ter Katolikus Egyetemen. 2002-t\u0151l 2003-ig [&hellip;]<\/p>\n","protected":false},"author":5,"featured_media":0,"comment_status":"closed","ping_status":"closed","sticky":false,"template":"","format":"standard","meta":{"footnotes":""},"categories":[7],"tags":[],"_links":{"self":[{"href":"https:\/\/emlekpont.hu\/index.php?rest_route=\/wp\/v2\/posts\/734"}],"collection":[{"href":"https:\/\/emlekpont.hu\/index.php?rest_route=\/wp\/v2\/posts"}],"about":[{"href":"https:\/\/emlekpont.hu\/index.php?rest_route=\/wp\/v2\/types\/post"}],"author":[{"embeddable":true,"href":"https:\/\/emlekpont.hu\/index.php?rest_route=\/wp\/v2\/users\/5"}],"replies":[{"embeddable":true,"href":"https:\/\/emlekpont.hu\/index.php?rest_route=%2Fwp%2Fv2%2Fcomments&post=734"}],"version-history":[{"count":2,"href":"https:\/\/emlekpont.hu\/index.php?rest_route=\/wp\/v2\/posts\/734\/revisions"}],"predecessor-version":[{"id":737,"href":"https:\/\/emlekpont.hu\/index.php?rest_route=\/wp\/v2\/posts\/734\/revisions\/737"}],"wp:attachment":[{"href":"https:\/\/emlekpont.hu\/index.php?rest_route=%2Fwp%2Fv2%2Fmedia&parent=734"}],"wp:term":[{"taxonomy":"category","embeddable":true,"href":"https:\/\/emlekpont.hu\/index.php?rest_route=%2Fwp%2Fv2%2Fcategories&post=734"},{"taxonomy":"post_tag","embeddable":true,"href":"https:\/\/emlekpont.hu\/index.php?rest_route=%2Fwp%2Fv2%2Ftags&post=734"}],"curies":[{"name":"wp","href":"https:\/\/api.w.org\/{rel}","templated":true}]}}