{"id":726,"date":"2019-12-06T15:00:23","date_gmt":"2019-12-06T15:00:23","guid":{"rendered":"https:\/\/emlekpont.hu\/?p=726"},"modified":"2019-12-06T15:00:53","modified_gmt":"2019-12-06T15:00:53","slug":"gero-andras-tortenesz","status":"publish","type":"post","link":"https:\/\/emlekpont.hu\/?p=726","title":{"rendered":"Ger\u0151 Andr\u00e1s, t\u00f6rt\u00e9n\u00e9sz"},"content":{"rendered":"\t\t<div data-elementor-type=\"wp-post\" data-elementor-id=\"726\" class=\"elementor elementor-726\" data-elementor-post-type=\"post\">\n\t\t\t\t\t\t<section class=\"elementor-section elementor-top-section elementor-element elementor-element-67863a9 elementor-section-boxed elementor-section-height-default elementor-section-height-default\" data-id=\"67863a9\" data-element_type=\"section\">\n\t\t\t\t\t\t<div class=\"elementor-container elementor-column-gap-default\">\n\t\t\t\t\t<div class=\"elementor-column elementor-col-100 elementor-top-column elementor-element elementor-element-f117abd\" data-id=\"f117abd\" data-element_type=\"column\">\n\t\t\t<div class=\"elementor-widget-wrap elementor-element-populated\">\n\t\t\t\t\t\t<div class=\"elementor-element elementor-element-b5fd6a4 elementor-position-top elementor-widget elementor-widget-image-box\" data-id=\"b5fd6a4\" data-element_type=\"widget\" data-widget_type=\"image-box.default\">\n\t\t\t\t<div class=\"elementor-widget-container\">\n\t\t\t<div class=\"elementor-image-box-wrapper\"><figure class=\"elementor-image-box-img\"><img fetchpriority=\"high\" decoding=\"async\" width=\"330\" height=\"400\" src=\"https:\/\/emlekpont.hu\/wp-content\/uploads\/2019\/12\/letrehozok-034.jpg\" class=\"attachment-full size-full wp-image-638\" alt=\"\" srcset=\"https:\/\/emlekpont.hu\/wp-content\/uploads\/2019\/12\/letrehozok-034.jpg 330w, https:\/\/emlekpont.hu\/wp-content\/uploads\/2019\/12\/letrehozok-034-248x300.jpg 248w, https:\/\/emlekpont.hu\/wp-content\/uploads\/2019\/12\/letrehozok-034-230x279.jpg 230w\" sizes=\"(max-width: 330px) 100vw, 330px\" \/><\/figure><div class=\"elementor-image-box-content\"><p class=\"elementor-image-box-description\"><p style=\"text-align: justify\">1952-ben sz\u00fcletett Budapesten. A Habsburg T\u00f6rt\u00e9neti Int\u00e9zet igazgat\u00f3ja. Az ELTE B\u00f6lcs\u00e9szettudom\u00e1nyi Kar Gazdas\u00e1g- \u00e9s T\u00e1rsadalomt\u00f6rt\u00e9neti Tansz\u00e9k\u00e9n tansz\u00e9kvezet\u0151 egyetemi tan\u00e1r, a K\u00f6z\u00e9p-Eur\u00f3pai Egyetem oktat\u00f3ja. Kutat\u00e1si ter\u00fclete az Osztr\u00e1k-Magyar Monarchia kora, a polg\u00e1rosod\u00e1s, a szimbolikus politika t\u00f6rt\u00e9nete. A Budapesti Negyed f\u0151szerkeszt\u0151je, a Sz\u00e1zadok szerkeszt\u0151bizotts\u00e1g\u00e1nak tagja.<\/p><\/div><\/div>\t\t<\/div>\n\t\t\t\t<\/div>\n\t\t\t\t\t<\/div>\n\t\t<\/div>\n\t\t\t\t\t<\/div>\n\t\t<\/section>\n\t\t\t\t<\/div>\n\t\t","protected":false},"excerpt":{"rendered":"<p>1952-ben sz\u00fcletett Budapesten. A Habsburg T\u00f6rt\u00e9neti Int\u00e9zet igazgat\u00f3ja. Az ELTE B\u00f6lcs\u00e9szettudom\u00e1nyi Kar Gazdas\u00e1g- \u00e9s T\u00e1rsadalomt\u00f6rt\u00e9neti Tansz\u00e9k\u00e9n tansz\u00e9kvezet\u0151 egyetemi tan\u00e1r, a K\u00f6z\u00e9p-Eur\u00f3pai Egyetem oktat\u00f3ja. Kutat\u00e1si ter\u00fclete az Osztr\u00e1k-Magyar Monarchia kora, a polg\u00e1rosod\u00e1s, a szimbolikus politika t\u00f6rt\u00e9nete. A Budapesti Negyed f\u0151szerkeszt\u0151je, a Sz\u00e1zadok szerkeszt\u0151bizotts\u00e1g\u00e1nak tagja.<\/p>\n","protected":false},"author":5,"featured_media":0,"comment_status":"closed","ping_status":"closed","sticky":false,"template":"","format":"standard","meta":{"footnotes":""},"categories":[7],"tags":[],"_links":{"self":[{"href":"https:\/\/emlekpont.hu\/index.php?rest_route=\/wp\/v2\/posts\/726"}],"collection":[{"href":"https:\/\/emlekpont.hu\/index.php?rest_route=\/wp\/v2\/posts"}],"about":[{"href":"https:\/\/emlekpont.hu\/index.php?rest_route=\/wp\/v2\/types\/post"}],"author":[{"embeddable":true,"href":"https:\/\/emlekpont.hu\/index.php?rest_route=\/wp\/v2\/users\/5"}],"replies":[{"embeddable":true,"href":"https:\/\/emlekpont.hu\/index.php?rest_route=%2Fwp%2Fv2%2Fcomments&post=726"}],"version-history":[{"count":2,"href":"https:\/\/emlekpont.hu\/index.php?rest_route=\/wp\/v2\/posts\/726\/revisions"}],"predecessor-version":[{"id":728,"href":"https:\/\/emlekpont.hu\/index.php?rest_route=\/wp\/v2\/posts\/726\/revisions\/728"}],"wp:attachment":[{"href":"https:\/\/emlekpont.hu\/index.php?rest_route=%2Fwp%2Fv2%2Fmedia&parent=726"}],"wp:term":[{"taxonomy":"category","embeddable":true,"href":"https:\/\/emlekpont.hu\/index.php?rest_route=%2Fwp%2Fv2%2Fcategories&post=726"},{"taxonomy":"post_tag","embeddable":true,"href":"https:\/\/emlekpont.hu\/index.php?rest_route=%2Fwp%2Fv2%2Ftags&post=726"}],"curies":[{"name":"wp","href":"https:\/\/api.w.org\/{rel}","templated":true}]}}