{"id":723,"date":"2019-12-06T14:58:06","date_gmt":"2019-12-06T14:58:06","guid":{"rendered":"https:\/\/emlekpont.hu\/?p=723"},"modified":"2019-12-06T14:59:10","modified_gmt":"2019-12-06T14:59:10","slug":"baracs-gabriella-etelka-foiskolai-docens","status":"publish","type":"post","link":"https:\/\/emlekpont.hu\/?p=723","title":{"rendered":"Baracs Gabriella Etelka, f\u0151iskolai docens"},"content":{"rendered":"\t\t<div data-elementor-type=\"wp-post\" data-elementor-id=\"723\" class=\"elementor elementor-723\" data-elementor-post-type=\"post\">\n\t\t\t\t\t\t<section class=\"elementor-section elementor-top-section elementor-element elementor-element-8f6c89b elementor-section-boxed elementor-section-height-default elementor-section-height-default\" data-id=\"8f6c89b\" data-element_type=\"section\">\n\t\t\t\t\t\t<div class=\"elementor-container elementor-column-gap-default\">\n\t\t\t\t\t<div class=\"elementor-column elementor-col-100 elementor-top-column elementor-element elementor-element-2c5df5d\" data-id=\"2c5df5d\" data-element_type=\"column\">\n\t\t\t<div class=\"elementor-widget-wrap elementor-element-populated\">\n\t\t\t\t\t\t<div class=\"elementor-element elementor-element-054ba14 elementor-position-top elementor-widget elementor-widget-image-box\" data-id=\"054ba14\" data-element_type=\"widget\" data-widget_type=\"image-box.default\">\n\t\t\t\t<div class=\"elementor-widget-container\">\n\t\t\t<div class=\"elementor-image-box-wrapper\"><figure class=\"elementor-image-box-img\"><img fetchpriority=\"high\" decoding=\"async\" width=\"330\" height=\"400\" src=\"https:\/\/emlekpont.hu\/wp-content\/uploads\/2019\/12\/letrehozok-027.jpg\" class=\"attachment-full size-full wp-image-631\" alt=\"\" srcset=\"https:\/\/emlekpont.hu\/wp-content\/uploads\/2019\/12\/letrehozok-027.jpg 330w, https:\/\/emlekpont.hu\/wp-content\/uploads\/2019\/12\/letrehozok-027-248x300.jpg 248w, https:\/\/emlekpont.hu\/wp-content\/uploads\/2019\/12\/letrehozok-027-230x279.jpg 230w\" sizes=\"(max-width: 330px) 100vw, 330px\" \/><\/figure><div class=\"elementor-image-box-content\"><p class=\"elementor-image-box-description\"><p style=\"text-align: justify\">H\u00f3dmez\u0151v\u00e1s\u00e1rhelyen sz\u00fcletett, 1947 -ben. A szegedi J\u00f3zsef Attila Tudom\u00e1nyegyetem magyar-t\u00f6rt\u00e9nelem szak\u00e1n 1970-ben szerzett diplom\u00e1t. 1977-ben Szegeden doktor\u00e1l, h\u00e1rom \u00e9v m\u00falva elv\u00e9gzi az ELTE filoz\u00f3fia szakot. 1994-ben megkezdi a Debreceni Reform\u00e1tus Teol\u00f3giai Akad\u00e9mi\u00e1n a vall\u00e1stan\u00e1r szakot, ahol vall\u00e1stan\u00e1ri oklevelet szerez. Tanulm\u00e1ny\u00faton j\u00e1rt a Szovjetuni\u00f3ban, Belgiumban, Lengyelorsz\u00e1gban, N\u00e9metorsz\u00e1gban, Angli\u00e1ban \u00e9s \u00cdrorsz\u00e1gban. 1970-1976-ig a h\u00f3dmez\u0151v\u00e1s\u00e1rhelyi Kereskedelmi \u00e9s Vend\u00e9gl\u00e1t\u00f3ipari Szakmunk\u00e1sk\u00e9pz\u0151 \u00e9s Szakk\u00f6z\u00e9piskola tan\u00e1ra. 1976-ban a h\u00f3dmez\u0151v\u00e1s\u00e1rhelyi DATE Mez\u0151gazdas\u00e1gi F\u0151iskol\u00e1n tan\u00e1rseg\u00e9d, majd f\u0151iskolai docens; 1996 \u00f3ta megb\u00edzott tansz\u00e9kvezet\u0151.<\/p><\/div><\/div>\t\t<\/div>\n\t\t\t\t<\/div>\n\t\t\t\t\t<\/div>\n\t\t<\/div>\n\t\t\t\t\t<\/div>\n\t\t<\/section>\n\t\t\t\t<\/div>\n\t\t","protected":false},"excerpt":{"rendered":"<p>H\u00f3dmez\u0151v\u00e1s\u00e1rhelyen sz\u00fcletett, 1947 -ben. A szegedi J\u00f3zsef Attila Tudom\u00e1nyegyetem magyar-t\u00f6rt\u00e9nelem szak\u00e1n 1970-ben szerzett diplom\u00e1t. 1977-ben Szegeden doktor\u00e1l, h\u00e1rom \u00e9v m\u00falva elv\u00e9gzi az ELTE filoz\u00f3fia szakot. 1994-ben megkezdi a Debreceni Reform\u00e1tus Teol\u00f3giai Akad\u00e9mi\u00e1n a vall\u00e1stan\u00e1r szakot, ahol vall\u00e1stan\u00e1ri oklevelet szerez. Tanulm\u00e1ny\u00faton j\u00e1rt a Szovjetuni\u00f3ban, Belgiumban, Lengyelorsz\u00e1gban, N\u00e9metorsz\u00e1gban, Angli\u00e1ban \u00e9s \u00cdrorsz\u00e1gban. 1970-1976-ig a h\u00f3dmez\u0151v\u00e1s\u00e1rhelyi Kereskedelmi \u00e9s Vend\u00e9gl\u00e1t\u00f3ipari [&hellip;]<\/p>\n","protected":false},"author":5,"featured_media":0,"comment_status":"closed","ping_status":"closed","sticky":false,"template":"","format":"standard","meta":{"footnotes":""},"categories":[7],"tags":[],"_links":{"self":[{"href":"https:\/\/emlekpont.hu\/index.php?rest_route=\/wp\/v2\/posts\/723"}],"collection":[{"href":"https:\/\/emlekpont.hu\/index.php?rest_route=\/wp\/v2\/posts"}],"about":[{"href":"https:\/\/emlekpont.hu\/index.php?rest_route=\/wp\/v2\/types\/post"}],"author":[{"embeddable":true,"href":"https:\/\/emlekpont.hu\/index.php?rest_route=\/wp\/v2\/users\/5"}],"replies":[{"embeddable":true,"href":"https:\/\/emlekpont.hu\/index.php?rest_route=%2Fwp%2Fv2%2Fcomments&post=723"}],"version-history":[{"count":2,"href":"https:\/\/emlekpont.hu\/index.php?rest_route=\/wp\/v2\/posts\/723\/revisions"}],"predecessor-version":[{"id":725,"href":"https:\/\/emlekpont.hu\/index.php?rest_route=\/wp\/v2\/posts\/723\/revisions\/725"}],"wp:attachment":[{"href":"https:\/\/emlekpont.hu\/index.php?rest_route=%2Fwp%2Fv2%2Fmedia&parent=723"}],"wp:term":[{"taxonomy":"category","embeddable":true,"href":"https:\/\/emlekpont.hu\/index.php?rest_route=%2Fwp%2Fv2%2Fcategories&post=723"},{"taxonomy":"post_tag","embeddable":true,"href":"https:\/\/emlekpont.hu\/index.php?rest_route=%2Fwp%2Fv2%2Ftags&post=723"}],"curies":[{"name":"wp","href":"https:\/\/api.w.org\/{rel}","templated":true}]}}