{"id":7217,"date":"2020-09-28T08:53:11","date_gmt":"2020-09-28T08:53:11","guid":{"rendered":"http:\/\/emlekpont.hu\/?p=7217"},"modified":"2020-09-28T08:53:13","modified_gmt":"2020-09-28T08:53:13","slug":"regio-hagyomany-tortenet-eloadasok-a-sokszinu-del-alfoldrol","status":"publish","type":"post","link":"https:\/\/emlekpont.hu\/?p=7217","title":{"rendered":"R\u00e9gi\u00f3, hagyom\u00e1ny, t\u00f6rt\u00e9net. El\u0151ad\u00e1sok a soksz\u00edn\u0171 D\u00e9l-Alf\u00f6ldr\u0151l"},"content":{"rendered":"\n<p><strong>A B\u00e1lint S\u00e1ndor Szellemi \u00d6r\u00f6ks\u00e9g\u00e9\u00e9rt Alap\u00edtv\u00e1ny R\u00e9gi\u00f3, hagyom\u00e1ny, t\u00f6rt\u00e9net c\u00edmmel rendezett konferenci\u00e1t. Az esem\u00e9nyen Mikl\u00f3s P\u00e9ter, a Tornyai J\u00e1nos M\u00fazeum igazgat\u00f3ja is el\u0151ad\u00e1st tartott.<\/strong><\/p>\n\n\n\n<figure class=\"wp-block-image size-large\"><img fetchpriority=\"high\" decoding=\"async\" width=\"1024\" height=\"624\" src=\"http:\/\/emlekpont.hu\/wp-content\/uploads\/2020\/09\/2020_0926_MP_01a.jpg\" alt=\"\" class=\"wp-image-7218\" srcset=\"https:\/\/emlekpont.hu\/wp-content\/uploads\/2020\/09\/2020_0926_MP_01a.jpg 1024w, https:\/\/emlekpont.hu\/wp-content\/uploads\/2020\/09\/2020_0926_MP_01a-300x183.jpg 300w, https:\/\/emlekpont.hu\/wp-content\/uploads\/2020\/09\/2020_0926_MP_01a-768x468.jpg 768w, https:\/\/emlekpont.hu\/wp-content\/uploads\/2020\/09\/2020_0926_MP_01a-830x506.jpg 830w, https:\/\/emlekpont.hu\/wp-content\/uploads\/2020\/09\/2020_0926_MP_01a-230x140.jpg 230w, https:\/\/emlekpont.hu\/wp-content\/uploads\/2020\/09\/2020_0926_MP_01a-350x213.jpg 350w, https:\/\/emlekpont.hu\/wp-content\/uploads\/2020\/09\/2020_0926_MP_01a-480x293.jpg 480w\" sizes=\"(max-width: 1024px) 100vw, 1024px\" \/><figcaption>smart<\/figcaption><\/figure>\n\n\n\n<p>R\u00e9gi\u00f3, hagyom\u00e1ny, t\u00f6rt\u00e9net c\u00edmmel rendezett t\u00f6rt\u00e9nelmi konferenci\u00e1t a szegedi B\u00e1lint S\u00e1ndor Szellemi \u00d6r\u00f6ks\u00e9g\u00e9rt Alap\u00edtv\u00e1ny \u00e9s a Sz\u0151regi Bar\u00e1ti T\u00e1rsas\u00e1g a szeged-sz\u0151regi faluh\u00e1zban. A k\u00e9t civilszervezet \u00e1ltal koordin\u00e1lt esem\u00e9ny el\u0151ad\u00f3i k\u00f6z\u00f6tt volt Mikl\u00f3s P\u00e9ter, a h\u00f3dmez\u0151v\u00e1s\u00e1rhelyi Tornyai J\u00e1nos M\u00fazeum igazgat\u00f3ja \u00e9s Bene Zolt\u00e1n \u00edr\u00f3, szerkeszt\u0151, essz\u00e9ista, a Szeged c\u00edm\u0171 foly\u00f3irat f\u0151szerkeszt\u0151je is.<\/p>\n\n\n\n<figure class=\"wp-block-image size-large\"><img decoding=\"async\" width=\"1024\" height=\"768\" src=\"http:\/\/emlekpont.hu\/wp-content\/uploads\/2020\/09\/2020_0926_MP_04.jpg\" alt=\"\" class=\"wp-image-7219\" srcset=\"https:\/\/emlekpont.hu\/wp-content\/uploads\/2020\/09\/2020_0926_MP_04.jpg 1024w, https:\/\/emlekpont.hu\/wp-content\/uploads\/2020\/09\/2020_0926_MP_04-300x225.jpg 300w, https:\/\/emlekpont.hu\/wp-content\/uploads\/2020\/09\/2020_0926_MP_04-768x576.jpg 768w, https:\/\/emlekpont.hu\/wp-content\/uploads\/2020\/09\/2020_0926_MP_04-830x623.jpg 830w, https:\/\/emlekpont.hu\/wp-content\/uploads\/2020\/09\/2020_0926_MP_04-230x173.jpg 230w, https:\/\/emlekpont.hu\/wp-content\/uploads\/2020\/09\/2020_0926_MP_04-350x263.jpg 350w, https:\/\/emlekpont.hu\/wp-content\/uploads\/2020\/09\/2020_0926_MP_04-480x360.jpg 480w\" sizes=\"(max-width: 1024px) 100vw, 1024px\" \/><\/figure>\n\n\n\n<p>Mikl\u00f3s P\u00e9ter a D\u00e9l-Alf\u00f6ldr\u0151l, mint t\u00f6rt\u00e9neti r\u00e9gi\u00f3r\u00f3l besz\u00e9lt, s a t\u00e9rs\u00e9get \u00f6t dimenzi\u00f3 \u2013 az etnikai soksz\u00edn\u0171s\u00e9g, a gazdas\u00e1gi tartalmak, az oktat\u00e1si, kultur\u00e1lis \u00e9s tudom\u00e1nyos ter\u00fcletek, valamint a hat\u00e1rmentis\u00e9g \u00e9s civiliz\u00e1ci\u00f3s kontaktz\u00f3na jelleg \u2013 ment\u00e9n vizsg\u00e1lta. Bene Zolt\u00e1n Szeged \u00e9s a k\u00f6rny\u00e9kbeli falvak kapcsolat\u00e1r\u00f3l sz\u00f3lt refer\u00e1tum\u00e1ban, valamint a lok\u00e1lis kort\u00e1rs irodalmi t\u00f6rekv\u00e9sekben helyezte el a d\u00e9l-alf\u00f6ldi \u00edrok vil\u00e1g\u00e1t.<\/p>\n\n\n\n<figure class=\"wp-block-image size-large\"><img decoding=\"async\" width=\"1024\" height=\"768\" src=\"http:\/\/emlekpont.hu\/wp-content\/uploads\/2020\/09\/2020_0926_MP_02.jpg\" alt=\"\" class=\"wp-image-7221\" srcset=\"https:\/\/emlekpont.hu\/wp-content\/uploads\/2020\/09\/2020_0926_MP_02.jpg 1024w, https:\/\/emlekpont.hu\/wp-content\/uploads\/2020\/09\/2020_0926_MP_02-300x225.jpg 300w, https:\/\/emlekpont.hu\/wp-content\/uploads\/2020\/09\/2020_0926_MP_02-768x576.jpg 768w, https:\/\/emlekpont.hu\/wp-content\/uploads\/2020\/09\/2020_0926_MP_02-830x623.jpg 830w, https:\/\/emlekpont.hu\/wp-content\/uploads\/2020\/09\/2020_0926_MP_02-230x173.jpg 230w, https:\/\/emlekpont.hu\/wp-content\/uploads\/2020\/09\/2020_0926_MP_02-350x263.jpg 350w, https:\/\/emlekpont.hu\/wp-content\/uploads\/2020\/09\/2020_0926_MP_02-480x360.jpg 480w\" sizes=\"(max-width: 1024px) 100vw, 1024px\" \/><\/figure>\n\n\n\n<p>A rendezv\u00e9nyt a Nemzeti Egy\u00fcttm\u0171k\u00f6d\u00e9si Alap anyagi t\u00e1mogat\u00e1sa tette lehet\u0151v\u00e9, amelynek eredm\u00e9nyek\u00e9nt a B\u00e1lint S\u00e1ndor Szellemi \u00d6r\u00f6ks\u00e9g\u00e9\u00e9rt Alap\u00edtv\u00e1ny egy tanulm\u00e1nyk\u00f6tet is megjelentetett erre az alkalomra.<\/p>\n","protected":false},"excerpt":{"rendered":"<p>A B\u00e1lint S\u00e1ndor Szellemi \u00d6r\u00f6ks\u00e9g\u00e9\u00e9rt Alap\u00edtv\u00e1ny R\u00e9gi\u00f3, hagyom\u00e1ny, t\u00f6rt\u00e9net c\u00edmmel rendezett konferenci\u00e1t. Az esem\u00e9nyen Mikl\u00f3s P\u00e9ter, a Tornyai J\u00e1nos M\u00fazeum igazgat\u00f3ja is el\u0151ad\u00e1st tartott. R\u00e9gi\u00f3, hagyom\u00e1ny, t\u00f6rt\u00e9net c\u00edmmel rendezett t\u00f6rt\u00e9nelmi konferenci\u00e1t a szegedi B\u00e1lint S\u00e1ndor Szellemi \u00d6r\u00f6ks\u00e9g\u00e9rt Alap\u00edtv\u00e1ny \u00e9s a Sz\u0151regi Bar\u00e1ti T\u00e1rsas\u00e1g a szeged-sz\u0151regi faluh\u00e1zban. A k\u00e9t civilszervezet \u00e1ltal koordin\u00e1lt esem\u00e9ny el\u0151ad\u00f3i k\u00f6z\u00f6tt volt [&hellip;]<\/p>\n","protected":false},"author":5,"featured_media":7222,"comment_status":"closed","ping_status":"closed","sticky":false,"template":"","format":"standard","meta":{"footnotes":""},"categories":[8],"tags":[],"_links":{"self":[{"href":"https:\/\/emlekpont.hu\/index.php?rest_route=\/wp\/v2\/posts\/7217"}],"collection":[{"href":"https:\/\/emlekpont.hu\/index.php?rest_route=\/wp\/v2\/posts"}],"about":[{"href":"https:\/\/emlekpont.hu\/index.php?rest_route=\/wp\/v2\/types\/post"}],"author":[{"embeddable":true,"href":"https:\/\/emlekpont.hu\/index.php?rest_route=\/wp\/v2\/users\/5"}],"replies":[{"embeddable":true,"href":"https:\/\/emlekpont.hu\/index.php?rest_route=%2Fwp%2Fv2%2Fcomments&post=7217"}],"version-history":[{"count":1,"href":"https:\/\/emlekpont.hu\/index.php?rest_route=\/wp\/v2\/posts\/7217\/revisions"}],"predecessor-version":[{"id":7223,"href":"https:\/\/emlekpont.hu\/index.php?rest_route=\/wp\/v2\/posts\/7217\/revisions\/7223"}],"wp:featuredmedia":[{"embeddable":true,"href":"https:\/\/emlekpont.hu\/index.php?rest_route=\/wp\/v2\/media\/7222"}],"wp:attachment":[{"href":"https:\/\/emlekpont.hu\/index.php?rest_route=%2Fwp%2Fv2%2Fmedia&parent=7217"}],"wp:term":[{"taxonomy":"category","embeddable":true,"href":"https:\/\/emlekpont.hu\/index.php?rest_route=%2Fwp%2Fv2%2Fcategories&post=7217"},{"taxonomy":"post_tag","embeddable":true,"href":"https:\/\/emlekpont.hu\/index.php?rest_route=%2Fwp%2Fv2%2Ftags&post=7217"}],"curies":[{"name":"wp","href":"https:\/\/api.w.org\/{rel}","templated":true}]}}