{"id":7213,"date":"2020-09-28T08:31:05","date_gmt":"2020-09-28T08:31:05","guid":{"rendered":"http:\/\/emlekpont.hu\/?p=7213"},"modified":"2020-09-28T08:31:07","modified_gmt":"2020-09-28T08:31:07","slug":"ongyilkossag-es-alkoholizmus-kiserte-a-teeszesitest-menekultek-a-parasztok-a-kozosbol","status":"publish","type":"post","link":"https:\/\/emlekpont.hu\/?p=7213","title":{"rendered":"\u00d6ngyilkoss\u00e1g \u00e9s alkoholizmus k\u00eds\u00e9rte a t\u00e9eszes\u00edt\u00e9st. Menek\u00fcltek a parasztok a k\u00f6z\u00f6sb\u0151l"},"content":{"rendered":"\n<p><strong>Dr. Mikl\u00f3s P\u00e9terrel, a h\u00f3dmez\u0151v\u00e1s\u00e1rhelyi Tornyai J\u00e1nos M\u00fazeum igazgat\u00f3j\u00e1val, az Eml\u00e9kpont int\u00e9zm\u00e9nyvezet\u0151j\u00e9vel a D\u00e9lmagyarorsz\u00e1g 2020. szeptember 28-i sz\u00e1m\u00e1ban jelent meg interj\u00fa.<\/strong><\/p>\n\n\n\n<p>Eleinte brut\u00e1lis er\u0151szakkal, a kollektiviz\u00e1l\u00e1s m\u00e1sodik hull\u00e1m\u00e1ban agit\u00e1l\u00e1ssal \u00e9s zsarol\u00e1ssal k\u00e9nyszer\u00edtett\u00e9k bele a magyar parasztokat a termel\u0151sz\u00f6vetkezetekbe. Az utols\u00f3 f\u00fcggetlen r\u00e9teget t\u00fcntett\u00e9k el \u00edgy: a vid\u00e9k elsorvaszt\u00e1s\u00e1t m\u00e1ig ny\u00f6gi az orsz\u00e1g. A kiterjedt tanyavil\u00e1g miatt megy\u00e9nket k\u00fcl\u00f6n\u00f6sen s\u00falyosan \u00e9rintette a kollektiviz\u00e1l\u00e1s, amely orsz\u00e1gszerte \u00f6ngyilkoss\u00e1gi hull\u00e1mot \u00e9s az alkoholizmus n\u00e9pbetegs\u00e9gg\u00e9 v\u00e1l\u00e1s\u00e1t hozta mag\u00e1val.<\/p>\n\n\n\n<figure class=\"wp-block-image size-large\"><img fetchpriority=\"high\" decoding=\"async\" width=\"617\" height=\"1024\" src=\"http:\/\/emlekpont.hu\/wp-content\/uploads\/2020\/09\/DM-\u00d6ngy-617x1024.jpg\" alt=\"\" class=\"wp-image-7214\" srcset=\"https:\/\/emlekpont.hu\/wp-content\/uploads\/2020\/09\/DM-\u00d6ngy-617x1024.jpg 617w, https:\/\/emlekpont.hu\/wp-content\/uploads\/2020\/09\/DM-\u00d6ngy-181x300.jpg 181w, https:\/\/emlekpont.hu\/wp-content\/uploads\/2020\/09\/DM-\u00d6ngy-768x1275.jpg 768w, https:\/\/emlekpont.hu\/wp-content\/uploads\/2020\/09\/DM-\u00d6ngy-925x1536.jpg 925w, https:\/\/emlekpont.hu\/wp-content\/uploads\/2020\/09\/DM-\u00d6ngy-1234x2048.jpg 1234w, https:\/\/emlekpont.hu\/wp-content\/uploads\/2020\/09\/DM-\u00d6ngy-830x1378.jpg 830w, https:\/\/emlekpont.hu\/wp-content\/uploads\/2020\/09\/DM-\u00d6ngy-230x382.jpg 230w, https:\/\/emlekpont.hu\/wp-content\/uploads\/2020\/09\/DM-\u00d6ngy-350x581.jpg 350w, https:\/\/emlekpont.hu\/wp-content\/uploads\/2020\/09\/DM-\u00d6ngy-480x797.jpg 480w, https:\/\/emlekpont.hu\/wp-content\/uploads\/2020\/09\/DM-\u00d6ngy-scaled.jpg 1542w\" sizes=\"(max-width: 617px) 100vw, 617px\" \/><\/figure>\n\n\n\n<p>\u201eFelvil\u00e1gos\u00edt\u00f3 munk\u00e1val gy\u0151zz\u00fck meg a dolgoz\u00f3 paraszts\u00e1got a nagy\u00fczemi gazd\u00e1lkod\u00e1s el\u0151nyeir\u0151l\u201d \u2013 ezzel a c\u00edmmel jelent meg az 1950. augusztus 11-ei D\u00e9lmagyarorsz\u00e1gban egy cikk, amelyb\u0151l kider\u00fcl: a h\u00f3dmez\u0151v\u00e1s\u00e1rhelyi D\u00f3zsa termel\u0151sz\u00f6vetkezet versenyre h\u00edvta ki az azonos nev\u0171 nagysz\u00e9n\u00e1si t\u00e9eszt. \u201eA dolgoz\u00f3 parasztok csod\u00e1lattal szeml\u00e9lt\u00e9k a termel\u0151sz\u00f6vetkezet gazdas\u00e1g\u00e1t.\u201d \u201eA lebuk\u00f3 nap utols\u00f3 sugarai \u00e1tsz\u0171r\u0151dnek az ak\u00e1cf\u00e1k levelein, amikor a termel\u0151sz\u00f6vetkezet tagjai \u00f6sszegy\u0171lnek gazdas\u00e1guk udvar\u00e1n\u201d \u2013 hasonl\u00f3 mondatokkal idillik\u00e9nt festett\u00e9k le a kollektiviz\u00e1l\u00e1s ut\u00e1ni \u00e1llapotokat. Hogy mennyire nem volt az, arr\u00f3l Mikl\u00f3s P\u00e9ter t\u00f6rt\u00e9n\u00e9sz, a v\u00e1s\u00e1rhelyi Tornyai J\u00e1nos M\u00fazeum igazgat\u00f3ja besz\u00e9lt lapunknak. A vid\u00e9k elsorvaszt\u00e1s\u00e1nak gyakorlat\u00e1t m\u00e1ig ny\u00f6gi az orsz\u00e1g \u2013 Csongr\u00e1d-Csan\u00e1d megy\u00e9t a tanyavil\u00e1g t\u00f6nkret\u00e9tele k\u00fcl\u00f6n\u00f6sen s\u00falyosan \u00e9rintette.<\/p>\n\n\n\n<p><strong>K\u00c9T NAGY HULL\u00c1M<\/strong><\/p>\n\n\n\n<p>A szak\u00e9rt\u0151t\u0151l megtudtuk, hogy k\u00e9t nagy hull\u00e1ma volt a kollektiviz\u00e1l\u00e1snak Magyarorsz\u00e1gon. Az els\u0151, R\u00e1kosi-f\u00e9le hull\u00e1m 1948-53 k\u00f6z\u00f6tt zajlott, 1951-re m\u00e1r nagyj\u00e1b\u00f3l lez\u00e1rult. 1953-ban Nagy Imre korm\u00e1nyprogramj\u00e1nak egyik eleme volt, hogy visszaker\u00fclhettek a tulajdonosokhoz a f\u00f6ldek. Ekkor \u00e9s az 1956-osforradalom idej\u00e9n nagyon sok er\u0151szakkal, nyom\u00e1sgyakorl\u00e1ssal beszervezett ember menek\u00fclt ki a termel\u0151sz\u00f6vetkezetekb\u0151l. A m\u00e1sodik hull\u00e1m 1959 \u00e9s 1961 k\u00f6z\u00f6tt ment v\u00e9gbe, ez t\u00f6megeket \u00e9rintett. Az 1953 \u00e9s 1956 k\u00f6z\u00f6tt kil\u00e9p\u0151k maradtak r\u00e9szben \u00f6n\u00e1ll\u00f3ak, \u201957-58-ban sokan kezdt\u00e9k \u00fajra a saj\u00e1t f\u00f6ldj\u00fcket m\u0171velni. Ez megl\u00e1tszott az akkori \u00e1ruforgalmon is, megugrott a mez\u0151gazdas\u00e1gi eszk\u00f6z\u00f6k, lovak, kocsik \u00e9rt\u00e9kes\u00edt\u00e9se \u00e9s a f\u00f6ldek \u00e9rt\u00e9ke is. Az akkori \u00e1llamp\u00e1rt, az MSZMP 1958-ban eld\u00f6nt\u00f6tte: v\u00e9get vet a f\u00fcggetlens\u00e9gnek &#8211; \u00e9s megindult az \u00fajabb kollektiviz\u00e1l\u00e1s.<\/p>\n\n\n\n<p><strong>MEGTORL\u00c1S 1956 UT\u00c1N<\/strong><\/p>\n\n\n\n<p>\u2013 Az 1956-ot k\u00f6vet\u0151 megtorl\u00e1s utols\u00f3 momentuma volt ez, mert a vid\u00e9k, a falu forradalma k\u00fcl\u00f6n\u00f6sen vesz\u00e9lyes volt. A f\u00f6lddel rendelkez\u0151 paraszt f\u00fcggetlen \u2013 ha csak 5-6 holdon gazd\u00e1lkodik, akkor is szabad, \u00e9s \u00e9hen legal\u00e1bb nem hal. M\u00e9g ezt a kicsi f\u00fcggetlens\u00e9get is meg akart\u00e1k sz\u00fcntetni. A tulajdonnal rendelkez\u0151 utols\u00f3 r\u00e9teget tett\u00e9k ekkor f\u00fcgg\u0151v\u00e9 \u2013 magyar\u00e1zta Mikl\u00f3s P\u00e9ter.<\/p>\n\n\n\n<p>A gyereket hazak\u00fcldt\u00e9k az iskol\u00e1b\u00f3l: \u201eAddig ne gyere, am\u00edg a sz\u00fcleid nem \u00edrj\u00e1k al\u00e1 a bel\u00e9p\u00e9st!\u201d A v\u00e1rosi munk\u00e1st, egyetemist\u00e1t kir\u00fag\u00e1ssal fenyegett\u00e9k, ha a vid\u00e9ken \u00e9l\u0151 csal\u00e1d nem l\u00e9p be a t\u00e9eszbe.<\/p>\n\n\n\n<p>Falusi csal\u00e1dhoz nem tudunk \u00fagy elmenni, hogy ne lenne a kollektiviz\u00e1l\u00e1s m\u00e1sodik hull\u00e1m\u00e1hoz kapcsol\u00f3d\u00f3 t\u00f6rt\u00e9net\u00fck. A kollekt\u00edv, gener\u00e1ci\u00f3kon \u00e1t\u00edvel\u0151 eml\u00e9kezet aranykork\u00e9nt tekint vissza a t\u00e9eszes\u00edt\u00e9s el\u0151tti id\u0151kre, amikor m\u00e9g a paraszt a maga ura volt.<\/p>\n\n\n\n<p><strong>ER\u0150SZAK \u00c9S ZSAROL\u00c1S<\/strong><\/p>\n\n\n\n<p>1958-ban a parasztok k\u00f6zel 80 sz\u00e1zal\u00e9ka gazd\u00e1lkodott a saj\u00e1t f\u00f6ldj\u00e9n \u2013 ez is mutatja, mekkora \u201esikere\u201d volt a t\u00e9eszes\u00edt\u00e9snek \u2013, ez az ar\u00e1ny 6 sz\u00e1zal\u00e9kra cs\u00f6kkent 1961-re. 1 milli\u00f3 200 ezer termel\u0151sz\u00f6vetkezeti tag mellett 150 ezren maradtak, akik a saj\u00e1t f\u00f6ldj\u00fcket m\u0171velt\u00e9k. Elvileg nem volt k\u00f6telez\u0151 bel\u00e9pni a termel\u0151sz\u00f6vetkezetbe, de aki nem tette, annak ott nehez\u00edtett\u00e9k az \u00e9let\u00e9t, boldogul\u00e1s\u00e1t, ahol tudt\u00e1k. A falut\u00f3l, lak\u00f3hely\u00fckt\u0151l legt\u00e1volabbi f\u00f6ldeket kapt\u00e1k meg a tagos\u00edt\u00e1sn\u00e1l, nehez\u00edtett\u00e9k a term\u00e9nyek \u00e9rt\u00e9kes\u00edt\u00e9s\u00e9t.<\/p>\n\n\n\n<p>Az er\u0151szak is jelen volt, b\u00e1r nem olyan brut\u00e1lis m\u00e9rt\u00e9kben, mint az els\u0151, R\u00e1kosi-f\u00e9le hull\u00e1mn\u00e1l: akkor bizony\u00edt\u00f3 iratok maradtak fenn r\u00f3la, hogy egy Csongr\u00e1d megyei faluban begy\u0171jt\u00f6tt\u00e9k a termel\u0151sz\u00f6vetkezetbe bel\u00e9pni nem akar\u00f3 gazd\u00e1kat, \u00e9s a tan\u00e1cseln\u00f6k gyuf\u00e1val \u00e9gette a nemi szerv\u00fcket. Rend\u0151r\u00f6k, karhatalmist\u00e1k, munk\u00e1s\u0151r\u00f6k, k\u00f6rzeti megb\u00edzottak a m\u00e1sodik hull\u00e1mban is \u201edolgoztak a meggy\u0151z\u00e9sen\u201d, de bel\u00e9pett az eszk\u00f6z\u00f6k k\u00f6z\u00e9 a politikai agit\u00e1ci\u00f3, a zsarol\u00e1s. A gyereket hazak\u00fcldt\u00e9k az iskol\u00e1b\u00f3l: \u201eAddig ne gyere, am\u00edg a sz\u00fcleid nem \u00edrj\u00e1k al\u00e1 a bel\u00e9p\u00e9st!\u201d A v\u00e1rosi munk\u00e1st, egyetemist\u00e1t kir\u00fag\u00e1ssal fenyegett\u00e9k, ha a vid\u00e9ken \u00e9l\u0151 csal\u00e1d nem l\u00e9p be a t\u00e9eszbe.<\/p>\n\n\n\n<p><strong>NEM SZ\u00c1M\u00cdTOTT, KI MENNYIT DOLGOZIK<\/strong><\/p>\n\n\n\n<p>A munka szempontj\u00e1b\u00f3l az\u00e9rt is ker\u00fcltek neh\u00e9z helyzetbe a bel\u00e9p\u0151k, mert a termel\u0151sz\u00f6vetkezetben munkaegys\u00e9gek szerint osztott\u00e1k a feladatot. Aki eg\u00e9sz \u00e9let\u00e9ben lovakkal foglalkozott, vagy z\u00f6lds\u00e9get, gy\u00fcm\u00f6lcs\u00f6t termesztett, mehetett aratni vagy rakt\u00e1rosnak. R\u00e1ad\u00e1sul az sem sz\u00e1m\u00edtott a fizet\u00e9s szempontj\u00e1b\u00f3l, ki mennyire szorgalmas. Addig, aki sokat dolgozott, sokat keresett \u2013 itt a kev\u00e9s munk\u00e1\u00e9rt is ugyanaz a b\u00e9r j\u00e1rt.<\/p>\n\n\n\n<p><strong>\u00d6NGYILKOSS\u00c1G \u00c9S ALKOHOLIZMUS<\/strong><\/p>\n\n\n\n<p>&#8211; Az er\u0151szakos kollektiviz\u00e1l\u00e1snak k\u00e9t nagyon s\u00falyos k\u00f6vetkezm\u00e9nye lett. Az egyik az \u00f6ngyilkoss\u00e1gi hull\u00e1m az 1960-as \u00e9vek elej\u00e9n, amit eltitkoltak, a statisztik\u00e1ban nem jelent meg az \u00f6ngyilkoss\u00e1g, mint hal\u00e1lok. A m\u00e1sik: az alkoholizmus ekkort\u00f3l v\u00e1lt szinte n\u00e9pbetegs\u00e9gg\u00e9 Magyarorsz\u00e1gon. Ezt k\u00fcl\u00f6n\u00f6sen azokon a vid\u00e9keken lehetett tapasztalni, ahol nagy volt a f\u00f6ldtulajdonnal b\u00edr\u00f3 paraszts\u00e1g ar\u00e1nya, mert valami vigaszt kellett tal\u00e1lni \u2013 foglalta \u00f6ssze a t\u00f6rt\u00e9n\u00e9sz. A hossz\u00fa t\u00e1v\u00fa vid\u00e9kpolitika legink\u00e1bb a falvak elsorvaszt\u00e1sa volt, az embereknek az ipar fel\u00e9 terel\u00e9se. Ennek a tanyai lakoss\u00e1g volt a legnagyobb k\u00e1rvallottja: az 1970-es \u00e9vekben m\u00e9g a n\u00e9pess\u00e9g t\u00edz sz\u00e1zal\u00e9ka tanyai lakos volt, a rendszerv\u00e1lt\u00e1sra ez az ar\u00e1ny megfelez\u0151d\u00f6tt, ma 1-2 sz\u00e1zal\u00e9k lehet.<\/p>\n\n\n\n<p><strong><em>Farkas Judit, D\u00e9lmagyarorsz\u00e1g<\/em><\/strong><\/p>\n","protected":false},"excerpt":{"rendered":"<p>Dr. Mikl\u00f3s P\u00e9terrel, a h\u00f3dmez\u0151v\u00e1s\u00e1rhelyi Tornyai J\u00e1nos M\u00fazeum igazgat\u00f3j\u00e1val, az Eml\u00e9kpont int\u00e9zm\u00e9nyvezet\u0151j\u00e9vel a D\u00e9lmagyarorsz\u00e1g 2020. szeptember 28-i sz\u00e1m\u00e1ban jelent meg interj\u00fa. Eleinte brut\u00e1lis er\u0151szakkal, a kollektiviz\u00e1l\u00e1s m\u00e1sodik hull\u00e1m\u00e1ban agit\u00e1l\u00e1ssal \u00e9s zsarol\u00e1ssal k\u00e9nyszer\u00edtett\u00e9k bele a magyar parasztokat a termel\u0151sz\u00f6vetkezetekbe. Az utols\u00f3 f\u00fcggetlen r\u00e9teget t\u00fcntett\u00e9k el \u00edgy: a vid\u00e9k elsorvaszt\u00e1s\u00e1t m\u00e1ig ny\u00f6gi az orsz\u00e1g. A kiterjedt tanyavil\u00e1g [&hellip;]<\/p>\n","protected":false},"author":5,"featured_media":7215,"comment_status":"closed","ping_status":"closed","sticky":false,"template":"","format":"standard","meta":{"footnotes":""},"categories":[8],"tags":[],"_links":{"self":[{"href":"https:\/\/emlekpont.hu\/index.php?rest_route=\/wp\/v2\/posts\/7213"}],"collection":[{"href":"https:\/\/emlekpont.hu\/index.php?rest_route=\/wp\/v2\/posts"}],"about":[{"href":"https:\/\/emlekpont.hu\/index.php?rest_route=\/wp\/v2\/types\/post"}],"author":[{"embeddable":true,"href":"https:\/\/emlekpont.hu\/index.php?rest_route=\/wp\/v2\/users\/5"}],"replies":[{"embeddable":true,"href":"https:\/\/emlekpont.hu\/index.php?rest_route=%2Fwp%2Fv2%2Fcomments&post=7213"}],"version-history":[{"count":1,"href":"https:\/\/emlekpont.hu\/index.php?rest_route=\/wp\/v2\/posts\/7213\/revisions"}],"predecessor-version":[{"id":7216,"href":"https:\/\/emlekpont.hu\/index.php?rest_route=\/wp\/v2\/posts\/7213\/revisions\/7216"}],"wp:featuredmedia":[{"embeddable":true,"href":"https:\/\/emlekpont.hu\/index.php?rest_route=\/wp\/v2\/media\/7215"}],"wp:attachment":[{"href":"https:\/\/emlekpont.hu\/index.php?rest_route=%2Fwp%2Fv2%2Fmedia&parent=7213"}],"wp:term":[{"taxonomy":"category","embeddable":true,"href":"https:\/\/emlekpont.hu\/index.php?rest_route=%2Fwp%2Fv2%2Fcategories&post=7213"},{"taxonomy":"post_tag","embeddable":true,"href":"https:\/\/emlekpont.hu\/index.php?rest_route=%2Fwp%2Fv2%2Ftags&post=7213"}],"curies":[{"name":"wp","href":"https:\/\/api.w.org\/{rel}","templated":true}]}}