{"id":7207,"date":"2020-09-10T11:57:53","date_gmt":"2020-09-10T11:57:53","guid":{"rendered":"http:\/\/emlekpont.hu\/?p=7207"},"modified":"2020-09-15T12:00:37","modified_gmt":"2020-09-15T12:00:37","slug":"az-emlekpont-tortenesze-a-magyar-patriotak-kozossegenek-konferenciajan","status":"publish","type":"post","link":"https:\/\/emlekpont.hu\/?p=7207","title":{"rendered":"Az Eml\u00e9kpont t\u00f6rt\u00e9n\u00e9sze a Magyar Patri\u00f3t\u00e1k K\u00f6z\u00f6ss\u00e9g\u00e9nek konferenci\u00e1j\u00e1n"},"content":{"rendered":"\n<p><strong>A kecskem\u00e9ti H\u00edr\u00f6s Ag\u00f3ra Kultur\u00e1lis K\u00f6zpontban szervezett konferenci\u00e1t a Magyar Patri\u00f3t\u00e1k K\u00f6z\u00f6ss\u00e9ge, amelynek egyik el\u0151ad\u00f3ja Vincze G\u00e1bor, a h\u00f3dmez\u0151v\u00e1s\u00e1rhelyi Eml\u00e9kpont t\u00f6rt\u00e9n\u00e9sze volt.<\/strong><\/p>\n\n\n\n<figure class=\"wp-block-image size-large\"><img fetchpriority=\"high\" decoding=\"async\" width=\"1024\" height=\"687\" src=\"http:\/\/emlekpont.hu\/wp-content\/uploads\/2020\/09\/VG_01-1.jpg\" alt=\"\" class=\"wp-image-7208\" srcset=\"https:\/\/emlekpont.hu\/wp-content\/uploads\/2020\/09\/VG_01-1.jpg 1024w, https:\/\/emlekpont.hu\/wp-content\/uploads\/2020\/09\/VG_01-1-300x201.jpg 300w, https:\/\/emlekpont.hu\/wp-content\/uploads\/2020\/09\/VG_01-1-768x515.jpg 768w, https:\/\/emlekpont.hu\/wp-content\/uploads\/2020\/09\/VG_01-1-830x557.jpg 830w, https:\/\/emlekpont.hu\/wp-content\/uploads\/2020\/09\/VG_01-1-230x154.jpg 230w, https:\/\/emlekpont.hu\/wp-content\/uploads\/2020\/09\/VG_01-1-350x235.jpg 350w, https:\/\/emlekpont.hu\/wp-content\/uploads\/2020\/09\/VG_01-1-480x322.jpg 480w\" sizes=\"(max-width: 1024px) 100vw, 1024px\" \/><\/figure>\n\n\n\n<p>A tudom\u00e1nyos tan\u00e1cskoz\u00e1son tartott el\u0151ad\u00e1s\u00e1ban a szakember az 1919-es rom\u00e1n t\u00f6meggyilkoss\u00e1gokat ismertette. Elmondta, hogy a rom\u00e1n hadsereg el\u0151\u0151rsei m\u00e1r 1918. november 12-\u00e9n \u00e1tl\u00e9pt\u00e9k a magyar hat\u00e1rt, majd november 13-t\u00f3l kezdve m\u00e1r a belgr\u00e1di katonai konvenci\u00f3 rendelkez\u00e9seire hivatkozva el\u0151sz\u00f6r a Maros ment\u00e9n h\u00faz\u00f3d\u00f3 demark\u00e1ci\u00f3s vonalig nyomultak, \u00e1m francia j\u00f3v\u00e1hagy\u00e1ssal folytatt\u00e1k az el\u0151ret\u00f6r\u00e9st, eg\u00e9szen a t\u00f6rt\u00e9neti Erd\u00e9ly hat\u00e1r\u00e1ig. A megsz\u00e1llt ter\u00fcleten, a magyarok-lakta telep\u00fcl\u00e9seken \u00e1ltal\u00e1nos volt a rekvir\u00e1l\u00e1s, fosztogat\u00e1s \u00e9s a lakosok megismert\u00e9k a h\u00edrhedett rom\u00e1n b\u00fcntet\u00e9st: a huszon\u00f6t bot\u00fct\u00e9st.<\/p>\n\n\n\n<p>Az els\u0151 t\u00f6meggyilkoss\u00e1gra K\u00f6r\u00f6st\u00e1rk\u00e1nyban ker\u00fclt sor 1919. \u00e1prilis 19-\u00e9n, nagyszombaton. A rom\u00e1n hadsereg t\u00e1mogat\u00e1s\u00e1val a k\u00f6rny\u00e9kbeli rom\u00e1n falvak lakoss\u00e1ga r\u00e1t\u00e1madt a sz\u00ednmagyar falura \u00e9s \u00f6sszesen 91 lakost \u2013 kisgyerekt\u0151l az aggasty\u00e1nig \u2013 m\u00e9sz\u00e1roltak le, a szomsz\u00e9dos Kisny\u00e9gerfalv\u00e1n pedig 17 \u00e1ldozata volt az \u00f6ld\u00f6kl\u00e9snek.<\/p>\n\n\n\n<figure class=\"wp-block-image size-large\"><img decoding=\"async\" width=\"1024\" height=\"687\" src=\"http:\/\/emlekpont.hu\/wp-content\/uploads\/2020\/09\/VG_04.jpg\" alt=\"\" class=\"wp-image-7210\" srcset=\"https:\/\/emlekpont.hu\/wp-content\/uploads\/2020\/09\/VG_04.jpg 1024w, https:\/\/emlekpont.hu\/wp-content\/uploads\/2020\/09\/VG_04-300x201.jpg 300w, https:\/\/emlekpont.hu\/wp-content\/uploads\/2020\/09\/VG_04-768x515.jpg 768w, https:\/\/emlekpont.hu\/wp-content\/uploads\/2020\/09\/VG_04-830x557.jpg 830w, https:\/\/emlekpont.hu\/wp-content\/uploads\/2020\/09\/VG_04-230x154.jpg 230w, https:\/\/emlekpont.hu\/wp-content\/uploads\/2020\/09\/VG_04-350x235.jpg 350w, https:\/\/emlekpont.hu\/wp-content\/uploads\/2020\/09\/VG_04-480x322.jpg 480w\" sizes=\"(max-width: 1024px) 100vw, 1024px\" \/><\/figure>\n\n\n\n<p>Az Alf\u00f6ldre kijut\u00f3 rom\u00e1n hadsereg t\u00f6bb telep\u00fcl\u00e9sen hajtott v\u00e9gre t\u00f6megv\u00e9rengz\u00e9st, \u00edgy \u00a0B\u00e9k\u00e9sen 11 lakost v\u00e9geztek ki. A rekvir\u00e1l\u00e1sok miatt fell\u00e1zadt Ap\u00e1tfalv\u00e1n j\u00fanius 24-\u00e9n 44 helybelit m\u00e9sz\u00e1roltak le, m\u00edg 21-en k\u00e9s\u0151bb a b\u00e1ntalmaz\u00e1sok sor\u00e1n szerzett sebes\u00fcl\u00e9seik miatt haltak meg.<\/p>\n\n\n\n<p>H\u00f3dmez\u0151v\u00e1s\u00e1rhelyen egy, a megsz\u00e1ll\u00f3 rom\u00e1n hadsereghez csap\u00f3d\u00f3 nemzet\u00e1rul\u00f3 kalandor, bizonyos Ber\u00e9nyi L\u00e1szl\u00f3 vezet\u00e9s\u00e9vel a rom\u00e1n katonas\u00e1g 56 szem\u00e9lyt v\u00e9gzett ki, k\u00e9s\u0151bb a lakoss\u00e1g felh\u00e1borod\u00e1sa miatt a rom\u00e1n parancsnok Ber\u00e9nyit is kiv\u00e9geztette.<\/p>\n\n\n\n<p>A V\u00f6r\u00f6s Hadsereg (sikertelen) tiszai offenz\u00edv\u00e1j\u00e1val \u00f6sszef\u00fcgg\u00e9sben m\u00e1shol is t\u00f6rt\u00e9ntek gyilkoss\u00e1gok. Szentesen mintegy tucatnyi lakost gyilkoltak le, k\u00f6zt\u00fck egy k\u00e1pl\u00e1nt is, Mindszenten kilenc \u00e1ldozata volt a rom\u00e1n bossz\u00fanak. A Szolnok megyei Mestersz\u00e1ll\u00e1son 20, Fegyverneken pedig 49 parasztot gyilkoltak le, k\u00f6zt\u00fck egy k\u00e9t\u00e9ves kisgyermeket \u00e9s 70 \u00e9ves id\u0151s embert. Tov\u00e1bbi kutat\u00e1sok kellenek m\u00e9g ahhoz \u2013 fogalmazott Vincze G\u00e1bor \u2013, hogy \u00f6sszes\u00edteni lehessen, hogy h\u00e1ny \u00e1rtatlan, fegyvertelen civil v\u00e1lt a rom\u00e1n megsz\u00e1ll\u00e1snak az \u00e1ldozat\u00e1v\u00e1.<\/p>\n\n\n\n<figure class=\"wp-block-image size-large\"><img decoding=\"async\" width=\"1024\" height=\"687\" src=\"http:\/\/emlekpont.hu\/wp-content\/uploads\/2020\/09\/VG_03.jpg\" alt=\"\" class=\"wp-image-7209\" srcset=\"https:\/\/emlekpont.hu\/wp-content\/uploads\/2020\/09\/VG_03.jpg 1024w, https:\/\/emlekpont.hu\/wp-content\/uploads\/2020\/09\/VG_03-300x201.jpg 300w, https:\/\/emlekpont.hu\/wp-content\/uploads\/2020\/09\/VG_03-768x515.jpg 768w, https:\/\/emlekpont.hu\/wp-content\/uploads\/2020\/09\/VG_03-830x557.jpg 830w, https:\/\/emlekpont.hu\/wp-content\/uploads\/2020\/09\/VG_03-230x154.jpg 230w, https:\/\/emlekpont.hu\/wp-content\/uploads\/2020\/09\/VG_03-350x235.jpg 350w, https:\/\/emlekpont.hu\/wp-content\/uploads\/2020\/09\/VG_03-480x322.jpg 480w\" sizes=\"(max-width: 1024px) 100vw, 1024px\" \/><\/figure>\n\n\n\n<p><\/p>\n\n\n\n<p>A kecskem\u00e9ti konferenci\u00e1n Raffay Ern\u0151 az els\u0151 vil\u00e1gh\u00e1bor\u00fa el\u0151zm\u00e9nyeir\u0151l \u00e9s egyes szabadk\u0151m\u0171ves p\u00e1holyok aknamunk\u00e1j\u00e1r\u00f3l, m\u00edg \u00a0D\u00e9vav\u00e1ri Zolt\u00e1n a D\u00e9lvid\u00e9k 1918-as szerb megsz\u00e1ll\u00e1s\u00e1r\u00f3l, Babucs Zolt\u00e1n hadt\u00f6rt\u00e9n\u00e9sz \u00c9szak-Erd\u00e9ly visszat\u00e9r\u00e9s\u00e9r\u0151l \u00e9s az 1941-es d\u00e9lvid\u00e9ki bevonul\u00e1sr\u00f3l tartott el\u0151ad\u00e1st, Domonkos L\u00e1szl\u00f3 \u00edr\u00f3, t\u00f6rt\u00e9n\u00e9sz a Rongyos G\u00e1rda szerep\u00e9t mutatta be, majd Boros L\u00e1szl\u00f3 k\u00e1rp\u00e1taljai doktorandusz a karant\u00e9n miatt vide\u00f3-el\u0151ad\u00e1s\u00e1ban egy 1939-es magyar-cseh hat\u00e1rincidensr\u0151l, a v\u00edzkereszti munk\u00e1csi \u201ecsata&#8221; t\u00f6rt\u00e9net\u00e9t ismertette.<\/p>\n\n\n\n<p>(Fot\u00f3k: patriotak.hu)<\/p>\n","protected":false},"excerpt":{"rendered":"<p>A kecskem\u00e9ti H\u00edr\u00f6s Ag\u00f3ra Kultur\u00e1lis K\u00f6zpontban szervezett konferenci\u00e1t a Magyar Patri\u00f3t\u00e1k K\u00f6z\u00f6ss\u00e9ge, amelynek egyik el\u0151ad\u00f3ja Vincze G\u00e1bor, a h\u00f3dmez\u0151v\u00e1s\u00e1rhelyi Eml\u00e9kpont t\u00f6rt\u00e9n\u00e9sze volt. A tudom\u00e1nyos tan\u00e1cskoz\u00e1son tartott el\u0151ad\u00e1s\u00e1ban a szakember az 1919-es rom\u00e1n t\u00f6meggyilkoss\u00e1gokat ismertette. Elmondta, hogy a rom\u00e1n hadsereg el\u0151\u0151rsei m\u00e1r 1918. november 12-\u00e9n \u00e1tl\u00e9pt\u00e9k a magyar hat\u00e1rt, majd november 13-t\u00f3l kezdve m\u00e1r a belgr\u00e1di [&hellip;]<\/p>\n","protected":false},"author":5,"featured_media":7208,"comment_status":"closed","ping_status":"closed","sticky":false,"template":"","format":"standard","meta":{"footnotes":""},"categories":[8],"tags":[],"_links":{"self":[{"href":"https:\/\/emlekpont.hu\/index.php?rest_route=\/wp\/v2\/posts\/7207"}],"collection":[{"href":"https:\/\/emlekpont.hu\/index.php?rest_route=\/wp\/v2\/posts"}],"about":[{"href":"https:\/\/emlekpont.hu\/index.php?rest_route=\/wp\/v2\/types\/post"}],"author":[{"embeddable":true,"href":"https:\/\/emlekpont.hu\/index.php?rest_route=\/wp\/v2\/users\/5"}],"replies":[{"embeddable":true,"href":"https:\/\/emlekpont.hu\/index.php?rest_route=%2Fwp%2Fv2%2Fcomments&post=7207"}],"version-history":[{"count":1,"href":"https:\/\/emlekpont.hu\/index.php?rest_route=\/wp\/v2\/posts\/7207\/revisions"}],"predecessor-version":[{"id":7211,"href":"https:\/\/emlekpont.hu\/index.php?rest_route=\/wp\/v2\/posts\/7207\/revisions\/7211"}],"wp:featuredmedia":[{"embeddable":true,"href":"https:\/\/emlekpont.hu\/index.php?rest_route=\/wp\/v2\/media\/7208"}],"wp:attachment":[{"href":"https:\/\/emlekpont.hu\/index.php?rest_route=%2Fwp%2Fv2%2Fmedia&parent=7207"}],"wp:term":[{"taxonomy":"category","embeddable":true,"href":"https:\/\/emlekpont.hu\/index.php?rest_route=%2Fwp%2Fv2%2Fcategories&post=7207"},{"taxonomy":"post_tag","embeddable":true,"href":"https:\/\/emlekpont.hu\/index.php?rest_route=%2Fwp%2Fv2%2Ftags&post=7207"}],"curies":[{"name":"wp","href":"https:\/\/api.w.org\/{rel}","templated":true}]}}