{"id":7203,"date":"2020-09-15T11:57:44","date_gmt":"2020-09-15T11:57:44","guid":{"rendered":"http:\/\/emlekpont.hu\/?p=7203"},"modified":"2020-09-15T11:57:46","modified_gmt":"2020-09-15T11:57:46","slug":"tartos-kommunista-bosszu-rendvedelem-torteneti-konferencia-eloadoja-volt-vincze-gabor","status":"publish","type":"post","link":"https:\/\/emlekpont.hu\/?p=7203","title":{"rendered":"Tart\u00f3s kommunista bossz\u00fa. Rendv\u00e9delem-t\u00f6rt\u00e9neti konferencia el\u0151ad\u00f3ja volt Vincze G\u00e1bor"},"content":{"rendered":"\n<p><\/p>\n\n\n\n<p><strong>\u201eM\u00f6g\u00f6tted a t\u00f6rv\u00e9ny \u2013 el\u0151tted is az legyen!\u201d A Magyar Kir\u00e1lyi Csend\u0151rs\u00e9g \u00e9s kora \u2013 c\u00edmmel tartott szakmai konferenci\u00e1t az \u00d3pusztaszeri Nemzeti T\u00f6rt\u00e9neti Eml\u00e9kpark (\u00d3NTE) \u00e9s a Szemere Bertalan Magyar Rendv\u00e9delem-t\u00f6rt\u00e9neti Tudom\u00e1nyos T\u00e1rsas\u00e1g (SZBMRTT), s bemutatt\u00e1k a d\u00e9vav\u00e1nyai m\u0171gy\u0171jt\u0151, K\u00fcrti B\u00e9la csend\u0151r-relikvi\u00e1ib\u00f3l \u00f6ssze\u00e1ll\u00edtott kamara-ki\u00e1ll\u00edt\u00e1s\u00e1t is.<\/strong><\/p>\n\n\n\n<figure class=\"wp-block-image size-large\"><img fetchpriority=\"high\" decoding=\"async\" width=\"800\" height=\"533\" src=\"http:\/\/emlekpont.hu\/wp-content\/uploads\/2020\/09\/VG_01.jpg\" alt=\"\" class=\"wp-image-7204\" srcset=\"https:\/\/emlekpont.hu\/wp-content\/uploads\/2020\/09\/VG_01.jpg 800w, https:\/\/emlekpont.hu\/wp-content\/uploads\/2020\/09\/VG_01-300x200.jpg 300w, https:\/\/emlekpont.hu\/wp-content\/uploads\/2020\/09\/VG_01-768x512.jpg 768w, https:\/\/emlekpont.hu\/wp-content\/uploads\/2020\/09\/VG_01-230x153.jpg 230w, https:\/\/emlekpont.hu\/wp-content\/uploads\/2020\/09\/VG_01-350x233.jpg 350w, https:\/\/emlekpont.hu\/wp-content\/uploads\/2020\/09\/VG_01-480x320.jpg 480w\" sizes=\"(max-width: 800px) 100vw, 800px\" \/><\/figure>\n\n\n\n<p>&nbsp;A szakmai tan\u00e1cskoz\u00e1st Kert\u00e9sz P\u00e9ter, az \u00d3NTE \u00fcgyvezet\u0151 igazgat\u00f3ja \u00e9s Par\u00e1di J\u00f3zsef, a rendv\u00e9delmi t\u00e1rsas\u00e1g eln\u00f6ke nyitotta meg. A konferenci\u00e1n Vincze G\u00e1bor, a h\u00f3dmez\u0151v\u00e1s\u00e1rhelyi Eml\u00e9kpont t\u00f6rt\u00e9n\u00e9sze Alf\u00f6ldi Vilma nyugalmazott t\u00f6rt\u00e9n\u00e9sz-lev\u00e9lt\u00e1ros izgalmas \u00e9s egyben megrend\u00edt\u0151, <em>Az \u201eellens\u00e9g\u201d gyermekei<\/em> c\u00edm\u0171 k\u00f6nyv\u00e9t mutatta be. A r\u00e9szben \u00f6n\u00e9let\u00edr\u00e1snak, r\u00e9szben t\u00f6rt\u00e9n\u00e9szi szakmunk\u00e1nak tekinthet\u0151 m\u0171b\u0151l megtudhat\u00f3, milyen sors, \u00fcld\u00f6ztet\u00e9s v\u00e1rt 1945 ut\u00e1n azokra, akiknek az \u00e9desapja 1945 el\u0151tt csend\u0151r volt.<\/p>\n\n\n\n<p>Vincze G\u00e1bor az 1956 ut\u00e1ni megtorl\u00e1sok \u201ecsend\u0151r-sz\u00e1l\u00e1r\u00f3l\u201d besz\u00e9lt. 1959-ben el\u0151vett\u00e9k \u201ecsend\u0151rk\u00e1rty\u00e1t\u201d, \u00e9s m\u00e1sf\u00e9lsz\u00e1z volt csend\u0151r ellen ind\u00edtottak nyomoz\u00e1st, majd a katonai b\u00edr\u00f3s\u00e1gok 19-et \u00edt\u00e9ltek hal\u00e1lra. Az el\u0151ad\u00f3 k\u00e9t p\u00e9ld\u00e1n \u00e9rz\u00e9keltette, mennyire tart\u00f3s volt a kommunista bossz\u00fa. Mindk\u00e9t \u00fcgyben negyven \u00e9vvel kor\u00e1bbi, 1919-es, v\u00e9lelmezett b\u0171ncselekm\u00e9nyek elk\u00f6vet\u00e9s\u00e9vel gyan\u00fas\u00edtott\u00e1k meg az illet\u0151ket. Az els\u0151 esetben egy 82 \u00e9ves volt csend\u0151rr\u0151l van sz\u00f3, aki ellen v\u00e9g\u00fcl magas kora \u00e9s bizony\u00edt\u00e9kok hi\u00e1nya miatt megsz\u00fcntett\u00e9k a nyomoz\u00e1st, de hal\u00e1l\u00e1ig figyeltette az \u00e1llambiztons\u00e1g.<\/p>\n\n\n\n<p>A m\u00e1sik esetben 1919-ben egy csend\u0151rk\u00fcl\u00f6n\u00edtm\u00e9nyt vezet\u0151 katonatisztet azzal gyan\u00fas\u00edtottak meg, hogy augusztus elej\u00e9n szem\u00e9lyesen r\u00e9szt vett t\u00f6bb kommunista \u2013 k\u00f6z\u00f6tt\u00fck Kukovecz Nana fest\u0151m\u0171v\u00e9szn\u0151, akinek nev\u00e9t ma is utca viseli Szegeden \u2013 meggyilkol\u00e1s\u00e1ban. B\u00e1r a felsorakoztatott nagy l\u00e9tsz\u00e1m\u00fa tan\u00fa egym\u00e1snak teljesen ellentmond\u00f3 vallom\u00e1st tett, az illet\u0151t ennek ellen\u00e9re hal\u00e1lra \u00edt\u00e9lt\u00e9k \u00e9s kiv\u00e9gezt\u00e9k. V\u00e9gk\u00f6vetkeztet\u00e9se az volt, hogy a kommunist\u00e1k az 1919-es tan\u00e1csk\u00f6zt\u00e1rsas\u00e1g buk\u00e1sa ut\u00e1n negyven \u00e9vvel k\u00e9s\u0151bb is k\u00e9pesek voltak bossz\u00fat \u00e1llni a v\u00e9lt vagy val\u00f3s s\u00e9relmeik\u00e9rt.<\/p>\n\n\n\n<figure class=\"wp-block-image size-large\"><img decoding=\"async\" width=\"800\" height=\"533\" src=\"http:\/\/emlekpont.hu\/wp-content\/uploads\/2020\/09\/VG_02.jpg\" alt=\"\" class=\"wp-image-7205\" srcset=\"https:\/\/emlekpont.hu\/wp-content\/uploads\/2020\/09\/VG_02.jpg 800w, https:\/\/emlekpont.hu\/wp-content\/uploads\/2020\/09\/VG_02-300x200.jpg 300w, https:\/\/emlekpont.hu\/wp-content\/uploads\/2020\/09\/VG_02-768x512.jpg 768w, https:\/\/emlekpont.hu\/wp-content\/uploads\/2020\/09\/VG_02-230x153.jpg 230w, https:\/\/emlekpont.hu\/wp-content\/uploads\/2020\/09\/VG_02-350x233.jpg 350w, https:\/\/emlekpont.hu\/wp-content\/uploads\/2020\/09\/VG_02-480x320.jpg 480w\" sizes=\"(max-width: 800px) 100vw, 800px\" \/><\/figure>\n\n\n\n<p>A konferenci\u00e1n kor\u00e1bban Par\u00e1di J\u00f3zsef ismertette a hat\u00e1rsz\u00e9li csend\u0151rs\u00e9g l\u00e9trej\u00f6tt\u00e9t, m\u0171k\u00f6d\u00e9s\u00e9t, Olasz Lajos szegedi egyetemi tan\u00e1r besz\u00e9lt a l\u00e9gicsend\u0151rs\u00e9g t\u00f6rt\u00e9net\u00e9r\u0151l, Kiss G\u00e1bor Ferenc egyetemi tan\u00e1rt\u00f3l egy 1930-as \u00e9vekbeli csend\u0151rgyilkoss\u00e1g t\u00f6rt\u00e9net\u00e9r\u0151l \u00e9s visszhangj\u00e1r\u00f3l hallhatott a n\u00e9pes hallgat\u00f3s\u00e1g. A konferencia m\u00e1sodik fel\u00e9ben \u2013 amely ir\u00e1nt tov\u00e1bbra is nagy volt az \u00e9rdekl\u0151d\u00e9s, s a j\u00e1rv\u00e1nyhelyzet ellen\u00e9re az orsz\u00e1g t\u00e1volabbi helyeir\u0151l is j\u00f6ttek \u00e9rdekl\u0151d\u0151k \u2013 Ravasz Istv\u00e1n hadt\u00f6rt\u00e9n\u00e9sz fejtette ki v\u00e9lem\u00e9ny\u00e9t arr\u00f3l, hogy volt-e egy\u00e1ltal\u00e1n csend\u0151r-puccs k\u00eds\u00e9rlet 1944 nyar\u00e1n.<\/p>\n","protected":false},"excerpt":{"rendered":"<p>\u201eM\u00f6g\u00f6tted a t\u00f6rv\u00e9ny \u2013 el\u0151tted is az legyen!\u201d A Magyar Kir\u00e1lyi Csend\u0151rs\u00e9g \u00e9s kora \u2013 c\u00edmmel tartott szakmai konferenci\u00e1t az \u00d3pusztaszeri Nemzeti T\u00f6rt\u00e9neti Eml\u00e9kpark (\u00d3NTE) \u00e9s a Szemere Bertalan Magyar Rendv\u00e9delem-t\u00f6rt\u00e9neti Tudom\u00e1nyos T\u00e1rsas\u00e1g (SZBMRTT), s bemutatt\u00e1k a d\u00e9vav\u00e1nyai m\u0171gy\u0171jt\u0151, K\u00fcrti B\u00e9la csend\u0151r-relikvi\u00e1ib\u00f3l \u00f6ssze\u00e1ll\u00edtott kamara-ki\u00e1ll\u00edt\u00e1s\u00e1t is. &nbsp;A szakmai tan\u00e1cskoz\u00e1st Kert\u00e9sz P\u00e9ter, az \u00d3NTE \u00fcgyvezet\u0151 igazgat\u00f3ja \u00e9s [&hellip;]<\/p>\n","protected":false},"author":5,"featured_media":7204,"comment_status":"closed","ping_status":"closed","sticky":false,"template":"","format":"standard","meta":{"footnotes":""},"categories":[8],"tags":[],"_links":{"self":[{"href":"https:\/\/emlekpont.hu\/index.php?rest_route=\/wp\/v2\/posts\/7203"}],"collection":[{"href":"https:\/\/emlekpont.hu\/index.php?rest_route=\/wp\/v2\/posts"}],"about":[{"href":"https:\/\/emlekpont.hu\/index.php?rest_route=\/wp\/v2\/types\/post"}],"author":[{"embeddable":true,"href":"https:\/\/emlekpont.hu\/index.php?rest_route=\/wp\/v2\/users\/5"}],"replies":[{"embeddable":true,"href":"https:\/\/emlekpont.hu\/index.php?rest_route=%2Fwp%2Fv2%2Fcomments&post=7203"}],"version-history":[{"count":1,"href":"https:\/\/emlekpont.hu\/index.php?rest_route=\/wp\/v2\/posts\/7203\/revisions"}],"predecessor-version":[{"id":7206,"href":"https:\/\/emlekpont.hu\/index.php?rest_route=\/wp\/v2\/posts\/7203\/revisions\/7206"}],"wp:featuredmedia":[{"embeddable":true,"href":"https:\/\/emlekpont.hu\/index.php?rest_route=\/wp\/v2\/media\/7204"}],"wp:attachment":[{"href":"https:\/\/emlekpont.hu\/index.php?rest_route=%2Fwp%2Fv2%2Fmedia&parent=7203"}],"wp:term":[{"taxonomy":"category","embeddable":true,"href":"https:\/\/emlekpont.hu\/index.php?rest_route=%2Fwp%2Fv2%2Fcategories&post=7203"},{"taxonomy":"post_tag","embeddable":true,"href":"https:\/\/emlekpont.hu\/index.php?rest_route=%2Fwp%2Fv2%2Ftags&post=7203"}],"curies":[{"name":"wp","href":"https:\/\/api.w.org\/{rel}","templated":true}]}}