{"id":7187,"date":"2020-09-07T08:50:20","date_gmt":"2020-09-07T08:50:20","guid":{"rendered":"http:\/\/emlekpont.hu\/?p=7187"},"modified":"2020-09-07T09:38:37","modified_gmt":"2020-09-07T09:38:37","slug":"trianon-utoelete-a-tornyai-muzeum-igazgatoja-volt-a-magyarsagkutato-intezet-konferenciajanak-levezeto-elnoke","status":"publish","type":"post","link":"https:\/\/emlekpont.hu\/?p=7187","title":{"rendered":"Trianon ut\u00f3\u00e9lete. A Tornyai-m\u00fazeum igazgat\u00f3ja volt a Magyars\u00e1gkutat\u00f3 Int\u00e9zet  konferenci\u00e1j\u00e1nak levezet\u0151 eln\u00f6ke"},"content":{"rendered":"\n<p><strong>A budapesti Magyars\u00e1gkutat\u00f3 Int\u00e9zet Trianon ut\u00f3\u00e9let\u00e9r\u0151l rendezett a napokban online tudom\u00e1nyos konferenci\u00e1t, amelynek levezet\u0151 eln\u00f6ke Mikl\u00f3s P\u00e9ter, a h\u00f3dmez\u0151v\u00e1s\u00e1rhelyi Tornyai J\u00e1nos M\u00fazeum igazgat\u00f3ja volt.<\/strong><\/p>\n\n\n\n<figure class=\"wp-block-image size-large\"><img fetchpriority=\"high\" decoding=\"async\" width=\"897\" height=\"598\" src=\"http:\/\/emlekpont.hu\/wp-content\/uploads\/2020\/09\/MKI03380-2.jpg\" alt=\"\" class=\"wp-image-7188\" srcset=\"https:\/\/emlekpont.hu\/wp-content\/uploads\/2020\/09\/MKI03380-2.jpg 897w, https:\/\/emlekpont.hu\/wp-content\/uploads\/2020\/09\/MKI03380-2-300x200.jpg 300w, https:\/\/emlekpont.hu\/wp-content\/uploads\/2020\/09\/MKI03380-2-768x512.jpg 768w, https:\/\/emlekpont.hu\/wp-content\/uploads\/2020\/09\/MKI03380-2-830x553.jpg 830w, https:\/\/emlekpont.hu\/wp-content\/uploads\/2020\/09\/MKI03380-2-230x153.jpg 230w, https:\/\/emlekpont.hu\/wp-content\/uploads\/2020\/09\/MKI03380-2-350x233.jpg 350w, https:\/\/emlekpont.hu\/wp-content\/uploads\/2020\/09\/MKI03380-2-480x320.jpg 480w\" sizes=\"(max-width: 897px) 100vw, 897px\" \/><\/figure>\n\n\n\n<p>Trianon ut\u00f3\u00e9lete az els\u0151 sikerekt\u0151l a sz\u00e1z\u00e9ves \u00e9vfordul\u00f3ig c\u00edmmel rendezett a napokban online tudom\u00e1nyos konferenci\u00e1t a budapesti Magyars\u00e1gkutat\u00f3 Int\u00e9zet. A tan\u00e1cskoz\u00e1s f\u0151v\u00e9dn\u00f6ke K\u00e1sler Mikl\u00f3s, az emberi er\u0151forr\u00e1sok minisztere, v\u00e9dn\u00f6ke Horv\u00e1th-Lugossy G\u00e1bor, a Magyars\u00e1gkutat\u00f3 Int\u00e9zet f\u0151igazgat\u00f3ja, levezet\u0151 eln\u00f6ke Mikl\u00f3s P\u00e9ter, a h\u00f3dmez\u0151v\u00e1s\u00e1rhelyi Tornyai J\u00e1nos M\u00fazeum igazgat\u00f3ja volt.<\/p>\n\n\n\n<p>\u2013 A konferenci\u00e1n elhangzottak egyr\u00e9szt azt bizony\u00edtj\u00e1k, hogy a trianoni b\u00e9kedikt\u00e1tum t\u00f6rt\u00e9nete mindig aktu\u00e1lis \u2013 s k\u00fcl\u00f6n\u00f6sen igaz ez a centen\u00e1rium idej\u00e9n \u2013, m\u00e1sr\u00e9szt f\u00f6lveti annak a sz\u00fcks\u00e9gess\u00e9g\u00e9t, hogy minden nemzed\u00e9k meghat\u00e1rozza a maga viszony\u00e1t a t\u00f6rt\u00e9nelmi magyar \u00e1llam megsz\u0171n\u00e9s\u00e9t jelent\u0151 esem\u00e9nyhez \u2013 \u00f6sszegezte tapasztalatait a m\u00fazeumigazgat\u00f3.<\/p>\n\n\n\n<p>Fot\u00f3k: Magyars\u00e1gkutat\u00f3 Int\u00e9zet<\/p>\n\n\n<style type=\"text\/css\">\r\n\t#foogallery-gallery-7191 .fg-image {\r\n        width: 150px;\r\n    }\r\n<\/style>\r\n\t\t\t\t<div class=\"foogallery foogallery-container foogallery-default foogallery-lightbox-foobox fg-gutter-10 fg-center fg-default fg-light fg-border-thin fg-shadow-outline fg-loading-default fg-loaded-fade-in fg-caption-hover fg-hover-fade fg-hover-zoom fg-ready\" id=\"foogallery-gallery-7191\" data-foogallery=\"{&quot;item&quot;:{&quot;showCaptionTitle&quot;:true,&quot;showCaptionDescription&quot;:true},&quot;lazy&quot;:true}\" >\r\n\t<div class=\"fg-item fg-type-image fg-idle\"><figure class=\"fg-item-inner\"><a href=\"https:\/\/emlekpont.hu\/wp-content\/uploads\/2020\/09\/MKI03310-2.jpg\" data-attachment-id=\"7192\" data-type=\"image\" class=\"fg-thumb\"><span class=\"fg-image-wrap\"><img decoding=\"async\" width=\"150\" height=\"150\" class=\"skip-lazy fg-image\" data-src-fg=\"https:\/\/emlekpont.hu\/wp-content\/uploads\/cache\/2020\/09\/MKI03310-2\/921990782.jpg\" src=\"data:image\/svg+xml,%3Csvg%20xmlns%3D%22http%3A%2F%2Fwww.w3.org%2F2000%2Fsvg%22%20width%3D%22150%22%20height%3D%22150%22%20viewBox%3D%220%200%20150%20150%22%3E%3C%2Fsvg%3E\" loading=\"eager\"><\/span><span class=\"fg-image-overlay\"><\/span><\/a><figcaption class=\"fg-caption\"><div class=\"fg-caption-inner\"><\/div><\/figcaption><\/figure><div class=\"fg-loader\"><\/div><\/div><div class=\"fg-item fg-type-image fg-idle\"><figure class=\"fg-item-inner\"><a href=\"https:\/\/emlekpont.hu\/wp-content\/uploads\/2020\/09\/MKI03344-2.jpg\" data-attachment-id=\"7193\" data-type=\"image\" class=\"fg-thumb\"><span class=\"fg-image-wrap\"><img decoding=\"async\" width=\"150\" height=\"150\" class=\"skip-lazy fg-image\" data-src-fg=\"https:\/\/emlekpont.hu\/wp-content\/uploads\/cache\/2020\/09\/MKI03344-2\/3952283662.jpg\" src=\"data:image\/svg+xml,%3Csvg%20xmlns%3D%22http%3A%2F%2Fwww.w3.org%2F2000%2Fsvg%22%20width%3D%22150%22%20height%3D%22150%22%20viewBox%3D%220%200%20150%20150%22%3E%3C%2Fsvg%3E\" loading=\"eager\"><\/span><span class=\"fg-image-overlay\"><\/span><\/a><figcaption class=\"fg-caption\"><div class=\"fg-caption-inner\"><\/div><\/figcaption><\/figure><div class=\"fg-loader\"><\/div><\/div><div class=\"fg-item fg-type-image fg-idle\"><figure class=\"fg-item-inner\"><a href=\"https:\/\/emlekpont.hu\/wp-content\/uploads\/2020\/09\/MKI03379-2.jpg\" data-attachment-id=\"7194\" data-type=\"image\" class=\"fg-thumb\"><span class=\"fg-image-wrap\"><img decoding=\"async\" width=\"150\" height=\"150\" class=\"skip-lazy fg-image\" data-src-fg=\"https:\/\/emlekpont.hu\/wp-content\/uploads\/cache\/2020\/09\/MKI03379-2\/1215162053.jpg\" src=\"data:image\/svg+xml,%3Csvg%20xmlns%3D%22http%3A%2F%2Fwww.w3.org%2F2000%2Fsvg%22%20width%3D%22150%22%20height%3D%22150%22%20viewBox%3D%220%200%20150%20150%22%3E%3C%2Fsvg%3E\" loading=\"eager\"><\/span><span class=\"fg-image-overlay\"><\/span><\/a><figcaption class=\"fg-caption\"><div class=\"fg-caption-inner\"><\/div><\/figcaption><\/figure><div class=\"fg-loader\"><\/div><\/div><div class=\"fg-item fg-type-image fg-idle\"><figure class=\"fg-item-inner\"><a href=\"https:\/\/emlekpont.hu\/wp-content\/uploads\/2020\/09\/MKI03380-2-1.jpg\" data-attachment-id=\"7195\" data-type=\"image\" class=\"fg-thumb\"><span class=\"fg-image-wrap\"><img decoding=\"async\" width=\"150\" height=\"150\" class=\"skip-lazy fg-image\" data-src-fg=\"https:\/\/emlekpont.hu\/wp-content\/uploads\/cache\/2020\/09\/MKI03380-2-1\/840921701.jpg\" src=\"data:image\/svg+xml,%3Csvg%20xmlns%3D%22http%3A%2F%2Fwww.w3.org%2F2000%2Fsvg%22%20width%3D%22150%22%20height%3D%22150%22%20viewBox%3D%220%200%20150%20150%22%3E%3C%2Fsvg%3E\" loading=\"eager\"><\/span><span class=\"fg-image-overlay\"><\/span><\/a><figcaption class=\"fg-caption\"><div class=\"fg-caption-inner\"><\/div><\/figcaption><\/figure><div class=\"fg-loader\"><\/div><\/div><div class=\"fg-item fg-type-image fg-idle\"><figure class=\"fg-item-inner\"><a href=\"https:\/\/emlekpont.hu\/wp-content\/uploads\/2020\/09\/MKI03534-2.jpg\" data-attachment-id=\"7196\" data-type=\"image\" class=\"fg-thumb\"><span class=\"fg-image-wrap\"><img decoding=\"async\" width=\"150\" height=\"150\" class=\"skip-lazy fg-image\" data-src-fg=\"https:\/\/emlekpont.hu\/wp-content\/uploads\/cache\/2020\/09\/MKI03534-2\/1924164038.jpg\" src=\"data:image\/svg+xml,%3Csvg%20xmlns%3D%22http%3A%2F%2Fwww.w3.org%2F2000%2Fsvg%22%20width%3D%22150%22%20height%3D%22150%22%20viewBox%3D%220%200%20150%20150%22%3E%3C%2Fsvg%3E\" loading=\"eager\"><\/span><span class=\"fg-image-overlay\"><\/span><\/a><figcaption class=\"fg-caption\"><div class=\"fg-caption-inner\"><\/div><\/figcaption><\/figure><div class=\"fg-loader\"><\/div><\/div><\/div>\r\n","protected":false},"excerpt":{"rendered":"<p>A budapesti Magyars\u00e1gkutat\u00f3 Int\u00e9zet Trianon ut\u00f3\u00e9let\u00e9r\u0151l rendezett a napokban online tudom\u00e1nyos konferenci\u00e1t, amelynek levezet\u0151 eln\u00f6ke Mikl\u00f3s P\u00e9ter, a h\u00f3dmez\u0151v\u00e1s\u00e1rhelyi Tornyai J\u00e1nos M\u00fazeum igazgat\u00f3ja volt. Trianon ut\u00f3\u00e9lete az els\u0151 sikerekt\u0151l a sz\u00e1z\u00e9ves \u00e9vfordul\u00f3ig c\u00edmmel rendezett a napokban online tudom\u00e1nyos konferenci\u00e1t a budapesti Magyars\u00e1gkutat\u00f3 Int\u00e9zet. A tan\u00e1cskoz\u00e1s f\u0151v\u00e9dn\u00f6ke K\u00e1sler Mikl\u00f3s, az emberi er\u0151forr\u00e1sok minisztere, v\u00e9dn\u00f6ke Horv\u00e1th-Lugossy G\u00e1bor, [&hellip;]<\/p>\n","protected":false},"author":5,"featured_media":7188,"comment_status":"closed","ping_status":"closed","sticky":false,"template":"","format":"standard","meta":{"footnotes":""},"categories":[8],"tags":[],"_links":{"self":[{"href":"https:\/\/emlekpont.hu\/index.php?rest_route=\/wp\/v2\/posts\/7187"}],"collection":[{"href":"https:\/\/emlekpont.hu\/index.php?rest_route=\/wp\/v2\/posts"}],"about":[{"href":"https:\/\/emlekpont.hu\/index.php?rest_route=\/wp\/v2\/types\/post"}],"author":[{"embeddable":true,"href":"https:\/\/emlekpont.hu\/index.php?rest_route=\/wp\/v2\/users\/5"}],"replies":[{"embeddable":true,"href":"https:\/\/emlekpont.hu\/index.php?rest_route=%2Fwp%2Fv2%2Fcomments&post=7187"}],"version-history":[{"count":3,"href":"https:\/\/emlekpont.hu\/index.php?rest_route=\/wp\/v2\/posts\/7187\/revisions"}],"predecessor-version":[{"id":7201,"href":"https:\/\/emlekpont.hu\/index.php?rest_route=\/wp\/v2\/posts\/7187\/revisions\/7201"}],"wp:featuredmedia":[{"embeddable":true,"href":"https:\/\/emlekpont.hu\/index.php?rest_route=\/wp\/v2\/media\/7188"}],"wp:attachment":[{"href":"https:\/\/emlekpont.hu\/index.php?rest_route=%2Fwp%2Fv2%2Fmedia&parent=7187"}],"wp:term":[{"taxonomy":"category","embeddable":true,"href":"https:\/\/emlekpont.hu\/index.php?rest_route=%2Fwp%2Fv2%2Fcategories&post=7187"},{"taxonomy":"post_tag","embeddable":true,"href":"https:\/\/emlekpont.hu\/index.php?rest_route=%2Fwp%2Fv2%2Ftags&post=7187"}],"curies":[{"name":"wp","href":"https:\/\/api.w.org\/{rel}","templated":true}]}}