{"id":7184,"date":"2020-09-07T08:32:03","date_gmt":"2020-09-07T08:32:03","guid":{"rendered":"http:\/\/emlekpont.hu\/?p=7184"},"modified":"2020-09-07T09:30:07","modified_gmt":"2020-09-07T09:30:07","slug":"huszonot-bot-roman-atrocitasok-tomeggyilkossagok-kelet-magyarorszagon-1919-ben","status":"publish","type":"post","link":"https:\/\/emlekpont.hu\/?p=7184","title":{"rendered":"Huszon\u00f6t bot. Rom\u00e1n atrocit\u00e1sok, t\u00f6meggyilkoss\u00e1gok Kelet-Magyarorsz\u00e1gon 1919-ben"},"content":{"rendered":"\n<p>Vincze G\u00e1bor, a h\u00f3dmez\u0151v\u00e1s\u00e1rhelyi Eml\u00e9kpont t\u00f6rt\u00e9n\u00e9sz\u00e9nek \u00edr\u00e1sa a Magyar Nemzet 2020. szeptember 5-i sz\u00e1m\u00e1ban jelent meg.<\/p>\n\n\n\n<figure class=\"wp-block-image size-large\"><img fetchpriority=\"high\" decoding=\"async\" width=\"1024\" height=\"686\" src=\"http:\/\/emlekpont.hu\/wp-content\/uploads\/2020\/09\/VG-2020_0905_-1024x686.jpg\" alt=\"\" class=\"wp-image-7185\" srcset=\"https:\/\/emlekpont.hu\/wp-content\/uploads\/2020\/09\/VG-2020_0905_-1024x686.jpg 1024w, https:\/\/emlekpont.hu\/wp-content\/uploads\/2020\/09\/VG-2020_0905_-300x201.jpg 300w, https:\/\/emlekpont.hu\/wp-content\/uploads\/2020\/09\/VG-2020_0905_-768x515.jpg 768w, https:\/\/emlekpont.hu\/wp-content\/uploads\/2020\/09\/VG-2020_0905_-830x556.jpg 830w, https:\/\/emlekpont.hu\/wp-content\/uploads\/2020\/09\/VG-2020_0905_-230x154.jpg 230w, https:\/\/emlekpont.hu\/wp-content\/uploads\/2020\/09\/VG-2020_0905_-350x235.jpg 350w, https:\/\/emlekpont.hu\/wp-content\/uploads\/2020\/09\/VG-2020_0905_-480x322.jpg 480w, https:\/\/emlekpont.hu\/wp-content\/uploads\/2020\/09\/VG-2020_0905_.jpg 1500w\" sizes=\"(max-width: 1024px) 100vw, 1024px\" \/><\/figure>\n\n\n\n<p>A Rom\u00e1n Kir\u00e1lys\u00e1g az 1916-os bet\u00f6r\u00e9s ut\u00e1n j\u00f3 k\u00e9t \u00e9vvel, 1918 november\u00e9\u00adben\u00ad\u00ad is megt\u00e1madta Magyarorsz\u00e1got. A hivatkoz\u00e1si alap a november 13-\u00e1n\u00ad al\u00e1\u00edrt belgr\u00e1di katonai konvenci\u00f3 azon kit\u00e9tele volt, mely szerint az antant\u00ad nev\u00e9ben a rom\u00e1nok megsz\u00e1llhatj\u00e1k Erd\u00e9ly d\u00e9li r\u00e9sz\u00e9t a Maros vonal\u00e1ig. Ezzel azonban kor\u00e1ntsem el\u00e9gedtek meg.<\/p>\n\n\n\n<p>Amikor a rom\u00e1n hadsereg el\u00e9rte a Maros foly\u00f3t, francia enged\u00e9llyel 1918. december 8-\u00e1n egyes helyeken \u00e1tl\u00e9pte a demark\u00e1ci\u00f3s vonalat, majd n\u00e9h\u00e1ny nap m\u00falva megkezdt\u00e9k az el\u0151renyomul\u00e1st Kolozsv\u00e1r fel\u00e9. Az els\u0151 hetekben a bet\u00f6r\u0151 rom\u00e1nok att\u00f3l tartottak, hogy magyar katonai ellen\u00e1ll\u00e1sba \u00fctk\u00f6zhetnek vagy hogy a h\u00e1tukban kit\u00f6r a sz\u00e9kely l\u00e1zad\u00e1s, emiatt igyekeztek b\u00e9k\u00e9s, \u201erendteremt\u0151\u201d f\u00e9lk\u00e9nt be\u00e1ll\u00edtani magukat.<\/p>\n\n\n\n<p><strong>M\u00e9sz\u00e1rl\u00e1s K\u00f6r\u00f6st\u00e1rk\u00e1nyban<\/strong><\/p>\n\n\n\n<p>Miel\u0151tt azonban \u00fagy t\u0171nne, hogy a rom\u00e1n hadsereg val\u00f3ban a \u201et\u00f6rv\u00e9nyes rend v\u00e9delmez\u0151je\u201d lett volna, \u00e1lljon itt egy korabeli jelent\u00e9s: amikor 1919. febru\u00e1r 15-\u00e9n bevonultak Zsib\u00f3ra a megsz\u00e1ll\u00f3k, \u201ea rom\u00e1n katonas\u00e1g mindj\u00e1rt a 15-\u00e9n megt\u00f6rt\u00e9nt bej\u00f6vetel ut\u00e1n a legkegyetlenebb m\u00f3don j\u00e1rt el a magyar lakoss\u00e1ggal. M\u00e9g aznap d\u00e9lut\u00e1n \u00e1ltal\u00e1nos rabl\u00e1st rendeztek a katon\u00e1k az ott l\u00e9v\u0151 rom\u00e1n cs\u0151csel\u00e9kn\u00e9ppel a v\u00e1rosban. \u00c1ltal\u00e1ban minden magyar embert, akik az \u0151 hat\u00e1rtalan k\u00f6vetel\u0151dz\u00e9seiknek (\u00e9lelmiszer-, p\u00e9nz-, lak\u00e1skiszolg\u00e1ltat\u00e1s) nem tudtak eleget tenni, megbotoztak, puskatussal \u00fctlegeltek vagy a h\u00e1zb\u00f3l az utc\u00e1ra kikergettek, h\u00e1zaikat kifosztott\u00e1k \u00e9s romboltak.<\/p>\n\n\n\n<p>A magyar tisztvisel\u0151ket letart\u00f3ztatt\u00e1k \u00e9s r\u00e9szben el is hurcolt\u00e1k Zsib\u00f3ra, ahol a fogh\u00e1zba vetett\u00e9k \u0151ket.\u201d Bemutatkoztak a megsz\u00e1ll\u00f3k\u2026<\/p>\n\n\n\n<p>A rom\u00e1n hadsereg katon\u00e1i els\u0151k\u00e9nt Kolozsv\u00e1rott haszn\u00e1ltak fegyvert magyar civil szem\u00e9lyekkel szemben. 1918. december 24-\u00e9n Gherescu t\u00e1bornok vezet\u00e9s\u00e9vel ellen\u00e1ll\u00e1s n\u00e9lk\u00fcl vonult be mintegy n\u00e9gyezer toprongyos rom\u00e1n baka a v\u00e1rosba. A megsz\u00e1ll\u00f3k 1919 legelej\u00e9t\u0151l egyre brut\u00e1lisabban viselkedtek, m\u00edg v\u00e9g\u00fcl janu\u00e1r 24-\u00e9n v\u00e9res incidens t\u00f6rt\u00e9nt. Az egyetemi ifj\u00fas\u00e1g a New York Sz\u00e1lloda el\u00e9 vonult, ahol k\u00e9rte az \u00e1tutaz\u00f3ban lev\u0151 Henry Path\u00e9 francia t\u00e1bornokot, hogy v\u00e9dje meg professzorait a rom\u00e1nok zaklat\u00e1s\u00e1t\u00f3l. A t\u00fcntet\u0151ket katonas\u00e1g vette k\u00f6r\u00fcl, dulakod\u00e1s t\u00e1madt, majd sort\u0171z d\u00f6rd\u00fclt, amelynek k\u00f6vetkezt\u00e9ben h\u00e1rman meghaltak, sokan megsebes\u00fcltek.<\/p>\n\n\n\n<p>A fegyvertelen magyar civil lakoss\u00e1ggal szembeni t\u00f6meggyilkoss\u00e1gok akkor kezd\u0151dtek el, amikor a Sz\u00e9kely Hadoszt\u00e1ly \u2013 a Tan\u00e1csk\u00f6zt\u00e1rsas\u00e1g kiki\u00e1lt\u00e1sa ut\u00e1n \u2013 k\u00e9nytelen volt feladni a h\u00f3napokig tartott, a t\u00f6rt\u00e9nelmi Erd\u00e9ly hat\u00e1r\u00e1n h\u00faz\u00f3d\u00f3 frontvonalat, \u00e9s a rom\u00e1nok p\u00e1r h\u00e9t alatt kijutottak az Alf\u00f6ldre.<\/p>\n\n\n\n<p>Az els\u0151 t\u00f6meggyilkoss\u00e1gra a Fekete-K\u00f6r\u00f6s v\u00f6lgyi, sz\u00ednmagyar K\u00f6r\u00f6st\u00e1rk\u00e1nyban ker\u00fclt sor. Ennek az el\u0151zm\u00e9nye az volt, hogy a falut\u00f3l nem messze h\u00faz\u00f3dott a front, \u00e9s a helyi f\u00e9rfilakoss\u00e1g egy r\u00e9sze akt\u00edvan seg\u00edtette a harcokban a Sz\u00e9kely Hadoszt\u00e1ly katon\u00e1it. Amikor a t\u00faler\u0151 miatt vissza kellett vonulniuk, a bossz\u00faszomjas rom\u00e1n katon\u00e1k \u2013 kar\u00f6ltve a szomsz\u00e9dos rom\u00e1n falvak lakosaival \u2013 1919. \u00e1prilis 19-\u00e9n, nagyp\u00e9nteken p\u00e9ld\u00e1tlan m\u00e9sz\u00e1rl\u00e1st k\u00f6vettek el: kilencvenegy lakost gyilkoltak le a tizenhat \u00e9ves leg\u00e9nyt\u0151l a nyolcvan\u00e9ves id\u0151s emberig. (Akadt olyan csal\u00e1d, amelynek h\u00e9t tagja esett \u00e1ldozat\u00e1ul az \u0151rj\u00f6ng\u0151 v\u00e9rengz\u00e9snek!) Emellett a szomsz\u00e9dos Kisny\u00e9gerfalv\u00e1n m\u00e9g tov\u00e1bbi 17 magyart \u00f6ltek meg. A gyal\u00e1zatos gyilkoss\u00e1gokra \u00e9vtizedekig nem volt szabad eml\u00e9kezni, olyannyira nem, hogy a k\u00f6r\u00f6st\u00e1rk\u00e1nyi temet\u0151ben l\u00e9v\u0151 s\u00edrk\u00f6vekr\u0151l a rom\u00e1n kommunista hatalom lekapartatta az 1919. \u00e1prilis 19-\u00e9t, valamint azt, hogy az elhunyt \u201egyilkos kezek \u00e1ldozata\u201d lett.<\/p>\n\n\n\n<p>A rom\u00e1nbar\u00e1t francia Berthelot t\u00e1bornok j\u00f3v\u00e1hagy\u00e1s\u00e1val a rom\u00e1n hadsereg tov\u00e1bb nyomult a Tisza ir\u00e1ny\u00e1ba, sorra foglalva el az alf\u00f6ldi v\u00e1rosokat, falvakat. Azokon a telep\u00fcl\u00e9seken, amelyekre \u201eig\u00e9nyt\u201d tartottak (mint p\u00e9ld\u00e1ul Szatm\u00e1rn\u00e9meti, Nagyv\u00e1rad), nem t\u00f6rt\u00e9ntek t\u00f6meges gyilkoss\u00e1gok. A nem rom\u00e1n lakoss\u00e1g zaklat\u00e1sa, fosztogat\u00e1sa persze folytat\u00f3dott. A megsz\u00e1ll\u00f3k m\u00e1r a Sz\u00e9kelyf\u00f6ld\u00f6n, majd m\u00e1shol is megismertett\u00e9k a magyar lakoss\u00e1ggal a \u201erom\u00e1n specialit\u00e1st\u201d, az \u00fagynevezett \u201edou zecse csincs\u201d-et, vagyis a huszon\u00f6t bot\u00fct\u00e9s \u201eint\u00e9zm\u00e9ny\u00e9t\u201d. (Nagyap\u00e1m \u2013 aki ezt szem\u00e9lyesen \u00e1t\u00e9lte \u2013 gyerekkoromban elmondta, ezt akk\u00e9nt alkalmazt\u00e1k, hogy a katona h\u00fasz \u00fct\u00e9sig sz\u00e1molt, akkor meg\u00e1llt, megvakarta a fej\u00e9t, majd k\u00f6z\u00f6lte, hogy elfelejtette, hol is tart, ez\u00e9rt el\u00f6lr\u0151l kezdte az eg\u00e9szet, \u00edgy lehetett a huszon\u00f6t bot\u00fct\u00e9sb\u0151l harminc vagy negyven\u2026)<\/p>\n\n\n\n<p>Rom\u00e1n k\u00e9zre ker\u00fclt a Partium legnagyobb v\u00e1rosa, Nagyv\u00e1rad 1919. \u00e1prilis 20-\u00e1n, majd h\u00e1rom nappal k\u00e9s\u0151bb Debrecen is. B\u00e1rmily abszurdan hangzik is, de Debrecen polg\u00e1rs\u00e1ga \u00f6r\u00f6mmel fogadta a megsz\u00e1ll\u00f3kat, mert m\u00e1r eleg\u00fck volt a kommunista uralomb\u00f3l. A direkt\u00f3rium parancs\u00e1ra a v\u00e1rosb\u00f3l mintegy f\u00e9lsz\u00e1z prominens szem\u00e9lyt hurcoltak el, a v\u00f6r\u00f6skaton\u00e1k pedig a kivonul\u00e1suk el\u0151tt fosztogattak, raboltak. Ahogy Baltaz\u00e1r Dezs\u0151 reform\u00e1tus p\u00fcsp\u00f6k fogalmazott visszaeml\u00e9kez\u00e9s\u00e9ben: \u201eAz ol\u00e1hok bej\u00f6vetele ut\u00e1n r\u00f6gt\u00f6n megkezd\u0151dtek a denunci\u00e1l\u00e1sos letart\u00f3ztat\u00e1sok\u201d, k\u00e9s\u0151bb a rendszeres fosztogat\u00e1sok, brut\u00e1lis ver\u00e9sek, nemi er\u0151szakoss\u00e1gok. A p\u00fcsp\u00f6k \u00e1ltal \u201efekete terrornak\u201d nevezett gyilkoss\u00e1gok \u00e1ldozatainak sz\u00e1ma val\u00f3sz\u00edn\u0171s\u00edthet\u0151en sz\u00e1zas nagys\u00e1grend\u0171 volt.<\/p>\n\n\n\n<figure class=\"wp-block-image size-large\"><img decoding=\"async\" width=\"691\" height=\"389\" src=\"http:\/\/emlekpont.hu\/wp-content\/uploads\/2020\/09\/MN-fot\u00f3.jpg\" alt=\"\" class=\"wp-image-7198\" srcset=\"https:\/\/emlekpont.hu\/wp-content\/uploads\/2020\/09\/MN-fot\u00f3.jpg 691w, https:\/\/emlekpont.hu\/wp-content\/uploads\/2020\/09\/MN-fot\u00f3-300x169.jpg 300w, https:\/\/emlekpont.hu\/wp-content\/uploads\/2020\/09\/MN-fot\u00f3-230x129.jpg 230w, https:\/\/emlekpont.hu\/wp-content\/uploads\/2020\/09\/MN-fot\u00f3-350x197.jpg 350w, https:\/\/emlekpont.hu\/wp-content\/uploads\/2020\/09\/MN-fot\u00f3-480x270.jpg 480w\" sizes=\"(max-width: 691px) 100vw, 691px\" \/><figcaption>A rom\u00e1n kir\u00e1lyi hadsereg katon\u00e1i az Oktogonn\u00e1l 1919 augusztus\u00e1ban. <br>Budapest megsz\u00e1ll\u00e1s\u00e1ra \u00e1lmukban sem gondoltak volna <br>Fot\u00f3: MTI<\/figcaption><\/figure>\n\n\n\n<p><strong>Cs\u00f6b\u00f6rb\u0151l v\u00f6d\u00f6rbe<\/strong><\/p>\n\n\n\n<p>B\u00e9k\u00e9s v\u00e1rmegye sz\u00e9khely\u00e9re \u00e1prilis 25-\u00e9n vonultak be a rom\u00e1nok. A v\u00e1ros viszonylag szerencs\u00e9sen \u00faszta meg a megsz\u00e1ll\u00e1st, b\u00e1r n\u00e9gy direkt\u00f3riumi tagot a rom\u00e1nok elhurcoltak, majd B\u00e9k\u00e9scsaba hat\u00e1r\u00e1ban agyonl\u0151ttek. A szomsz\u00e9dos kisv\u00e1ros, B\u00e9k\u00e9s nem volt ennyire szerencs\u00e9s. Az itteni kiv\u00e9gz\u00e9seknek az volt az el\u0151zm\u00e9ny\u00fck, hogy a v\u00e1ros vezet\u00e9se elhat\u00e1rozta, megadja mag\u00e1t, a templomok torny\u00e1ra, valamint egyes tanyai \u00e9p\u00fcletek tetej\u00e9re feh\u00e9r z\u00e1szl\u00f3kat t\u0171ztek ki. A m\u00e9g helyben l\u00e9v\u0151 alakulat parancsnoka azonban \u2013 f\u00f6ls\u0151bb parancsra hivatkozva \u2013 a telep\u00fcl\u00e9s sz\u00e9l\u00e9n megt\u00e1madta a 26-\u00e1n bevonul\u00f3 rom\u00e1nokat, akik r\u00f6vid id\u0151 alatt sz\u00e9tsz\u00f3rt\u00e1k a v\u00f6r\u00f6s\u00f6ket. A rom\u00e1n parancsnok arra hivatkozva, hogy megt\u00e9vesztett\u00e9k (hiszen feh\u00e9r z\u00e1szl\u00f3kkal fogadt\u00e1k, m\u00e9gis megt\u00e1madt\u00e1k \u0151ket), a v\u00e1rossz\u00e9li tany\u00e1kr\u00f3l \u00f6sszeszedetett egy tucat (h\u00fasz \u00e9s \u00f6tvenh\u00e1rom \u00e9v k\u00f6z\u00f6tti) gazd\u00e1t. A halotti anyak\u00f6nyvi bejegyz\u00e9sek szerint t\u00f6bbeket megk\u00ednoztak, majd a r\u00e9gi Feh\u00e9r-K\u00f6r\u00f6s (\u00fagynevezett \u00c9l\u0151v\u00edz-csatorna) partj\u00e1ra terelt\u00e9k \u0151ket, ahol a k\u00f6zben \u00f6sszesereglett csal\u00e1dtagok szeme l\u00e1tt\u00e1ra sort\u00fczet vez\u00e9nyelt a rom\u00e1n tiszt.<\/p>\n\n\n\n<p>A Tisz\u00e1ig nyomul\u00f3 rom\u00e1nok t\u00f6bb telep\u00fcl\u00e9sen is kiv\u00e9gezt\u00e9k az elfogott v\u00f6r\u00f6skaton\u00e1kat. \u00c1prilis v\u00e9g\u00e9ig teljesen megsz\u00e1llt\u00e1k az Alf\u00f6ldet, elfoglalva egyebek mellett H\u00f3dmez\u0151v\u00e1s\u00e1rhelyt, Mak\u00f3t \u00e9s Szentest. Azok a naiv lakosok, akik esetleg az els\u0151 \u00f3r\u00e1kban m\u00e9g \u201efelszabad\u00edt\u00f3k\u00e9nt\u201d tekintettek a rom\u00e1nokra, mert megszabad\u00edtott\u00e1k \u0151ket a helyi kommunist\u00e1k terrorj\u00e1t\u00f3l, vill\u00e1mgyorsan r\u00e1d\u00f6bbentek arra, hogy cs\u00f6b\u00f6rb\u0151l v\u00f6d\u00f6rbe ker\u00fcltek. Az er\u0151szakoskod\u00e1s, a t\u00f6meges rekvir\u00e1l\u00e1s az elviselhetetlens\u00e9gig fokoz\u00f3dott.<\/p>\n\n\n\n<p>A Maros menti Ap\u00e1tfalva lakoss\u00e1g\u00e1n\u00e1l 1919. j\u00fanius 23-\u00e1n telt be a poh\u00e1r: p\u00e1r l\u0151fegyverrel, kap\u00e1val, kasz\u00e1val szembesz\u00e1lltak a megsz\u00e1ll\u00f3 rom\u00e1n katon\u00e1kkal. \u201eVal\u00f3s\u00e1gos utcai harc fejl\u0151d\u00f6tt ki, amelyben k\u00e9t polg\u00e1ri egy\u00e9n \u00e9s h\u00e1rom ol\u00e1h katona elesett. A t\u00f6bbieket a t\u00f6meg lefegyverezte, \u00f6tvenk\u00e9t ol\u00e1h katon\u00e1t pedig elkergetett a k\u00f6zs\u00e9gb\u0151l\u201d \u2013 olvashat\u00f3 egy k\u00e9s\u0151bbi feljegyz\u00e9sben. A rom\u00e1n bossz\u00fa nem k\u00e9sett, \u00e9s brut\u00e1lis volt. A vid\u00e9kr\u0151l \u00f6sszpontos\u00edtott csapatokkal megt\u00e1madt\u00e1k a falut, majd a t\u00faler\u0151 hamarosan gy\u0151zedelmeskedett. A v\u00e9rengz\u00e9snek 44 hal\u00e1los \u00e1ldozata volt, huszonegyen k\u00e9s\u0151bb a sebes\u00fcl\u00e9seikbe haltak bele. A telep\u00fcl\u00e9st tot\u00e1lisan kifosztott\u00e1k.<\/p>\n\n\n\n<p><strong>\u00dcll\u0151 \u00e9s ver\u0151 k\u00f6z\u00f6tt<\/strong><\/p>\n\n\n\n<p>A k\u00f6zeli H\u00f3dmez\u0151v\u00e1s\u00e1rhelyen nagyj\u00e1b\u00f3l hasonl\u00f3 sz\u00e1m\u00fa \u00e1ldozatot k\u00f6vetelt a rom\u00e1n uralom. Az itteni megtorl\u00e1s a V\u00f6r\u00f6s Hadsereg 1919. j\u00faliusi tiszai offenz\u00edv\u00e1j\u00e1val \u00e1ll \u00f6sszef\u00fcgg\u00e9sben. J\u00falius 19-\u00e9n \u2013 annak h\u00edr\u00e9re, hogy er\u0151s v\u00f6r\u00f6s egys\u00e9g t\u00e1mad H\u00f3dmez\u0151v\u00e1s\u00e1rhely ir\u00e1ny\u00e1ba \u2013 a rom\u00e1nok kivonultak a v\u00e1rosb\u00f3l. A h\u00edr hamisnak bizonyult, ez\u00e9rt 21-\u00e9n vissza is t\u00e9rtek. A bossz\u00fa itt sem maradt el. Egy mag\u00e1t Ber\u00e9nyi L\u00e1szl\u00f3nak mond\u00f3 \u00e9s m\u00e1r kor\u00e1bban a rom\u00e1n hadsereg mell\u00e9 \u00e1ll\u00f3 szem\u00e9ly vezette a terrort a v\u00e1rosban. J\u00falius 25-\u00e9n \u00f6sszeszedetett mintegy f\u00e9lsz\u00e1z lakost (nagy r\u00e9sz\u00fck szeg\u00e9ny ember volt), majd a rom\u00e1n katon\u00e1kkal kik\u00eds\u00e9rtette \u0151ket a v\u00e1ros hat\u00e1r\u00e1ba. \u00datk\u00f6zben m\u00e9g be\u00e1ll\u00edttatott a sorba n\u00e9h\u00e1ny ismeretlen szem\u00e9lyt, majd az egyik tanya el\u0151tt az 56 civilt agyonl\u00f6vette. A t\u00f6meggyilkoss\u00e1g h\u00edre \u00f3ri\u00e1si felh\u00e1borod\u00e1st v\u00e1ltott ki a v\u00e1rosban, ez\u00e9rt a rom\u00e1n v\u00e1rosparancsnok \u00fagy gondolta, hogy jobb, ha fel\u00e1ldozza ezt a bizonyos Ber\u00e9nyit, \u00e9s agyonl\u00f6vette. Elv\u00e9gre a rom\u00e1nb\u00e9renc \u201em\u00f3r\u201d megtette a k\u00f6teless\u00e9g\u00e9t\u2026<\/p>\n\n\n\n<p>Szerencs\u00e9sebb telep\u00fcl\u00e9s volt a k\u00f6zeli Mindszent, ahol a V\u00f6r\u00f6s Hadsereg \u2013 gyorsan \u00f6sszeoml\u00f3 \u2013 offenz\u00edv\u00e1ja ut\u00e1ni rom\u00e1n bossz\u00fa \u201ecsak\u201d kilenc polg\u00e1r \u00e9let\u00e9t k\u00f6vetelte. A rom\u00e1nok m\u00e1shol is a polg\u00e1ri lakoss\u00e1gon t\u00f6lt\u00f6tt\u00e9k ki a bossz\u00fajukat az\u00e9rt, mert a v\u00f6r\u00f6s\u00f6knek siker\u00fclt \u2013 m\u00e9g ha p\u00e1r napra is \u2013 megfutam\u00edtani \u0151ket. P\u00e9ld\u00e1ul Szentesen Csincs\u00e1k J\u00e1nos k\u00e1pl\u00e1nt a pl\u00e9b\u00e1ni\u00e1n gyilkolt\u00e1k meg, egy keresked\u0151t pedig az \u00fczlet\u00e9ben l\u0151ttek le. Ha t\u00f6megv\u00e9rengz\u00e9sekre nem is, de elsz\u00f3rt gyilkoss\u00e1gokra az Alf\u00f6ld\u00f6n szinte mindenhol sor ker\u00fclt.<br>A helyt\u00f6rt\u00e9neti szakirodalomb\u00f3l tal\u00e1n egyszer \u00f6ssze lehet gy\u0171jteni, hogy sz\u00e1m szerint mennyi hal\u00e1los \u00e1ldozatot k\u00f6vetelt Kelet-Magyarorsz\u00e1g 1919-es rom\u00e1n megsz\u00e1ll\u00e1sa. Szer\u00e9ny becsl\u00e9sek szerint is meghaladhatja a f\u00e9lezres l\u00e9tsz\u00e1mot.<\/p>\n\n\n\n<p>\u00d6sszegz\u00e9sk\u00e9nt elmondhat\u00f3, hogy 1919 tavasz\u00e1n, a Tan\u00e1csk\u00f6zt\u00e1rsas\u00e1g kiki\u00e1lt\u00e1sa ut\u00e1n Kelet-Magyarorsz\u00e1g magyars\u00e1ga \u2013 ahogy a XVII. sz\u00e1zadban fogalmaztak \u2013 \u201e\u00fcll\u0151 s ver\u0151 k\u00f6z\u00e9\u201d ker\u00fclt. Nagyv\u00e1radon, Ny\u00edregyh\u00e1z\u00e1n, Debrecenben \u00e9s m\u00e1shol \u2013 minden fenntart\u00e1suk ellen\u00e9re \u2013 \u201efelszabad\u00edt\u00f3k\u00e9nt\u201d fogadta a t\u00e1rsadalom j\u00f3 r\u00e9sze (els\u0151sorban a polg\u00e1rs\u00e1g) a rom\u00e1n hadsereget, hiszen megszabad\u00edtott\u00e1k \u0151ket a kommunist\u00e1k r\u00e9muralm\u00e1t\u00f3l. Napokon bel\u00fcl kider\u00fclt azonban, hogy a rom\u00e1n uralom semmivel sem jobb, s\u0151t helyenk\u00e9nt sokkal rosszabb, mint a kommunist\u00e1k\u00e9 volt. A rom\u00e1nok \u00e1prilisban kijutv\u00e1n az Alf\u00f6ldre teljesen g\u00e1tl\u00e1stalann\u00e1 v\u00e1ltak, hiszen l\u00e1tt\u00e1k, nincsen el\u0151tt\u00fck \u00e9rdemleges katonai er\u0151, amely fel tudn\u00e1 tart\u00f3ztatni \u0151ket. V\u00e9lem\u00e9nyem szerint r\u00e9szben ezzel magyar\u00e1zhat\u00f3, hogy t\u00f6meggyilkoss\u00e1gokra d\u00f6nt\u0151en ekkor ker\u00fclt sor. Azokra a m\u00e9sz\u00e1rl\u00e1sokra, amelyekr\u0151l 1945 ut\u00e1n \u00e9vtizedekig hallgatni kellett.<\/p>\n\n\n\n<p>A cikk a napilap internetes oldal\u00e1n is elolvashat\u00f3: https:\/\/magyarnemzet.hu\/lugas-rovat\/huszonot-bot-8615457\/<\/p>\n","protected":false},"excerpt":{"rendered":"<p>Vincze G\u00e1bor, a h\u00f3dmez\u0151v\u00e1s\u00e1rhelyi Eml\u00e9kpont t\u00f6rt\u00e9n\u00e9sz\u00e9nek \u00edr\u00e1sa a Magyar Nemzet 2020. szeptember 5-i sz\u00e1m\u00e1ban jelent meg. A Rom\u00e1n Kir\u00e1lys\u00e1g az 1916-os bet\u00f6r\u00e9s ut\u00e1n j\u00f3 k\u00e9t \u00e9vvel, 1918 november\u00e9\u00adben\u00ad\u00ad is megt\u00e1madta Magyarorsz\u00e1got. A hivatkoz\u00e1si alap a november 13-\u00e1n\u00ad al\u00e1\u00edrt belgr\u00e1di katonai konvenci\u00f3 azon kit\u00e9tele volt, mely szerint az antant\u00ad nev\u00e9ben a rom\u00e1nok megsz\u00e1llhatj\u00e1k Erd\u00e9ly d\u00e9li r\u00e9sz\u00e9t [&hellip;]<\/p>\n","protected":false},"author":5,"featured_media":7185,"comment_status":"closed","ping_status":"closed","sticky":false,"template":"","format":"standard","meta":{"footnotes":""},"categories":[8],"tags":[],"_links":{"self":[{"href":"https:\/\/emlekpont.hu\/index.php?rest_route=\/wp\/v2\/posts\/7184"}],"collection":[{"href":"https:\/\/emlekpont.hu\/index.php?rest_route=\/wp\/v2\/posts"}],"about":[{"href":"https:\/\/emlekpont.hu\/index.php?rest_route=\/wp\/v2\/types\/post"}],"author":[{"embeddable":true,"href":"https:\/\/emlekpont.hu\/index.php?rest_route=\/wp\/v2\/users\/5"}],"replies":[{"embeddable":true,"href":"https:\/\/emlekpont.hu\/index.php?rest_route=%2Fwp%2Fv2%2Fcomments&post=7184"}],"version-history":[{"count":3,"href":"https:\/\/emlekpont.hu\/index.php?rest_route=\/wp\/v2\/posts\/7184\/revisions"}],"predecessor-version":[{"id":7200,"href":"https:\/\/emlekpont.hu\/index.php?rest_route=\/wp\/v2\/posts\/7184\/revisions\/7200"}],"wp:featuredmedia":[{"embeddable":true,"href":"https:\/\/emlekpont.hu\/index.php?rest_route=\/wp\/v2\/media\/7185"}],"wp:attachment":[{"href":"https:\/\/emlekpont.hu\/index.php?rest_route=%2Fwp%2Fv2%2Fmedia&parent=7184"}],"wp:term":[{"taxonomy":"category","embeddable":true,"href":"https:\/\/emlekpont.hu\/index.php?rest_route=%2Fwp%2Fv2%2Fcategories&post=7184"},{"taxonomy":"post_tag","embeddable":true,"href":"https:\/\/emlekpont.hu\/index.php?rest_route=%2Fwp%2Fv2%2Ftags&post=7184"}],"curies":[{"name":"wp","href":"https:\/\/api.w.org\/{rel}","templated":true}]}}