{"id":7178,"date":"2020-08-29T11:19:49","date_gmt":"2020-08-29T11:19:49","guid":{"rendered":"http:\/\/emlekpont.hu\/?p=7178"},"modified":"2020-08-29T11:24:08","modified_gmt":"2020-08-29T11:24:08","slug":"orwell-holloja-miklos-peter-tanulmanyai-az-apokrifektol-barankovicsig","status":"publish","type":"post","link":"https:\/\/emlekpont.hu\/?p=7178","title":{"rendered":"Orwell holl\u00f3ja. Mikl\u00f3s P\u00e9ter tanulm\u00e1nyai az apokrifekt\u0151l Barankovicsig"},"content":{"rendered":"\n<p>Dr. Mikl\u00f3s P\u00e9ter, a h\u00f3dmez\u0151v\u00e1s\u00e1rhelyi Tornyai J\u00e1nos M\u00fazeum igazgat\u00f3ja, az Eml\u00e9kpont int\u00e9zm\u00e9nyvezet\u0151j\u00e9nek A v\u00e1ltozatok egyl\u00e9nyeg\u0171s\u00e9ge. Eszmet\u00f6rt\u00e9neti tanulm\u00e1nyok c\u00edm\u0171 k\u00f6tet\u00e9r\u0151l Kov\u00e1cs Em\u0151ke recenzi\u00f3ja a Magyar Nemzet 2020. augusztus 29-i sz\u00e1m\u00e1ban jelent meg.<\/p>\n\n\n\n<figure class=\"wp-block-image size-large\"><img fetchpriority=\"high\" decoding=\"async\" width=\"1024\" height=\"775\" src=\"http:\/\/emlekpont.hu\/wp-content\/uploads\/2020\/08\/MN-2020_0829_-1024x775.jpg\" alt=\"\" class=\"wp-image-7179\" srcset=\"https:\/\/emlekpont.hu\/wp-content\/uploads\/2020\/08\/MN-2020_0829_-1024x775.jpg 1024w, https:\/\/emlekpont.hu\/wp-content\/uploads\/2020\/08\/MN-2020_0829_-300x227.jpg 300w, https:\/\/emlekpont.hu\/wp-content\/uploads\/2020\/08\/MN-2020_0829_-768x581.jpg 768w, https:\/\/emlekpont.hu\/wp-content\/uploads\/2020\/08\/MN-2020_0829_-830x628.jpg 830w, https:\/\/emlekpont.hu\/wp-content\/uploads\/2020\/08\/MN-2020_0829_-230x174.jpg 230w, https:\/\/emlekpont.hu\/wp-content\/uploads\/2020\/08\/MN-2020_0829_-350x265.jpg 350w, https:\/\/emlekpont.hu\/wp-content\/uploads\/2020\/08\/MN-2020_0829_-480x363.jpg 480w, https:\/\/emlekpont.hu\/wp-content\/uploads\/2020\/08\/MN-2020_0829_.jpg 1200w\" sizes=\"(max-width: 1024px) 100vw, 1024px\" \/><\/figure>\n\n\n\n<p>Mikl\u00f3s P\u00e9ter t\u00f6rt\u00e9n\u00e9sz, m\u00fazeumigazgat\u00f3 rendk\u00edv\u00fcl term\u00e9keny szerz\u0151. Huszonegy \u00f6n\u00e1ll\u00f3 k\u00f6nyve \u00e9s t\u00f6bb mint \u00f6tsz\u00e1z publik\u00e1ci\u00f3ja mellett nemr\u00e9giben l\u00e1tott napvil\u00e1got A v\u00e1ltozatok egyl\u00e9nyeg\u0171s\u00e9ge c\u00edm\u0171 eszmet\u00f6rt\u00e9neti tanulm\u00e1nyk\u00f6tete.<\/p>\n\n\n\n<p>A k\u00f6nyv az \u00f6sszehasonl\u00edt\u00f3 eszmet\u00f6rt\u00e9net, illetve a t\u00f6rt\u00e9neti szimbolika \u00e9s szemiotika m\u00f3dszertan\u00e1val k\u00e9sz\u00fclt eszme- \u00e9s m\u0171vel\u0151d\u00e9st\u00f6rt\u00e9neti essz\u00e9kb\u0151l \u00e9s tanulm\u00e1nyokb\u00f3l v\u00e1logat, amelyek k\u00f6z\u00f6tt az apokrif apokalipszisek vil\u00e1ga \u00e9pp\u00fagy megjelenik, mint a p\u00e1pai c\u00edmerek szimb\u00f3lumrendszere \u00e9s a tot\u00e1lis diktat\u00far\u00e1k vall\u00e1spolitik\u00e1ja vagy \u00e9ppen a katolicizmus \u00e9s a politikum kapcsolat\u00e1nak szellemt\u00f6rt\u00e9neti r\u00e9tegzetts\u00e9ge. Mindezek mellett a kiv\u00e1l\u00f3 katolikus pap \u00e9s folklorista, K\u00e1lm\u00e1ny Lajos \u00e9letm\u0171v\u00e9r\u0151l is olvashat\u00f3 essz\u00e9 a k\u00f6tetben, amelyben k\u00e9t fontos XX. sz\u00e1zadi magyar kereszt\u00e9nydemokrata politikus \u2013 B\u00e1lint S\u00e1ndor \u00e9s Barankovics Istv\u00e1n \u2013 \u00e9let\u00fatj\u00e1nak eszme-, m\u0171vel\u0151d\u00e9s- \u00e9s politikat\u00f6rt\u00e9neti \u00e9rt\u00e9kel\u00e9se is helyett kapott.<\/p>\n\n\n\n<p>A tanulm\u00e1nyok egyre m\u00e9lyebbre hatolnak, a t\u00e9m\u00e1k egyre ink\u00e1bb nehez\u00fclnek, ahogy haladunk el\u0151re a k\u00f6nyvben. Eljutunk Orwell \u00c1llatfarmj\u00e1nak k\u00fcl\u00f6n\u00f6s szempont\u00fa elemz\u00e9s\u00e9hez: M\u00f3zes, a holl\u00f3 titokzatos szerep\u00e9hez, orwelli \u00fatj\u00e1hoz, s ez\u00e1ltal a XX. sz\u00e1zadi eur\u00f3pai tot\u00e1lis politikai rendszerek vall\u00e1spolitik\u00e1j\u00e1nak f\u0151bb jellegzetess\u00e9geihez.<\/p>\n\n\n\n<p>A k\u00f6nyv m\u00e1sik egys\u00e9ge m\u00e1r elkanyarodik a sz\u00f6vegelemz\u00e9sekt\u0151l, az \u00e1ltal\u00e1nos anal\u00edzist\u0151l, \u00e1tt\u00e9r a portr\u00e9kra \u00e9s egy t\u00f6rt\u00e9nelmi esem\u00e9ny vizsg\u00e1lat\u00e1ra. Ez ut\u00f3bbi hi\u00e1nyp\u00f3tl\u00f3: az aradi ellenforradalmi korm\u00e1ny t\u00f6rt\u00e9net\u00e9hez ny\u00fajt adal\u00e9kot. Ebben ugyanis Mikl\u00f3s P\u00e9ter kort\u00e1rsi visszaeml\u00e9kez\u00e9sek alapj\u00e1n igyekszik rekonstru\u00e1lni a r\u00f6vid \u00e9let\u0171 aradi ellenforradalmi korm\u00e1ny 1919. m\u00e1jusi megalakul\u00e1s\u00e1nak k\u00f6r\u00fclm\u00e9nyeit \u00e9s t\u00f6rt\u00e9net\u00e9t. A konkl\u00fazi\u00f3 tiszta \u00e9s vil\u00e1gos: e korm\u00e1ny m\u0171k\u00f6d\u00e9s\u00e9nek legf\u0151bb eredm\u00e9nye az volt, hogy a magyarorsz\u00e1gi \u00e9s az emigr\u00e1ns forradalomellenes csoportoknak bizony\u00edtani tudta, a magyar \u00e1llam ter\u00fclet\u00e9n l\u00e9tezik antikommunista er\u0151 is.<\/p>\n\n\n\n<p>A k\u00f6tetben szerepl\u0151 h\u00e1rom karizmatikus portr\u00e9t \u2013 B\u00e1lint S\u00e1ndor, Barankovics Istv\u00e1n, K\u00e1lm\u00e1ny Lajos \u2013 bemutat\u00f3 \u00edr\u00e1sok k\u00f6z\u00fcl tal\u00e1n K\u00e1lm\u00e1ny Lajos alakja \u00e9s sorsa kev\u00e9sb\u00e9 ismert, de a legmegr\u00e1z\u00f3bb is egyben. K\u00e1lm\u00e1ny katolikus pap, eur\u00f3pai h\u00edr\u0171 tud\u00f3s, neves folklorista, a szegedi nagyt\u00e1j \u00e9s n\u00e9phagyom\u00e1ny egyik legjelent\u0151sebb kutat\u00f3ja, az \u0151 \u00e1ldozatos munk\u00e1j\u00e1t, p\u00e1lyak\u00e9p\u00e9t ismerhetj\u00fck meg Mikl\u00f3s P\u00e9ter k\u00f6tet\u00e9b\u0151l. Ezt a sormint\u00e1t folytatja a szerz\u0151 a kereszt\u00e9ny alapokon \u00e1ll\u00f3, kit\u0171n\u0151 tud\u00f3s, eur\u00f3pai szellem, kereszt\u00e9nydemokrata politikus, hagyom\u00e1ny\u0151rz\u0151 szegedi polg\u00e1r, B\u00e1lint S\u00e1ndor tev\u00e9kenys\u00e9g\u00e9nek felv\u00e1zol\u00e1s\u00e1val. A szellemi \u00f6r\u00f6ks\u00e9gek felsorakoztat\u00e1s\u00e1nak z\u00e1r\u00f3 \u00edr\u00e1sa a k\u00f6tet Barankovics Istv\u00e1n nagy form\u00e1tum\u00fa kereszt\u00e9nydemokrata politikusr\u00f3l s azon bel\u00fcl a polg\u00e1ri demokr\u00e1cia fenntart\u00e1s\u00e1\u00e9rt v\u00edvott harc\u00e1r\u00f3l sz\u00f3l\u00f3 essz\u00e9je, \u201eBarankovics Istv\u00e1n sorsa p\u00e9ld\u00e1zza azt a rem\u00e9nytelen k\u00fczdelmet, amelyet a kereszt\u00e9nys\u00e9g \u00e9s a demokr\u00e1cia er\u0151i folytattak a ki\u00e9p\u00fcl\u0151 kommunista diktat\u00fara ellen. Emigr\u00e1l\u00e1sa k\u00e9nyszer\u0171 volt, R\u00e1kosi politikai \u00f6ngyilkoss\u00e1gra pr\u00f3b\u00e1lta k\u00e9nyszer\u00edteni, bes\u00fag\u00f3k \u00e9s detekt\u00edvek hada vette k\u00f6r\u00fcl\u201d \u2013 r\u00f6gz\u00edti a s\u00falyos t\u00e9nyeket a t\u00f6rt\u00e9n\u00e9sz.<\/p>\n\n\n\n<p>Mikl\u00f3s P\u00e9ter alapos bibliogr\u00e1fiai hivatkoz\u00e1sokkal ell\u00e1tott essz\u00e9ib\u0151l \u00e9s tanulm\u00e1nyaib\u00f3l \u00e1ll\u00f3 k\u00f6tete tartalmas, val\u00f3ban kurrens eszmet\u00f6rt\u00e9neti olvasnival\u00f3kat sorakoztat fel, amelyekre felsz\u00ednes \u00e9s hars\u00e1ny vil\u00e1gunkban k\u00fcl\u00f6n\u00f6sen nagy sz\u00fcks\u00e9g lehet.<\/p>\n\n\n\n<p>(Mikl\u00f3s P\u00e9ter: A v\u00e1ltozatok egyl\u00e9nyeg\u0171s\u00e9ge. Eszmet\u00f6rt\u00e9neti tanulm\u00e1nyok. B\u00e1lint S\u00e1ndor Szellemi \u00d6r\u00f6ks\u00e9g\u00e9\u00e9rt Alap\u00edtv\u00e1ny, Szeged, 2020, 129 oldal. \u00c1rmegjel\u00f6l\u00e9s n\u00e9lk\u00fcl)<\/p>\n","protected":false},"excerpt":{"rendered":"<p>Dr. Mikl\u00f3s P\u00e9ter, a h\u00f3dmez\u0151v\u00e1s\u00e1rhelyi Tornyai J\u00e1nos M\u00fazeum igazgat\u00f3ja, az Eml\u00e9kpont int\u00e9zm\u00e9nyvezet\u0151j\u00e9nek A v\u00e1ltozatok egyl\u00e9nyeg\u0171s\u00e9ge. Eszmet\u00f6rt\u00e9neti tanulm\u00e1nyok c\u00edm\u0171 k\u00f6tet\u00e9r\u0151l Kov\u00e1cs Em\u0151ke recenzi\u00f3ja a Magyar Nemzet 2020. augusztus 29-i sz\u00e1m\u00e1ban jelent meg. Mikl\u00f3s P\u00e9ter t\u00f6rt\u00e9n\u00e9sz, m\u00fazeumigazgat\u00f3 rendk\u00edv\u00fcl term\u00e9keny szerz\u0151. Huszonegy \u00f6n\u00e1ll\u00f3 k\u00f6nyve \u00e9s t\u00f6bb mint \u00f6tsz\u00e1z publik\u00e1ci\u00f3ja mellett nemr\u00e9giben l\u00e1tott napvil\u00e1got A v\u00e1ltozatok egyl\u00e9nyeg\u0171s\u00e9ge c\u00edm\u0171 eszmet\u00f6rt\u00e9neti [&hellip;]<\/p>\n","protected":false},"author":5,"featured_media":7179,"comment_status":"closed","ping_status":"closed","sticky":false,"template":"","format":"standard","meta":{"footnotes":""},"categories":[8],"tags":[],"_links":{"self":[{"href":"https:\/\/emlekpont.hu\/index.php?rest_route=\/wp\/v2\/posts\/7178"}],"collection":[{"href":"https:\/\/emlekpont.hu\/index.php?rest_route=\/wp\/v2\/posts"}],"about":[{"href":"https:\/\/emlekpont.hu\/index.php?rest_route=\/wp\/v2\/types\/post"}],"author":[{"embeddable":true,"href":"https:\/\/emlekpont.hu\/index.php?rest_route=\/wp\/v2\/users\/5"}],"replies":[{"embeddable":true,"href":"https:\/\/emlekpont.hu\/index.php?rest_route=%2Fwp%2Fv2%2Fcomments&post=7178"}],"version-history":[{"count":3,"href":"https:\/\/emlekpont.hu\/index.php?rest_route=\/wp\/v2\/posts\/7178\/revisions"}],"predecessor-version":[{"id":7182,"href":"https:\/\/emlekpont.hu\/index.php?rest_route=\/wp\/v2\/posts\/7178\/revisions\/7182"}],"wp:featuredmedia":[{"embeddable":true,"href":"https:\/\/emlekpont.hu\/index.php?rest_route=\/wp\/v2\/media\/7179"}],"wp:attachment":[{"href":"https:\/\/emlekpont.hu\/index.php?rest_route=%2Fwp%2Fv2%2Fmedia&parent=7178"}],"wp:term":[{"taxonomy":"category","embeddable":true,"href":"https:\/\/emlekpont.hu\/index.php?rest_route=%2Fwp%2Fv2%2Fcategories&post=7178"},{"taxonomy":"post_tag","embeddable":true,"href":"https:\/\/emlekpont.hu\/index.php?rest_route=%2Fwp%2Fv2%2Ftags&post=7178"}],"curies":[{"name":"wp","href":"https:\/\/api.w.org\/{rel}","templated":true}]}}