{"id":715,"date":"2019-12-06T14:51:22","date_gmt":"2019-12-06T14:51:22","guid":{"rendered":"https:\/\/emlekpont.hu\/?p=715"},"modified":"2019-12-06T14:55:26","modified_gmt":"2019-12-06T14:55:26","slug":"schmidt-maria-tortenesz-a-terrror-haza-muzeum-foigazgatoja","status":"publish","type":"post","link":"https:\/\/emlekpont.hu\/?p=715","title":{"rendered":"Schmidt M\u00e1ria, t\u00f6rt\u00e9n\u00e9sz, a Terrror H\u00e1za M\u00fazeum f\u0151igazgat\u00f3ja"},"content":{"rendered":"\t\t<div data-elementor-type=\"wp-post\" data-elementor-id=\"715\" class=\"elementor elementor-715\" data-elementor-post-type=\"post\">\n\t\t\t\t\t\t<section class=\"elementor-section elementor-top-section elementor-element elementor-element-007d99b elementor-section-boxed elementor-section-height-default elementor-section-height-default\" data-id=\"007d99b\" data-element_type=\"section\">\n\t\t\t\t\t\t<div class=\"elementor-container elementor-column-gap-default\">\n\t\t\t\t\t<div class=\"elementor-column elementor-col-100 elementor-top-column elementor-element elementor-element-bca9e4d\" data-id=\"bca9e4d\" data-element_type=\"column\">\n\t\t\t<div class=\"elementor-widget-wrap elementor-element-populated\">\n\t\t\t\t\t\t<div class=\"elementor-element elementor-element-28dcb32 elementor-position-top elementor-widget elementor-widget-image-box\" data-id=\"28dcb32\" data-element_type=\"widget\" data-widget_type=\"image-box.default\">\n\t\t\t\t<div class=\"elementor-widget-container\">\n\t\t\t<div class=\"elementor-image-box-wrapper\"><figure class=\"elementor-image-box-img\"><img fetchpriority=\"high\" decoding=\"async\" width=\"248\" height=\"300\" src=\"https:\/\/emlekpont.hu\/wp-content\/uploads\/2019\/12\/letrehozok-018-248x300.jpg\" class=\"attachment-medium size-medium wp-image-622\" alt=\"\" srcset=\"https:\/\/emlekpont.hu\/wp-content\/uploads\/2019\/12\/letrehozok-018-248x300.jpg 248w, https:\/\/emlekpont.hu\/wp-content\/uploads\/2019\/12\/letrehozok-018-230x279.jpg 230w, https:\/\/emlekpont.hu\/wp-content\/uploads\/2019\/12\/letrehozok-018.jpg 330w\" sizes=\"(max-width: 248px) 100vw, 248px\" \/><\/figure><div class=\"elementor-image-box-content\"><p class=\"elementor-image-box-description\"><p style=\"text-align:justify\">Budapesten sz\u00fcletett 1953-ban. Az E\u00f6tv\u00f6s Lor\u00e1nd Tudom\u00e1nyegyetem B\u00f6lcs\u00e9szettudom\u00e1nyi Kar\u00e1nak t\u00f6rt\u00e9nelem-n\u00e9met szak\u00e1n szerzett k\u00f6z\u00e9piskolai tan\u00e1ri diplom\u00e1t. 1985-ben doktori vizsg\u00e1t tett, 1999-ben megszerezte a PhD fokozatot. 1996-t\u00f3l P\u00e1zm\u00e1ny P\u00e9ter Katolikus Egyetem docense. 2005-ben t\u00f6rt\u00e9nelemtudom\u00e1nyok tudom\u00e1ny\u00e1gban \u201dhabilit\u00e1lt doktori\u201d c\u00edmet szerzett. Posztgradu\u00e1lis \u00f6szt\u00f6nd\u00edjakkal, illetve vend\u00e9gtan\u00e1rk\u00e9nt megfordult a b\u00e9csi \u00e9s innsbrucki egyetemeken, Oxfordban, P\u00e1rizsban, Berlinben a Technische Universit\u00e4ten, Tel-Avivban, tov\u00e1bb\u00e1 a jeruzs\u00e1lemi Jad-Vashemben, a New York-i \u00e9s a bloomingtoni egyetemen, valamint a stanfordi Hoover Int\u00e9zetben. 1998 \u00e9s 2002 k\u00f6z\u00f6tt a minisztereln\u00f6k f\u0151tan\u00e1csad\u00f3ja. A XX. Sz\u00e1zad Int\u00e9zet, a XXI. Sz\u00e1zad Int\u00e9zet \u00e9s a Terror H\u00e1za M\u00fazeum f\u0151igazgat\u00f3ja. 2002-t\u0151l a 20. sz\u00e1zadi eur\u00f3pai diktat\u00far\u00e1k \u00e9s a demokratikus \u00e1talakul\u00e1sok \u00f6sszehasonl\u00edt\u00f3 kutat\u00e1s\u00e1ra l\u00e9trej\u00f6tt, nemzetk\u00f6zi Ettersberg Alap\u00edtv\u00e1ny kur\u00e1tora.<\/p><\/div><\/div>\t\t<\/div>\n\t\t\t\t<\/div>\n\t\t\t\t\t<\/div>\n\t\t<\/div>\n\t\t\t\t\t<\/div>\n\t\t<\/section>\n\t\t\t\t<\/div>\n\t\t","protected":false},"excerpt":{"rendered":"<p>Budapesten sz\u00fcletett 1953-ban. Az E\u00f6tv\u00f6s Lor\u00e1nd Tudom\u00e1nyegyetem B\u00f6lcs\u00e9szettudom\u00e1nyi Kar\u00e1nak t\u00f6rt\u00e9nelem-n\u00e9met szak\u00e1n szerzett k\u00f6z\u00e9piskolai tan\u00e1ri diplom\u00e1t. 1985-ben doktori vizsg\u00e1t tett, 1999-ben megszerezte a PhD fokozatot. 1996-t\u00f3l P\u00e1zm\u00e1ny P\u00e9ter Katolikus Egyetem docense. 2005-ben t\u00f6rt\u00e9nelemtudom\u00e1nyok tudom\u00e1ny\u00e1gban \u201dhabilit\u00e1lt doktori\u201d c\u00edmet szerzett. Posztgradu\u00e1lis \u00f6szt\u00f6nd\u00edjakkal, illetve vend\u00e9gtan\u00e1rk\u00e9nt megfordult a b\u00e9csi \u00e9s innsbrucki egyetemeken, Oxfordban, P\u00e1rizsban, Berlinben a Technische Universit\u00e4ten, Tel-Avivban, tov\u00e1bb\u00e1 [&hellip;]<\/p>\n","protected":false},"author":5,"featured_media":0,"comment_status":"closed","ping_status":"closed","sticky":false,"template":"","format":"standard","meta":{"footnotes":""},"categories":[7],"tags":[],"_links":{"self":[{"href":"https:\/\/emlekpont.hu\/index.php?rest_route=\/wp\/v2\/posts\/715"}],"collection":[{"href":"https:\/\/emlekpont.hu\/index.php?rest_route=\/wp\/v2\/posts"}],"about":[{"href":"https:\/\/emlekpont.hu\/index.php?rest_route=\/wp\/v2\/types\/post"}],"author":[{"embeddable":true,"href":"https:\/\/emlekpont.hu\/index.php?rest_route=\/wp\/v2\/users\/5"}],"replies":[{"embeddable":true,"href":"https:\/\/emlekpont.hu\/index.php?rest_route=%2Fwp%2Fv2%2Fcomments&post=715"}],"version-history":[{"count":4,"href":"https:\/\/emlekpont.hu\/index.php?rest_route=\/wp\/v2\/posts\/715\/revisions"}],"predecessor-version":[{"id":719,"href":"https:\/\/emlekpont.hu\/index.php?rest_route=\/wp\/v2\/posts\/715\/revisions\/719"}],"wp:attachment":[{"href":"https:\/\/emlekpont.hu\/index.php?rest_route=%2Fwp%2Fv2%2Fmedia&parent=715"}],"wp:term":[{"taxonomy":"category","embeddable":true,"href":"https:\/\/emlekpont.hu\/index.php?rest_route=%2Fwp%2Fv2%2Fcategories&post=715"},{"taxonomy":"post_tag","embeddable":true,"href":"https:\/\/emlekpont.hu\/index.php?rest_route=%2Fwp%2Fv2%2Ftags&post=715"}],"curies":[{"name":"wp","href":"https:\/\/api.w.org\/{rel}","templated":true}]}}