{"id":7120,"date":"2020-08-22T05:45:53","date_gmt":"2020-08-22T05:45:53","guid":{"rendered":"http:\/\/emlekpont.hu\/?p=7120"},"modified":"2020-08-21T05:47:46","modified_gmt":"2020-08-21T05:47:46","slug":"ot-sikeres-palyazatot-nyert-el-a-tornyai-muzeum","status":"publish","type":"post","link":"https:\/\/emlekpont.hu\/?p=7120","title":{"rendered":"\u00d6t sikeres p\u00e1ly\u00e1zatot nyert el a Tornyai-m\u00fazeum"},"content":{"rendered":"\n<p><strong>A j\u00e1rv\u00e1nyhelyzet alatti k\u00e9nyszer\u0171 z\u00e1rva tart\u00e1s alatt is eredm\u00e9nyes el\u0151k\u00e9sz\u00edt\u0151 munka zajlott a h\u00f3dmez\u0151v\u00e1s\u00e1rhelyi muze\u00e1lis int\u00e9zm\u00e9nyekben. A Tornyai J\u00e1nos M\u00fazeum \u00e9s K\u00f6zm\u0171vel\u0151d\u00e9si K\u00f6zpont virtu\u00e1lis ki\u00e1ll\u00edt\u00e1sra, k\u00f6nyvkiad\u00e1sra \u00e9s m\u0171t\u00e1rgyv\u00e1s\u00e1rl\u00e1sra is ny\u00fajtott be p\u00e1ly\u00e1zatot a Nemzeti Kultur\u00e1lis Alaphoz (NKA). Mikl\u00f3s P\u00e9ter m\u00fazeumigazgat\u00f3 elmondta: a nemr\u00e9giben k\u00f6zz\u00e9tett d\u00f6nt\u00e9si list\u00e1n a m\u00fazeum \u00f6t sikeres p\u00e1ly\u00e1zata is szerepel, \u00f6sszesen 2.850.000,- Ft t\u00e1mogat\u00e1si \u00f6sszeggel.<\/strong><\/p>\n\n\n\n<figure class=\"wp-block-image size-large\"><img fetchpriority=\"high\" decoding=\"async\" width=\"1024\" height=\"683\" src=\"http:\/\/emlekpont.hu\/wp-content\/uploads\/2020\/08\/2020_0821_MP.jpg\" alt=\"\" class=\"wp-image-7121\" srcset=\"https:\/\/emlekpont.hu\/wp-content\/uploads\/2020\/08\/2020_0821_MP.jpg 1024w, https:\/\/emlekpont.hu\/wp-content\/uploads\/2020\/08\/2020_0821_MP-300x200.jpg 300w, https:\/\/emlekpont.hu\/wp-content\/uploads\/2020\/08\/2020_0821_MP-768x512.jpg 768w, https:\/\/emlekpont.hu\/wp-content\/uploads\/2020\/08\/2020_0821_MP-830x554.jpg 830w, https:\/\/emlekpont.hu\/wp-content\/uploads\/2020\/08\/2020_0821_MP-230x153.jpg 230w, https:\/\/emlekpont.hu\/wp-content\/uploads\/2020\/08\/2020_0821_MP-350x233.jpg 350w, https:\/\/emlekpont.hu\/wp-content\/uploads\/2020\/08\/2020_0821_MP-480x320.jpg 480w\" sizes=\"(max-width: 1024px) 100vw, 1024px\" \/><\/figure>\n\n\n\n<p>A K\u00f6zgy\u0171jtem\u00e9nyek Koll\u00e9giuma h\u00e1rom projektet is t\u00e1mogat, k\u00f6zt\u00fck a Tornyai J\u00e1nos M\u00fazeumban k\u00e9sz\u00fcl\u0151, <em>\u00c9p\u00edt\u00e9s alatt<\/em> c\u00edm\u0171r\u00e9g\u00e9szeti ki\u00e1ll\u00edt\u00e1s virtu\u00e1lis form\u00e1ban val\u00f3 megval\u00f3s\u00edt\u00e1s\u00e1t, amelynek nyom\u00e1n a t\u00e1rlat anyaga a vil\u00e1gh\u00e1l\u00f3n is el\u00e9rhet\u0151 lesz. P\u00e1ly\u00e1zati t\u00e1mogat\u00e1ssal gazdagodik a m\u00fazeum fot\u00f3t\u00e1ra \u00e9s helyt\u00f6rt\u00e9neti gy\u0171jtem\u00e9nye v\u00e1s\u00e1rhelyi fotogr\u00e1fusok, L\u0151k\u00f6s S\u00e1ndor, Bodrogi Imre \u00e9s Lusztig Imre hagyat\u00e9k\u00e1val, valamint a <em>Tornyai J\u00e1nos M\u00fazeum \u00c9vk\u00f6nyve <\/em>a 2020. \u00e9vi m\u00e1sodik k\u00f6tete megjelentet\u00e9s\u00e9re is hozz\u00e1j\u00e1rul\u00e1st nyert az int\u00e9zm\u00e9ny.<\/p>\n\n\n\n<p>Tov\u00e1bbi k\u00e9t kiadv\u00e1ny, a <em>R\u00e9g\u00e9szeti kutat\u00e1sok H\u00f3dmez\u0151v\u00e1s\u00e1rhely-King\u00e9cen<\/em>, valamint a <em>Politikai perek a szegedi n\u00e9pb\u00edr\u00f3s\u00e1gon 1945 \u00e9s 1950 k\u00f6z\u00f6tt<\/em> c\u00edm\u0171 tanulm\u00e1nyk\u00f6tet kiad\u00e1s\u00e1t is t\u00e1mogatja az NKA, ut\u00f3bbi az <em>Eml\u00e9kpont K\u00f6nyvek<\/em> sorozat k\u00f6vetkez\u0151 darabja lesz.<\/p>\n","protected":false},"excerpt":{"rendered":"<p>A j\u00e1rv\u00e1nyhelyzet alatti k\u00e9nyszer\u0171 z\u00e1rva tart\u00e1s alatt is eredm\u00e9nyes el\u0151k\u00e9sz\u00edt\u0151 munka zajlott a h\u00f3dmez\u0151v\u00e1s\u00e1rhelyi muze\u00e1lis int\u00e9zm\u00e9nyekben. A Tornyai J\u00e1nos M\u00fazeum \u00e9s K\u00f6zm\u0171vel\u0151d\u00e9si K\u00f6zpont virtu\u00e1lis ki\u00e1ll\u00edt\u00e1sra, k\u00f6nyvkiad\u00e1sra \u00e9s m\u0171t\u00e1rgyv\u00e1s\u00e1rl\u00e1sra is ny\u00fajtott be p\u00e1ly\u00e1zatot a Nemzeti Kultur\u00e1lis Alaphoz (NKA). Mikl\u00f3s P\u00e9ter m\u00fazeumigazgat\u00f3 elmondta: a nemr\u00e9giben k\u00f6zz\u00e9tett d\u00f6nt\u00e9si list\u00e1n a m\u00fazeum \u00f6t sikeres p\u00e1ly\u00e1zata is szerepel, \u00f6sszesen 2.850.000,- [&hellip;]<\/p>\n","protected":false},"author":5,"featured_media":7121,"comment_status":"closed","ping_status":"closed","sticky":false,"template":"","format":"standard","meta":{"footnotes":""},"categories":[8],"tags":[],"_links":{"self":[{"href":"https:\/\/emlekpont.hu\/index.php?rest_route=\/wp\/v2\/posts\/7120"}],"collection":[{"href":"https:\/\/emlekpont.hu\/index.php?rest_route=\/wp\/v2\/posts"}],"about":[{"href":"https:\/\/emlekpont.hu\/index.php?rest_route=\/wp\/v2\/types\/post"}],"author":[{"embeddable":true,"href":"https:\/\/emlekpont.hu\/index.php?rest_route=\/wp\/v2\/users\/5"}],"replies":[{"embeddable":true,"href":"https:\/\/emlekpont.hu\/index.php?rest_route=%2Fwp%2Fv2%2Fcomments&post=7120"}],"version-history":[{"count":2,"href":"https:\/\/emlekpont.hu\/index.php?rest_route=\/wp\/v2\/posts\/7120\/revisions"}],"predecessor-version":[{"id":7123,"href":"https:\/\/emlekpont.hu\/index.php?rest_route=\/wp\/v2\/posts\/7120\/revisions\/7123"}],"wp:featuredmedia":[{"embeddable":true,"href":"https:\/\/emlekpont.hu\/index.php?rest_route=\/wp\/v2\/media\/7121"}],"wp:attachment":[{"href":"https:\/\/emlekpont.hu\/index.php?rest_route=%2Fwp%2Fv2%2Fmedia&parent=7120"}],"wp:term":[{"taxonomy":"category","embeddable":true,"href":"https:\/\/emlekpont.hu\/index.php?rest_route=%2Fwp%2Fv2%2Fcategories&post=7120"},{"taxonomy":"post_tag","embeddable":true,"href":"https:\/\/emlekpont.hu\/index.php?rest_route=%2Fwp%2Fv2%2Ftags&post=7120"}],"curies":[{"name":"wp","href":"https:\/\/api.w.org\/{rel}","templated":true}]}}