{"id":7116,"date":"2020-08-19T14:00:53","date_gmt":"2020-08-19T14:00:53","guid":{"rendered":"http:\/\/emlekpont.hu\/?p=7116"},"modified":"2020-08-18T18:47:29","modified_gmt":"2020-08-18T18:47:29","slug":"szaz-eve-lett-kepviselo-slachta-margit-a-veszkorszak-embermentoje","status":"publish","type":"post","link":"https:\/\/emlekpont.hu\/?p=7116","title":{"rendered":"Sz\u00e1z \u00e9ve lett k\u00e9pvisel\u0151 Slachta Margit, a v\u00e9szkorszak emberment\u0151je"},"content":{"rendered":"\n<p><strong>A sz\u00e1z \u00e9vvel ezel\u0151tt megv\u00e1lasztott els\u0151 magyarorsz\u00e1gi k\u00e9pvisel\u0151n\u0151r\u0151l, Slachta Margitr\u00f3l tartott el\u0151ad\u00e1st Nagy Gy\u00f6ngyi, a h\u00f3dmez\u0151v\u00e1s\u00e1rhelyi Eml\u00e9kpont t\u00f6rt\u00e9n\u00e9sze a V\u00e1s\u00e1rhelyi T\u00f6rt\u00e9nelmi K\u00f6r XIII. T\u00f6rt\u00e9nettudom\u00e1nyi Tal\u00e1lkoz\u00f3j\u00e1n a M\u00e1ty\u00e1s utcai Olvas\u00f3k\u00f6rben. Slachta kor\u00e1ban csodabog\u00e1rnak sz\u00e1m\u00edtott: az els\u0151 k\u00e9pvisel\u0151n\u0151 szerzetesk\u00e9nt szerzett mand\u00e1tumot.<\/strong><\/p>\n\n\n\n<figure class=\"wp-block-image size-large\"><img fetchpriority=\"high\" decoding=\"async\" width=\"1024\" height=\"683\" src=\"http:\/\/emlekpont.hu\/wp-content\/uploads\/2020\/08\/2020_0818_NagyGy_06-1.jpg\" alt=\"\" class=\"wp-image-7117\" srcset=\"https:\/\/emlekpont.hu\/wp-content\/uploads\/2020\/08\/2020_0818_NagyGy_06-1.jpg 1024w, https:\/\/emlekpont.hu\/wp-content\/uploads\/2020\/08\/2020_0818_NagyGy_06-1-300x200.jpg 300w, https:\/\/emlekpont.hu\/wp-content\/uploads\/2020\/08\/2020_0818_NagyGy_06-1-768x512.jpg 768w, https:\/\/emlekpont.hu\/wp-content\/uploads\/2020\/08\/2020_0818_NagyGy_06-1-830x554.jpg 830w, https:\/\/emlekpont.hu\/wp-content\/uploads\/2020\/08\/2020_0818_NagyGy_06-1-230x153.jpg 230w, https:\/\/emlekpont.hu\/wp-content\/uploads\/2020\/08\/2020_0818_NagyGy_06-1-350x233.jpg 350w, https:\/\/emlekpont.hu\/wp-content\/uploads\/2020\/08\/2020_0818_NagyGy_06-1-480x320.jpg 480w\" sizes=\"(max-width: 1024px) 100vw, 1024px\" \/><\/figure>\n\n\n\n<p>A magyar n\u0151k csak 1918 \u0151sz\u00e9n kaptak v\u00e1laszt\u00f3jogot, s \u00edgy az akkor mind\u00f6ssze 36 \u00e9ves Slachta Margit k\u00e9pvisel\u0151v\u00e9 v\u00e1laszt\u00e1sa k\u00fcl\u00f6nlegess\u00e9gnek sz\u00e1m\u00edtott 1920-ban, aki r\u00e1ad\u00e1sul a Szoci\u00e1lis Misszi\u00f3t\u00e1rsulat n\u00e9ven az apostoli \u00e9letre egyes\u00fclt fogadalmas n\u0151v\u00e9rszervezet t\u00e1mogat\u00e1s\u00e1val indult a mand\u00e1tum\u00e9rt. Azonban a kamp\u00e1ny sor\u00e1n n\u0151i mivolta miatt nem \u00e9lvezett el\u0151jogokat, politikai ellenfelei igyekeztek lej\u00e1ratni a v\u00e1laszt\u00e1si k\u00fczdelemben.<\/p>\n\n\n\n<figure class=\"wp-block-image size-large\"><img decoding=\"async\" width=\"1024\" height=\"683\" src=\"http:\/\/emlekpont.hu\/wp-content\/uploads\/2020\/08\/2020_0818_NagyGy_03-1.jpg\" alt=\"\" class=\"wp-image-7118\" srcset=\"https:\/\/emlekpont.hu\/wp-content\/uploads\/2020\/08\/2020_0818_NagyGy_03-1.jpg 1024w, https:\/\/emlekpont.hu\/wp-content\/uploads\/2020\/08\/2020_0818_NagyGy_03-1-300x200.jpg 300w, https:\/\/emlekpont.hu\/wp-content\/uploads\/2020\/08\/2020_0818_NagyGy_03-1-768x512.jpg 768w, https:\/\/emlekpont.hu\/wp-content\/uploads\/2020\/08\/2020_0818_NagyGy_03-1-830x554.jpg 830w, https:\/\/emlekpont.hu\/wp-content\/uploads\/2020\/08\/2020_0818_NagyGy_03-1-230x153.jpg 230w, https:\/\/emlekpont.hu\/wp-content\/uploads\/2020\/08\/2020_0818_NagyGy_03-1-350x233.jpg 350w, https:\/\/emlekpont.hu\/wp-content\/uploads\/2020\/08\/2020_0818_NagyGy_03-1-480x320.jpg 480w\" sizes=\"(max-width: 1024px) 100vw, 1024px\" \/><\/figure>\n\n\n\n<p>Az Orsz\u00e1gh\u00e1zban k\u00e9t \u00e9vig dolgozott k\u00e9pvisel\u0151k\u00e9nt, ahol igazs\u00e1gos \u00e9s k\u00edm\u00e9letlen\u00fcl kritikus k\u00e9pvisel\u0151k\u00e9nt tartott\u00e1k sz\u00e1mon \u2013 fogalmazott Nagy Gy\u00f6ngyi \u2013, Slachta Margit emberszeretetben, munkab\u00edr\u00e1sban \u00e9s istenhitben p\u00e9ld\u00e1t mutatott. A k\u00e9t \u00e9v eltelt\u00e9vel azonban nem volt lehet\u0151s\u00e9ge \u00fajra indulni mand\u00e1tum\u00e1\u00e9rt, az \u0151t kezdetben t\u00e1mogat\u00f3 Szoci\u00e1lis Misszi\u00f3t\u00e1rsulatban a megosztotts\u00e1g uralkodott el, a t\u00e1rsulat szabad kir\u00e1lyv\u00e1laszt\u00f3 vezet\u00e9se Horthy Mikl\u00f3st l\u00e1tta volna sz\u00edvesen a magyar tr\u00f3non, m\u00edg Slachta Margit \u00e9s legitimista t\u00e1mogat\u00f3i a Habsburg restaur\u00e1ci\u00f3t IV. K\u00e1roly szem\u00e9ly\u00e9ben szerett\u00e9k volna megval\u00f3s\u00edtani, \u00edgy a k\u00e9pvisel\u0151n\u0151 1922-ben nem indult a v\u00e1laszt\u00e1sokon. A t\u00f6rt\u00e9n\u00e9sz arra is felh\u00edvta a figyelmet, hogy Slachta Margitra, mint emberment\u0151re is fontos eml\u00e9kezn\u00fcnk, aki a v\u00e9szkorszakban t\u00f6bb mint ezer zsid\u00f3 ember \u00e9let\u00e9t mentette meg.<\/p>\n\n\n\n<style type=\"text\/css\">\r\n\t#foogallery-gallery-7109 .fg-image {\r\n        width: 150px;\r\n    }\r\n<\/style>\r\n\t\t\t\t<div class=\"foogallery foogallery-container foogallery-default foogallery-lightbox-foobox fg-gutter-10 fg-center fg-default fg-light fg-border-thin fg-shadow-outline fg-loading-default fg-loaded-fade-in fg-caption-hover fg-hover-fade fg-hover-zoom fg-ready\" id=\"foogallery-gallery-7109\" data-foogallery=\"{&quot;item&quot;:{&quot;showCaptionTitle&quot;:true,&quot;showCaptionDescription&quot;:true},&quot;lazy&quot;:true}\" >\r\n\t<div class=\"fg-item fg-type-image fg-idle\"><figure class=\"fg-item-inner\"><a href=\"https:\/\/emlekpont.hu\/wp-content\/uploads\/2020\/08\/2020_0818_NagyGy_01.jpg\" data-attachment-id=\"7110\" data-type=\"image\" class=\"fg-thumb\"><span class=\"fg-image-wrap\"><img decoding=\"async\" width=\"150\" height=\"150\" class=\"skip-lazy fg-image\" data-src-fg=\"https:\/\/emlekpont.hu\/wp-content\/uploads\/cache\/2020\/08\/2020_0818_NagyGy_01\/2810215490.jpg\" src=\"data:image\/svg+xml,%3Csvg%20xmlns%3D%22http%3A%2F%2Fwww.w3.org%2F2000%2Fsvg%22%20width%3D%22150%22%20height%3D%22150%22%20viewBox%3D%220%200%20150%20150%22%3E%3C%2Fsvg%3E\" loading=\"eager\"><\/span><span class=\"fg-image-overlay\"><\/span><\/a><figcaption class=\"fg-caption\"><div class=\"fg-caption-inner\"><\/div><\/figcaption><\/figure><div class=\"fg-loader\"><\/div><\/div><div class=\"fg-item fg-type-image fg-idle\"><figure class=\"fg-item-inner\"><a href=\"https:\/\/emlekpont.hu\/wp-content\/uploads\/2020\/08\/2020_0818_NagyGy_02.jpg\" data-attachment-id=\"7111\" data-type=\"image\" class=\"fg-thumb\"><span class=\"fg-image-wrap\"><img decoding=\"async\" width=\"150\" height=\"150\" class=\"skip-lazy fg-image\" data-src-fg=\"https:\/\/emlekpont.hu\/wp-content\/uploads\/cache\/2020\/08\/2020_0818_NagyGy_02\/3984306479.jpg\" src=\"data:image\/svg+xml,%3Csvg%20xmlns%3D%22http%3A%2F%2Fwww.w3.org%2F2000%2Fsvg%22%20width%3D%22150%22%20height%3D%22150%22%20viewBox%3D%220%200%20150%20150%22%3E%3C%2Fsvg%3E\" loading=\"eager\"><\/span><span class=\"fg-image-overlay\"><\/span><\/a><figcaption class=\"fg-caption\"><div class=\"fg-caption-inner\"><\/div><\/figcaption><\/figure><div class=\"fg-loader\"><\/div><\/div><div class=\"fg-item fg-type-image fg-idle\"><figure class=\"fg-item-inner\"><a href=\"https:\/\/emlekpont.hu\/wp-content\/uploads\/2020\/08\/2020_0818_NagyGy_03.jpg\" data-attachment-id=\"7112\" data-type=\"image\" class=\"fg-thumb\"><span class=\"fg-image-wrap\"><img decoding=\"async\" width=\"150\" height=\"150\" class=\"skip-lazy fg-image\" data-src-fg=\"https:\/\/emlekpont.hu\/wp-content\/uploads\/cache\/2020\/08\/2020_0818_NagyGy_03\/3057510498.jpg\" src=\"data:image\/svg+xml,%3Csvg%20xmlns%3D%22http%3A%2F%2Fwww.w3.org%2F2000%2Fsvg%22%20width%3D%22150%22%20height%3D%22150%22%20viewBox%3D%220%200%20150%20150%22%3E%3C%2Fsvg%3E\" loading=\"eager\"><\/span><span class=\"fg-image-overlay\"><\/span><\/a><figcaption class=\"fg-caption\"><div class=\"fg-caption-inner\"><\/div><\/figcaption><\/figure><div class=\"fg-loader\"><\/div><\/div><div class=\"fg-item fg-type-image fg-idle\"><figure class=\"fg-item-inner\"><a href=\"https:\/\/emlekpont.hu\/wp-content\/uploads\/2020\/08\/2020_0818_NagyGy_04.jpg\" data-attachment-id=\"7113\" data-type=\"image\" class=\"fg-thumb\"><span class=\"fg-image-wrap\"><img decoding=\"async\" width=\"150\" height=\"150\" class=\"skip-lazy fg-image\" data-src-fg=\"https:\/\/emlekpont.hu\/wp-content\/uploads\/cache\/2020\/08\/2020_0818_NagyGy_04\/2022452213.jpg\" src=\"data:image\/svg+xml,%3Csvg%20xmlns%3D%22http%3A%2F%2Fwww.w3.org%2F2000%2Fsvg%22%20width%3D%22150%22%20height%3D%22150%22%20viewBox%3D%220%200%20150%20150%22%3E%3C%2Fsvg%3E\" loading=\"eager\"><\/span><span class=\"fg-image-overlay\"><\/span><\/a><figcaption class=\"fg-caption\"><div class=\"fg-caption-inner\"><\/div><\/figcaption><\/figure><div class=\"fg-loader\"><\/div><\/div><div class=\"fg-item fg-type-image fg-idle\"><figure class=\"fg-item-inner\"><a href=\"https:\/\/emlekpont.hu\/wp-content\/uploads\/2020\/08\/2020_0818_NagyGy_05.jpg\" data-attachment-id=\"7114\" data-type=\"image\" class=\"fg-thumb\"><span class=\"fg-image-wrap\"><img decoding=\"async\" width=\"150\" height=\"150\" class=\"skip-lazy fg-image\" data-src-fg=\"https:\/\/emlekpont.hu\/wp-content\/uploads\/cache\/2020\/08\/2020_0818_NagyGy_05\/2231063554.jpg\" src=\"data:image\/svg+xml,%3Csvg%20xmlns%3D%22http%3A%2F%2Fwww.w3.org%2F2000%2Fsvg%22%20width%3D%22150%22%20height%3D%22150%22%20viewBox%3D%220%200%20150%20150%22%3E%3C%2Fsvg%3E\" loading=\"eager\"><\/span><span class=\"fg-image-overlay\"><\/span><\/a><figcaption class=\"fg-caption\"><div class=\"fg-caption-inner\"><\/div><\/figcaption><\/figure><div class=\"fg-loader\"><\/div><\/div><div class=\"fg-item fg-type-image fg-idle\"><figure class=\"fg-item-inner\"><a href=\"https:\/\/emlekpont.hu\/wp-content\/uploads\/2020\/08\/2020_0818_NagyGy_06.jpg\" data-attachment-id=\"7115\" data-type=\"image\" class=\"fg-thumb\"><span class=\"fg-image-wrap\"><img decoding=\"async\" width=\"150\" height=\"150\" class=\"skip-lazy fg-image\" data-src-fg=\"https:\/\/emlekpont.hu\/wp-content\/uploads\/cache\/2020\/08\/2020_0818_NagyGy_06\/3456145775.jpg\" src=\"data:image\/svg+xml,%3Csvg%20xmlns%3D%22http%3A%2F%2Fwww.w3.org%2F2000%2Fsvg%22%20width%3D%22150%22%20height%3D%22150%22%20viewBox%3D%220%200%20150%20150%22%3E%3C%2Fsvg%3E\" loading=\"eager\"><\/span><span class=\"fg-image-overlay\"><\/span><\/a><figcaption class=\"fg-caption\"><div class=\"fg-caption-inner\"><\/div><\/figcaption><\/figure><div class=\"fg-loader\"><\/div><\/div><\/div>\r\n\n","protected":false},"excerpt":{"rendered":"<p>A sz\u00e1z \u00e9vvel ezel\u0151tt megv\u00e1lasztott els\u0151 magyarorsz\u00e1gi k\u00e9pvisel\u0151n\u0151r\u0151l, Slachta Margitr\u00f3l tartott el\u0151ad\u00e1st Nagy Gy\u00f6ngyi, a h\u00f3dmez\u0151v\u00e1s\u00e1rhelyi Eml\u00e9kpont t\u00f6rt\u00e9n\u00e9sze a V\u00e1s\u00e1rhelyi T\u00f6rt\u00e9nelmi K\u00f6r XIII. T\u00f6rt\u00e9nettudom\u00e1nyi Tal\u00e1lkoz\u00f3j\u00e1n a M\u00e1ty\u00e1s utcai Olvas\u00f3k\u00f6rben. Slachta kor\u00e1ban csodabog\u00e1rnak sz\u00e1m\u00edtott: az els\u0151 k\u00e9pvisel\u0151n\u0151 szerzetesk\u00e9nt szerzett mand\u00e1tumot. A magyar n\u0151k csak 1918 \u0151sz\u00e9n kaptak v\u00e1laszt\u00f3jogot, s \u00edgy az akkor mind\u00f6ssze 36 \u00e9ves Slachta [&hellip;]<\/p>\n","protected":false},"author":5,"featured_media":7117,"comment_status":"closed","ping_status":"closed","sticky":false,"template":"","format":"standard","meta":{"footnotes":""},"categories":[8],"tags":[],"_links":{"self":[{"href":"https:\/\/emlekpont.hu\/index.php?rest_route=\/wp\/v2\/posts\/7116"}],"collection":[{"href":"https:\/\/emlekpont.hu\/index.php?rest_route=\/wp\/v2\/posts"}],"about":[{"href":"https:\/\/emlekpont.hu\/index.php?rest_route=\/wp\/v2\/types\/post"}],"author":[{"embeddable":true,"href":"https:\/\/emlekpont.hu\/index.php?rest_route=\/wp\/v2\/users\/5"}],"replies":[{"embeddable":true,"href":"https:\/\/emlekpont.hu\/index.php?rest_route=%2Fwp%2Fv2%2Fcomments&post=7116"}],"version-history":[{"count":1,"href":"https:\/\/emlekpont.hu\/index.php?rest_route=\/wp\/v2\/posts\/7116\/revisions"}],"predecessor-version":[{"id":7119,"href":"https:\/\/emlekpont.hu\/index.php?rest_route=\/wp\/v2\/posts\/7116\/revisions\/7119"}],"wp:featuredmedia":[{"embeddable":true,"href":"https:\/\/emlekpont.hu\/index.php?rest_route=\/wp\/v2\/media\/7117"}],"wp:attachment":[{"href":"https:\/\/emlekpont.hu\/index.php?rest_route=%2Fwp%2Fv2%2Fmedia&parent=7116"}],"wp:term":[{"taxonomy":"category","embeddable":true,"href":"https:\/\/emlekpont.hu\/index.php?rest_route=%2Fwp%2Fv2%2Fcategories&post=7116"},{"taxonomy":"post_tag","embeddable":true,"href":"https:\/\/emlekpont.hu\/index.php?rest_route=%2Fwp%2Fv2%2Ftags&post=7116"}],"curies":[{"name":"wp","href":"https:\/\/api.w.org\/{rel}","templated":true}]}}