{"id":7090,"date":"2020-08-04T20:14:21","date_gmt":"2020-08-04T20:14:21","guid":{"rendered":"http:\/\/emlekpont.hu\/?p=7090"},"modified":"2020-08-04T20:16:16","modified_gmt":"2020-08-04T20:16:16","slug":"hazafias-zsido-katonak-a-nagy-haboruban","status":"publish","type":"post","link":"https:\/\/emlekpont.hu\/?p=7090","title":{"rendered":"Hazafias zsid\u00f3 katon\u00e1k a Nagy H\u00e1bor\u00faban"},"content":{"rendered":"\n<p><strong>2019-ben jelent meg \u201eA zsid\u00f3 lakoss\u00e1g igen hazafias\u201d \u2013 H\u00f3dmez\u0151v\u00e1s\u00e1rhelyi zsid\u00f3 katon\u00e1k az els\u0151 vil\u00e1gh\u00e1bor\u00faban c\u00edm\u0171 k\u00f6tet, ami r\u00e9szletesen bemutatja a d\u00e9l-alf\u00f6ldi v\u00e1ros hadbavonult zsid\u00f3 f\u00e9rfi lakoss\u00e1g\u00e1nak \u00e9let\u00e9t \u00e9s sors\u00e1t. A fot\u00f3kkal, t\u00e1bl\u00e1zatokkal, mell\u00e9kletekkel gazdagon rendelkez\u0151 k\u00f6tet szerz\u0151j\u00e9vel, Nagy Gy\u00f6ngyi t\u00f6rt\u00e9n\u00e9sszel, a h\u00f3dmez\u0151v\u00e1s\u00e1rhelyi Eml\u00e9kpont munkat\u00e1rs\u00e1val k\u00f6z\u00f6lt besz\u00e9lget\u00e9st a Neokohn.hu internetes port\u00e1l.<\/strong><\/p>\n\n\n\n<p><a href=\"https:\/\/neokohn.hu\/2020\/08\/04\/hazafias-zsido-katonak-a-nagy-haboruban\/\">A cikk itt eredetiben elolvashat\u00f3!<\/a><\/p>\n\n\n\n<p><strong>A \u201eMagukkal vittek mindent \u00e1ldozatnak\u2026\u201d \u2013 A Nagy H\u00e1bor\u00fa v\u00e1s\u00e1rhelyi izraelita h\u0151sei c\u00edm\u0171 ki\u00e1ll\u00edt\u00e1ssal kezd\u0151d\u00f6tt az eml\u00e9kez\u00e9s-sorozat a fronton elesett vagy azt megj\u00e1rt zsid\u00f3 katon\u00e1kra. Mi\u00e9rt kezdett ezzel foglalkozni?<\/strong><\/p>\n\n\n\n<p>Az els\u0151 vil\u00e1gh\u00e1bor\u00fa centen\u00e1riumi \u00e9veiben, 2014-t\u0151l 2018-ig az Eml\u00e9kpont is t\u00f6bbf\u00e9le m\u00f3don eml\u00e9kezett meg. K\u00f6nyvbemutat\u00f3kat, konferenci\u00e1kat rendezt\u00fcnk, m\u00e1shonnan \u00e9rkezett ki\u00e1ll\u00edt\u00e1sokat fogadtunk be, de az utols\u00f3 centen\u00e1riumi \u00e9vben azt a c\u00e9lt t\u0171zt\u00fck ki magunk el\u00e9, hogy a Nagy H\u00e1bor\u00fanak egy ismeretlen, helyt\u00f6rt\u00e9neti vonatkoz\u00e1s\u00fa szeglet\u00e9t pr\u00f3b\u00e1ljuk felt\u00e1rni \u00e9s bemutatni. Erre a legalkalmasabbnak a h\u00f3dmez\u0151v\u00e1s\u00e1rhelyi izraelita f\u00e9rfiak \u00e1ldozatv\u00e1llal\u00e1sa mutatkozott, mert ezzel m\u00e9g senki sem foglalkozott.<\/p>\n\n\n\n<figure class=\"wp-block-image\"><img decoding=\"async\" src=\"https:\/\/i2.wp.com\/neokohn.hu\/wp-content\/uploads\/2020\/08\/1.jpg?resize=673%2C431&amp;ssl=1\" alt=\"\" class=\"wp-image-126803\"\/><\/figure>\n\n\n\n<p>Mak\u00f3 Imre h\u00f3dmez\u0151v\u00e1s\u00e1rhelyi lev\u00e9lt\u00e1ros az els\u0151 vil\u00e1gh\u00e1bor\u00fa h\u00f3dmez\u0151v\u00e1s\u00e1rhelyi hadbavonultjair\u00f3l \u00e9s h\u0151si halottjair\u00f3l a 2000-es \u00e9vek elej\u00e9n \u00edrt egy monogr\u00e1fi\u00e1t, de a mintegy 3000 h\u00f3dmez\u0151v\u00e1s\u00e1rhelyi h\u0151si halottal kapcsolatban nem t\u00e9rt ki a vall\u00e1si felekezet\u00fckre.<\/p>\n\n\n\n<p>A \u201eMagukkal vittek mindent \u00e1ldozatnak\u2026\u201d \u2013 A Nagy H\u00e1bor\u00fa v\u00e1s\u00e1rhelyi izraelita h\u0151sei c. ki\u00e1ll\u00edt\u00e1s, \u00e9s a k\u00f6nyv is az Els\u0151 Vil\u00e1gh\u00e1bor\u00fas Centen\u00e1riumi Eml\u00e9kbizotts\u00e1g t\u00e1mogat\u00e1s\u00e1val k\u00e9sz\u00fclt.<\/p>\n\n\n\n<p><strong>\u2013 Hol kutatta a t\u00e9m\u00e1t? Esetleg voltak zsid\u00f3 t\u00fal\u00e9l\u0151k, akik tudtak mes\u00e9lni nagyap\u00e1ik, d\u00e9dap\u00e1ik h\u0151s tetteir\u0151l?<\/strong><\/p>\n\n\n\n<p>A k\u00f6tet elk\u00e9sz\u00edt\u00e9s\u00e9hez sz\u00fcks\u00e9ges kutat\u00e1sokat 2017\u20132018 folyam\u00e1n v\u00e9geztem. A min\u00e9l teljesebb k\u00e9p kialak\u00edt\u00e1s\u00e1hoz adatgy\u0171jt\u00e9st folytattam a b\u00e9csi Kriegsarchivban, a Hadt\u00f6rt\u00e9nelmi Lev\u00e9lt\u00e1rban, a Magyar Zsid\u00f3 M\u00fazeum \u00e9s Lev\u00e9lt\u00e1rban, valamint a Magyar Nemzeti Lev\u00e9lt\u00e1r Csongr\u00e1d Megyei Lev\u00e9lt\u00e1r H\u00f3dmez\u0151v\u00e1s\u00e1rhelyi Lev\u00e9lt\u00e1r\u00e1ban. Ezek k\u00f6z\u00fcl a leg\u00e9rt\u00e9kesebb, \u00e9s m\u00e9g nem publik\u00e1lt iratokat a Magyar Zsid\u00f3 M\u00fazeum \u00e9s Lev\u00e9lt\u00e1rban tal\u00e1ltam, amely nagyban seg\u00edtette, hogy pontos meg\u00e1llap\u00edt\u00e1sokat tegyek a V\u00e1s\u00e1rhelyr\u0151l bevonult, h\u0151si hal\u00e1lt halt vagy hadifogs\u00e1gba esett katon\u00e1kr\u00f3l.<\/p>\n\n\n\n<p>A kutat\u00e1s sor\u00e1n nagy seg\u00edts\u00e9gemre volt Szigeti J\u00e1nos h\u00f3dmez\u0151v\u00e1s\u00e1rhelyi holokauszt-t\u00fal\u00e9l\u0151, \u0151 sokat mes\u00e9lt az \u00e9desapj\u00e1r\u00f3l, aki r\u00e9szt vett az els\u0151 h\u00e1bor\u00faban, majd a m\u00e1sodikban munkaszolg\u00e1latosk\u00e9nt teljes\u00edtett szolg\u00e1latot.<\/p>\n\n\n\n<p><strong>Hogy \u00e9p\u00fcl fel a k\u00f6nyv?<\/strong><\/p>\n\n\n\n<p>A k\u00f6nyv els\u0151 r\u00e9sz\u00e9ben az eur\u00f3pai zsid\u00f3s\u00e1g \u00e1ltal\u00e1nos els\u0151 vil\u00e1gh\u00e1bor\u00fas r\u00e9szv\u00e9tel\u00e9nek r\u00f6vid bemutat\u00e1sa ut\u00e1n ismertetem az Osztr\u00e1k-Magyar Monarchi\u00e1ban, \u00e9s azon bel\u00fcl a Magyarorsz\u00e1gon, majd az egyik legnagyobb vesztes\u00e9get elszenvedett r\u00e9gi\u00f3ban, Csongr\u00e1d v\u00e1rmegy\u00e9ben, \u00e9s v\u00e9g\u00fcl a H\u00f3dmez\u0151v\u00e1s\u00e1rhelyen \u00e9l\u0151 zsid\u00f3k h\u00e1bor\u00fas szerepv\u00e1llal\u00e1s\u00e1t. A v\u00e1llalkoz\u00e1s k\u00fcl\u00f6nlegess\u00e9g\u00e9t az adja, hogy a k\u00f6tet f\u0151 r\u00e9sz\u00e9ben a h\u00f3dmez\u0151v\u00e1s\u00e1rhelyi zsid\u00f3 h\u0151si halottak mellett k\u00f6z\u00f6ltem t\u00f6bb mint k\u00e9tsz\u00e1z izraelita katon\u00e1nak a r\u00f6vid \u00e9letrajz\u00e1t is.<\/p>\n\n\n\n<p>A katon\u00e1k \u00e9letrajza pedig nem a h\u00e1bor\u00fas szerepl\u00e9s\u00fck utols\u00f3 mozzanat\u00e1val v\u00e9gz\u0151dik, ugyanis ahol csak lehet\u0151s\u00e9g volt r\u00e1, ott a teljes \u00e9letp\u00e1lya \u00e1ttekint\u00e9s\u00e9re t\u00f6rekedtem. \u00cdgy sz\u00e1mos esetben az is kider\u00fcl, hogy egy-egy visszat\u00e9rt katona a m\u00e1sodik vil\u00e1gh\u00e1bor\u00fa idej\u00e9n munkaszolg\u00e1latosk\u00e9nt, vagy koncentr\u00e1ci\u00f3s t\u00e1borban fejezte be az \u00e9let\u00e9t.<\/p>\n\n\n\n<p>A k\u00f6tet v\u00e9g\u00e9n kit\u00e9rek a fogs\u00e1gba esett v\u00e1s\u00e1rhelyi zsid\u00f3 katon\u00e1kra, n\u00e9h\u00e1ny szem\u00e9lyes levelet is lehet olvasni, amelyek eddig m\u00e9g nem jelentek meg sehol, \u00e9s a zsid\u00f3 katon\u00e1k lelki gondoz\u00e1s\u00e1r\u00f3l \u00e9s helyi eml\u00e9kezet\u00e9r\u0151l is van egy kisebb fejezet.<\/p>\n\n\n\n<p><strong>Siker\u00fclt kontextusba hozni m\u00e1s alf\u00f6ldi, hasonl\u00f3 m\u00e9ret\u0171 v\u00e1rosok\u00e9val a h\u00f3dmez\u0151v\u00e1s\u00e1rhelyi zsid\u00f3 katon\u00e1k r\u00e9szv\u00e9tel\u00e9t az els\u0151 vil\u00e1gh\u00e1bor\u00faban?<\/strong><\/p>\n\n\n\n<p>A zsid\u00f3 katon\u00e1k r\u00e9szv\u00e9tel\u00e9r\u0151l a Magyar hadviselt zsid\u00f3k aranyalbuma ad r\u00e9szletesebb t\u00e1j\u00e9koztat\u00e1st, de miut\u00e1n az itt k\u00f6z\u00f6lt adatokat 1940-ben gy\u0171jt\u00f6tt\u00e9k \u00f6ssze, erre sem lehet azt mondani, hogy teljes k\u00f6r\u0171. H\u00f3dmez\u0151v\u00e1s\u00e1rhely mellett term\u00e9szetesen \u00e9rdekelt az is, hogy Csongr\u00e1d v\u00e1rmegye m\u00e1s telep\u00fcl\u00e9seir\u0151l h\u00e1ny zsid\u00f3 katona vonult be, h\u00e1nyan t\u00e9rtek vissza, h\u00e1nyan haltak h\u0151si hal\u00e1lt, vagy estek fogs\u00e1gba, ez\u00e9rt ennek ut\u00e1nan\u00e9ztem.<\/p>\n\n\n\n<p>H\u00f3dmez\u0151v\u00e1s\u00e1rhely, Szeged ut\u00e1n, a m\u00e1sodik olyan Csongr\u00e1d v\u00e1rmegyei telep\u00fcl\u00e9s volt, ahonnan a legt\u00f6bben vonultak be a zsid\u00f3 f\u00e9rfiak (Szegeden 617 f\u0151, V\u00e1s\u00e1rhelyen 250 f\u0151). A megy\u00e9b\u0151l \u00f6sszesen mintegy 1000 zsid\u00f3 f\u00e9rfi vett r\u00e9szt a Nagy H\u00e1bor\u00faban, melynek egy\u00f6t\u00f6de, mintegy 200 f\u0151 halt h\u0151si hal\u00e1lt.<\/p>\n\n\n\n<p><strong>H\u00e1nyan vonultak be a hadseregbe az els\u0151 vil\u00e1gh\u00e1bor\u00faban a zsid\u00f3k \u00e9s nem zsid\u00f3k k\u00f6r\u00e9b\u0151l? Milyen ar\u00e1nyokr\u00f3l tudunk besz\u00e1molni, foglalkoz\u00e1si, \u00e9letkor \u00e9s vall\u00e1si ar\u00e1nyokat tekintve?<\/strong><\/p>\n\n\n\n<p>1914 \u00e9s 1918 k\u00f6z\u00f6tt H\u00f3dmez\u0151v\u00e1s\u00e1rhelyr\u0151l k\u00f6zel 15 ezer f\u00e9rfi vonult hadba, akik k\u00f6z\u00fcl mintegy 2 800 f\u0151 esett \u00e1ldozat\u00e1ul a h\u00e1bor\u00fanak. A v\u00e1s\u00e1rhelyi zsid\u00f3 hitk\u00f6zs\u00e9gnek 1914-ben kb. 300 hadk\u00f6teles korban l\u00e9v\u0151 f\u00e9rfi-tagja volt.<\/p>\n\n\n\n<p>A Magyar Zsid\u00f3 M\u00fazeum \u00e9s Lev\u00e9lt\u00e1r els\u0151 vil\u00e1gh\u00e1bor\u00fas iratt\u00e1r\u00e1ban fellelhet\u0151 egy 1922 elej\u00e9n keletkezett lev\u00e9l, amelyben a h\u00f3dmez\u0151v\u00e1s\u00e1rhelyi izraelita hitk\u00f6zs\u00e9g el\u00f6lj\u00e1r\u00f3i, \u00c1niszfeld S\u00e1ndor hitk\u00f6zs\u00e9gi eln\u00f6k \u00e9s Horovitz Jakab jegyz\u0151 arr\u00f3l sz\u00e1moltak be, hogy a v\u00e1rosb\u00f3l 250 zsid\u00f3 katona vonult be. K\u00f6z\u00fcl\u00fck 42-en haltak h\u0151si hal\u00e1lt.<\/p>\n\n\n\n<p>K\u00f6ztudott, hogy az Alf\u00f6ldr\u0151l, \u00edgy H\u00f3dmez\u0151v\u00e1s\u00e1rhelyr\u0151l is a legt\u00f6bben a mez\u0151gazdas\u00e1gban dolgoz\u00f3k vonultak be, \u00edgy a vesztes\u00e9gek is ebben a foglalkoz\u00e1si kateg\u00f3ri\u00e1ban voltak a legnagyobbak. A zsid\u00f3s\u00e1g elt\u00e9r\u0151 foglalkoz\u00e1si-szerkezeti tagolts\u00e1ga miatt a H\u00f3dmez\u0151v\u00e1s\u00e1rhelyr\u0151l bevonult zsid\u00f3 f\u00e9rfiak foglalkoz\u00e1si megoszl\u00e1sa a hely adotts\u00e1gaihoz k\u00e9pest azonban eg\u00e9szen m\u00e1s k\u00e9pet mutat.<\/p>\n\n\n\n<p>A zsid\u00f3 f\u00e9rfiak t\u00f6bbs\u00e9ge iskol\u00e1zott volt, \u00e9s mivel a v\u00e1rosban a hitk\u00f6zs\u00e9g k\u00f6z\u00e9pfok\u00fa iskol\u00e1t nem tartott fenn, a Reform\u00e1tus F\u0151gimn\u00e1ziumba j\u00e1rtak. A 250 bevonul\u00f3 katon\u00e1b\u00f3l 70 v\u00e1lasztotta ezt az iskol\u00e1t, itt \u00e9retts\u00e9gizett, \u00e9s ezt k\u00f6vet\u0151en orvosk\u00e9nt, gy\u00f3gyszer\u00e9szk\u00e9nt, \u00fcgyv\u00e9dk\u00e9nt tanult tov\u00e1bb.<\/p>\n\n\n\n<p>A bevonul\u00f3k t\u00f6bbs\u00e9ge a kereskedelem \u00e9s az ipar ter\u00fclet\u00e9r\u0151l, valamint a szabad \u00e9rtelmis\u00e9gi p\u00e1ly\u00e1kb\u00f3l v\u00e1lasztott mag\u00e1nak foglalkoz\u00e1st. A 250 hadra kelt v\u00e1s\u00e1rhelyinek tekinthet\u0151 izraelita katona k\u00f6z\u00fcl 25-en rokkantan t\u00e9rtek haza, \u00e9s 9-en a k\u00e9s\u0151bbi \u00e9vekben a h\u00e1bor\u00faban szerzett betegs\u00e9gben hunytak el.<\/p>\n\n\n\n<p><strong>\u201e\u2026a p\u00f3t\u00fcteg \u00e1llom\u00e1ny\u00e1ba tartoz\u00f3 izraelita vall\u00e1s\u00fa leg\u00e9nys\u00e9gnek az \u00e1tiratban megjel\u00f6lt \u00fcnnepnapokra szolg\u00e1latmentess\u00e9get\u2026\u201d \u2013 id\u00e9zi egy \u00fctegparancsnok level\u00e9t. K\u00fcl\u00f6n foglalkozott a t\u00e1bori rabbikkal. Mi motiv\u00e1lta ebben? Folytatja esetleg ezeket a kutat\u00e1sait?<\/strong><\/p>\n\n\n\n<p>Erre az iratra a Csongr\u00e1d Megyei Lev\u00e9lt\u00e1r H\u00f3dmez\u0151v\u00e1s\u00e1rhelyi Lev\u00e9lt\u00e1r\u00e1ban, a helyi zsid\u00f3 hitk\u00f6zs\u00e9g iratai k\u00f6z\u00f6tt bukkantam r\u00e1, amit nagyon \u00e9rdekesnek tal\u00e1ltam, ez\u00e9rt az izraelita katon\u00e1k lelki gondoz\u00e1s\u00e1r\u00f3l is \u00edrtam n\u00e9h\u00e1ny mondat erej\u00e9ig.<\/p>\n\n\n\n<p>Az izraelita katon\u00e1k els\u0151 vil\u00e1gh\u00e1bor\u00fas \u00e1ldozatv\u00e1llal\u00e1s\u00e1val 2017-2018-ban, a k\u00f6tet elk\u00e9sz\u00edt\u00e9se miatt foglalkoztam, mert az els\u0151 vil\u00e1gh\u00e1bor\u00fa, mint a 20. sz\u00e1zadi t\u00e1rsadalmi v\u00e1ltoz\u00e1sok egyik legfontosabb el\u0151id\u00e9z\u0151je, mindig is \u00e9rdekelt, \u00e9s term\u00e9szetesen minden olyan t\u00e9m\u00e1ra \u00e9rdekl\u0151d\u00e9ssel tekintek, amellyel sz\u00fcl\u0151v\u00e1rosom, H\u00f3dmez\u0151v\u00e1s\u00e1rhely m\u00faltj\u00e1t lehet gazdag\u00edtani.<\/p>\n\n\n\n<p>A v\u00e1s\u00e1rhelyi zsid\u00f3s\u00e1ggal kapcsolatos kutat\u00e1saimat most m\u00e1s ir\u00e1nyban szeretn\u00e9m majd folytatni: a v\u00e1rosban 1860-ban megalakult Izraelita N\u0151egylet t\u00f6rt\u00e9net\u00e9t szeretn\u00e9m felt\u00e1rni.<\/p>\n\n\n\n<p>V<strong>an-e olyan szem\u00e9ly, akit sz\u00edvesen kiemelne, mert k\u00fcl\u00f6nleges vagy p\u00e9ldamutat\u00f3 az \u00e9lete, t\u00f6rt\u00e9nete?<\/strong><\/p>\n\n\n\n<p>A 250 bevonul\u00f3 izraelita katona k\u00f6z\u00f6tt dr. Langfelder Art\u00far M\u00f3zes volt a legmagasabb rang\u00fa, t\u00f6rzstiszt volt \u00e9s orvosk\u00e9nt teljes\u00edtett szolg\u00e1latot. Nem H\u00f3dmez\u0151v\u00e1s\u00e1rhelyen sz\u00fcletett ugyan, de itt alap\u00edtott csal\u00e1dot, innen vonult be 1914-ben, \u00e9s m\u00e1r bevonul\u00e1sa ut\u00e1n, egyik bajt\u00e1rsa seb\u00e9nek k\u00f6t\u00f6z\u00e9se k\u00f6zben \u00e9let\u00e9t vesztette Gal\u00edci\u00e1ban. A v\u00e1s\u00e1rhelyi izraelita temet\u0151ben nyugszik, ahogyan a vaskeresked\u0151 Schillinger Mih\u00e1ly is, akir\u0151l szint\u00e9n sok lev\u00e9lt\u00e1ri irat maradt fenn.<\/p>\n\n\n\n<p>A 42 h\u0151si halott k\u00f6z\u00f6tt, akik k\u00f6z\u00e9 Langfelder Art\u00far \u00e9s Schillinger Mih\u00e1ly is beletartozik, nagyon sok fiatal, \u00e9retts\u00e9gizett, vagy a gimn\u00e1ziumot m\u00e9g el sem v\u00e9gz\u0151 di\u00e1k volt. A Popper-testv\u00e9rek pl. mindketten odavesztek. A visszat\u00e9r\u0151k k\u00f6z\u00fcl 1918-1919-ben t\u00f6bben bel\u00e9ptek a Nemzeti Hadseregbe, m\u00e1sok pedig, a tan\u00e1csk\u00f6zt\u00e1rsas\u00e1g ut\u00e1n a helyi direkt\u00f3riumba, de olyan is volt, aki a V\u00f6r\u00f6s Hadseregbe toborozta a f\u00e9rfiakat.<\/p>\n\n\n\n<p>V\u00e1s\u00e1rhelyi Weisz K\u00e1lm\u00e1nt Pog\u00e1ny J\u00f3zsef 1919. m\u00e1rcius v\u00e9g\u00e9n Mak\u00f3ra k\u00fcldte, hogy a V\u00f6r\u00f6s Hadseregbe val\u00f3 toborz\u00e1st ir\u00e1ny\u00edtsa, de a t\u00falzott rekvir\u00e1l\u00e1sok miatt felh\u00e1borodott t\u00f6meg agyonverte. 1957-ben r\u00f3la nevezt\u00e9k el a mak\u00f3i munk\u00e1s\u0151r z\u00e1szl\u00f3aljat.<\/p>\n\n\n\n<p><strong>Tudhatjuk, hogy m\u00e9g a rom\u00e1n megsz\u00e1ll\u00e1s is \u00e1ldozatokat k\u00f6vetelt k\u00f6z\u00f6tt\u00fck. \u00c9rte antiszemita zaklat\u00e1s az els\u0151 vil\u00e1gh\u00e1bor\u00faban val\u00f3 r\u00e9szv\u00e9tel, vagy annak elmarad\u00e1sa miatt a h\u00f3dmez\u0151v\u00e1s\u00e1rhelyi zsid\u00f3kat?<\/strong><\/p>\n\n\n\n<p>A rom\u00e1nok 1919. j\u00falius 25-\u00e9n H\u00f3dmez\u0151v\u00e1s\u00e1rhely hat\u00e1r\u00e1ban v\u00e9gezt\u00e9k ki Strasser G\u00e1bor divat\u00e1ru-keresked\u0151t, aki h\u00e1rom\u00e9ves \u00f6nk\u00e9ntesk\u00e9nt vonult be 1915-ben.<\/p>\n\n\n\n<p>A 250 bevonul\u00f3 k\u00f6z\u00fcl 192-en v\u00e9gig a harctereken teljes\u00edtettek szolg\u00e1latot, \u00edgy azt is kijelenthetj\u00fck, hogy a h\u00f3dmez\u0151v\u00e1s\u00e1rhelyi zsid\u00f3 katon\u00e1k eset\u00e9ben megd\u0151lni l\u00e1tszik az az \u00e1ltal\u00e1nosan kialakult v\u00e9lem\u00e9ny, hogy a zsid\u00f3kat a harcterekt\u0151l t\u00e1vol es\u0151 helyekre, irodai szolg\u00e1latra osztott\u00e1k be.<\/p>\n\n\n\n<p>192 frontharcos h\u00f3dmez\u0151v\u00e1s\u00e1rhelyi zsid\u00f3 k\u00f6z\u00fcl v\u00e9g\u00fcl h\u00e1ny szem\u00e9lyt puszt\u00edtottak el a holokausztban? Volt-e, akit mentes\u00edtettek a vil\u00e1g\u00e9g\u00e9sben szerzett \u00e9rdemei miatt?<\/p>\n\n\n\n<p>A 208 visszat\u00e9rt katona k\u00f6z\u00fcl 8 f\u0151 k\u00fcl\u00f6nb\u00f6z\u0151 helyeken munkaszolg\u00e1latosk\u00e9nt hunyt el, 37 f\u0151 pedig az ismertebb hal\u00e1lt\u00e1borokban lelte hal\u00e1l\u00e1t. Arra vonatkoz\u00f3an sajnos nem tal\u00e1ltam adatot, hogy az els\u0151 vil\u00e1gh\u00e1bor\u00fas r\u00e9szv\u00e9tele miatt valakit k\u00e9s\u0151bb mentes\u00edtettek volna.<\/p>\n\n\n\n<p><strong>Hogyan eml\u00e9keznek meg a zsid\u00f3 katonah\u0151s\u00f6kr\u0151l manaps\u00e1g H\u00f3dmez\u0151v\u00e1s\u00e1rhelyen?<\/strong><\/p>\n\n\n\n<p>H\u00f3dmez\u0151v\u00e1s\u00e1rhelyen minden \u00e9v m\u00e1jus utols\u00f3 vas\u00e1rnapj\u00e1n, k\u00f6zponti \u00fcnneps\u00e9g keret\u00e9ben eml\u00e9kez\u00fcnk az els\u0151 vil\u00e1gh\u00e1bor\u00fa h\u0151seir\u0151l. Az Eml\u00e9kpont, mint az ut\u00f3bbi \u00f6t \u00e9vben orsz\u00e1gosan is jelent\u0151ss\u00e9 v\u00e1lt t\u00f6rt\u00e9neti kutat\u00f3-m\u0171hely, igyekszik ebben az id\u0151szakban \u00faj k\u00f6nyveket bemutatni, \u00e1tfog\u00f3 tematik\u00e1j\u00fa konferenci\u00e1kat rendezni.<\/p>\n\n\n\n<p>A 2018. m\u00e1jus 25-\u00e9n megny\u00edlt ki\u00e1ll\u00edt\u00e1st k\u00f6vet\u0151en az \u00e9rdekl\u0151d\u0151k kifejezetten a zsid\u00f3s\u00e1g vil\u00e1gh\u00e1bor\u00fas \u00e1ldozatv\u00e1llal\u00e1s\u00e1val kapcsolatos el\u0151ad\u00e1sokat hallgathattak, Dr. Isaszegi J\u00e1nos ny. vez\u00e9r\u0151rnagy, a Zr\u00ednyi Kiad\u00f3 vezet\u0151je, Dr. Mikl\u00f3s P\u00e9ter, a Tornyai J\u00e1nos M\u00fazeum igazgat\u00f3ja \u00e9s az Eml\u00e9kpont int\u00e9zm\u00e9nyvezet\u0151je, Urbancsok Zsolt, a Mak\u00f3i Lev\u00e9lt\u00e1r vezet\u0151je, valamint j\u00f3magam tolm\u00e1csol\u00e1s\u00e1ban. A Raoul Wallenberg Egyes\u00fclet \u00e9vek \u00f3ta az Eml\u00e9kpontban rendezi orsz\u00e1gos verseny\u00e9nek egyik el\u0151d\u00f6nt\u0151j\u00e9t, ahol a helyi k\u00e9rd\u00e9sek k\u00f6z\u00f6tt el\u0151ker\u00fclnek a hadbavonult izraelita f\u00e9rfiak.<\/p>\n\n\n\n<p>Ez volt a 13. k\u00f6tet a h\u00f3dmez\u0151v\u00e1s\u00e1rhelyi Eml\u00e9kpont kiad\u00e1s\u00e1ban. Hasonl\u00f3 t\u00e9m\u00e1j\u00fa, a k\u00f6rny\u00e9kbeli kisebb-nagyobb telep\u00fcl\u00e9sek zsid\u00f3 sz\u00e1rmaz\u00e1s\u00fa katon\u00e1ir\u00f3l terveznek hasonl\u00f3t, hiszen k\u00f6zeleg a 110 \u00e9ves \u00e9vfordul\u00f3?<\/p>\n\n\n\n<p>Az Eml\u00e9kpont K\u00f6nyvek sorozatban els\u0151sorban H\u00f3dmez\u0151v\u00e1s\u00e1rhely helyt\u00f6rt\u00e9net\u00e9vel foglalkoz\u00f3 munk\u00e1kat adunk ki, indokolt esetben igyeksz\u00fcnk \u00f6sszehasonl\u00edt\u00e1sokat v\u00e9gezni Csongr\u00e1d megyei tekintetben is, mint ahogyan t\u00f6rekedt\u00fcnk erre a K\u00e1d\u00e1r-husz\u00e1rok \u00e9s p\u00e1rtkaton\u00e1k. Munk\u00e1s\u0151r\u00f6k H\u00f3dmez\u0151v\u00e1s\u00e1rhelyen 1957-1989 c. k\u00f6nyv\u00fcnkben is. A konferenci\u00e1inkon elhangzott el\u0151ad\u00e1sokat is tanulm\u00e1nyk\u00f6tetbe szoktuk rendezni.<\/p>\n\n\n\n<p>A helyi zsid\u00f3s\u00e1g t\u00f6rt\u00e9net\u00e9vel kapcsolatban ez volt eddig az els\u0151 k\u00f6tet. Csongr\u00e1d megye lev\u00e9lt\u00e1raiban kiv\u00e1l\u00f3 szakemberek vannak, akik bizony\u00e1ra k\u00e9sz\u00fclnek hasonl\u00f3 munk\u00e1kkal az els\u0151 vil\u00e1gh\u00e1bor\u00fa 110. \u00e9vfordul\u00f3j\u00e1ra.<\/p>\n\n\n\n<p><strong><em>(V\u00e9gs\u0151 Istv\u00e1n, Clio Int\u00e9zet)<\/em><\/strong><\/p>\n\n\n\n<p><a href=\"https:\/\/neokohn.hu\/2020\/08\/04\/hazafias-zsido-katonak-a-nagy-haboruban\/\">A cikk itt elolvashat\u00f3!<\/a><\/p>\n","protected":false},"excerpt":{"rendered":"<p>2019-ben jelent meg \u201eA zsid\u00f3 lakoss\u00e1g igen hazafias\u201d \u2013 H\u00f3dmez\u0151v\u00e1s\u00e1rhelyi zsid\u00f3 katon\u00e1k az els\u0151 vil\u00e1gh\u00e1bor\u00faban c\u00edm\u0171 k\u00f6tet, ami r\u00e9szletesen bemutatja a d\u00e9l-alf\u00f6ldi v\u00e1ros hadbavonult zsid\u00f3 f\u00e9rfi lakoss\u00e1g\u00e1nak \u00e9let\u00e9t \u00e9s sors\u00e1t. A fot\u00f3kkal, t\u00e1bl\u00e1zatokkal, mell\u00e9kletekkel gazdagon rendelkez\u0151 k\u00f6tet szerz\u0151j\u00e9vel, Nagy Gy\u00f6ngyi t\u00f6rt\u00e9n\u00e9sszel, a h\u00f3dmez\u0151v\u00e1s\u00e1rhelyi Eml\u00e9kpont munkat\u00e1rs\u00e1val k\u00f6z\u00f6lt besz\u00e9lget\u00e9st a Neokohn.hu internetes port\u00e1l. A cikk itt eredetiben [&hellip;]<\/p>\n","protected":false},"author":5,"featured_media":7091,"comment_status":"closed","ping_status":"closed","sticky":false,"template":"","format":"standard","meta":{"footnotes":""},"categories":[8],"tags":[],"_links":{"self":[{"href":"https:\/\/emlekpont.hu\/index.php?rest_route=\/wp\/v2\/posts\/7090"}],"collection":[{"href":"https:\/\/emlekpont.hu\/index.php?rest_route=\/wp\/v2\/posts"}],"about":[{"href":"https:\/\/emlekpont.hu\/index.php?rest_route=\/wp\/v2\/types\/post"}],"author":[{"embeddable":true,"href":"https:\/\/emlekpont.hu\/index.php?rest_route=\/wp\/v2\/users\/5"}],"replies":[{"embeddable":true,"href":"https:\/\/emlekpont.hu\/index.php?rest_route=%2Fwp%2Fv2%2Fcomments&post=7090"}],"version-history":[{"count":2,"href":"https:\/\/emlekpont.hu\/index.php?rest_route=\/wp\/v2\/posts\/7090\/revisions"}],"predecessor-version":[{"id":7093,"href":"https:\/\/emlekpont.hu\/index.php?rest_route=\/wp\/v2\/posts\/7090\/revisions\/7093"}],"wp:featuredmedia":[{"embeddable":true,"href":"https:\/\/emlekpont.hu\/index.php?rest_route=\/wp\/v2\/media\/7091"}],"wp:attachment":[{"href":"https:\/\/emlekpont.hu\/index.php?rest_route=%2Fwp%2Fv2%2Fmedia&parent=7090"}],"wp:term":[{"taxonomy":"category","embeddable":true,"href":"https:\/\/emlekpont.hu\/index.php?rest_route=%2Fwp%2Fv2%2Fcategories&post=7090"},{"taxonomy":"post_tag","embeddable":true,"href":"https:\/\/emlekpont.hu\/index.php?rest_route=%2Fwp%2Fv2%2Ftags&post=7090"}],"curies":[{"name":"wp","href":"https:\/\/api.w.org\/{rel}","templated":true}]}}