{"id":7080,"date":"2020-07-27T10:13:56","date_gmt":"2020-07-27T10:13:56","guid":{"rendered":"http:\/\/emlekpont.hu\/?p=7080"},"modified":"2020-07-27T10:15:20","modified_gmt":"2020-07-27T10:15:20","slug":"az-emlekpontrol-az-m1-turisztikai-musoraban","status":"publish","type":"post","link":"https:\/\/emlekpont.hu\/?p=7080","title":{"rendered":"Az Eml\u00e9kpont az M1 turisztikai m\u0171sor\u00e1ban"},"content":{"rendered":"\n<p>A k\u00f6zm\u00e9dia Biztons\u00e1gban Itthon! c\u00edm\u0171, Magyarorsz\u00e1g \u00e9rt\u00e9keit bemutat\u00f3 m\u0171sora 2020. j\u00falius 26-i ad\u00e1s\u00e1ban a h\u00f3dmez\u0151v\u00e1s\u00e1rhelyi Eml\u00e9kpontra is felh\u00edvta azok figyelm\u00e9t, akik ny\u00e1ri programjukat tervezik.<\/p>\n\n\n\n<figure class=\"wp-block-embed-youtube wp-block-embed is-type-video is-provider-youtube wp-embed-aspect-16-9 wp-has-aspect-ratio\"><div class=\"wp-block-embed__wrapper\">\n<iframe title=\"Az Eml\u00e9kpontr\u00f3l az M1 turisztikai m\u0171sor\u00e1ban\" width=\"1170\" height=\"658\" src=\"https:\/\/www.youtube.com\/embed\/NZFpxd4Feio?feature=oembed\" frameborder=\"0\" allow=\"accelerometer; autoplay; encrypted-media; gyroscope; picture-in-picture\" allowfullscreen><\/iframe>\n<\/div><\/figure>\n","protected":false},"excerpt":{"rendered":"<p>A k\u00f6zm\u00e9dia Biztons\u00e1gban Itthon! c\u00edm\u0171, Magyarorsz\u00e1g \u00e9rt\u00e9keit bemutat\u00f3 m\u0171sora 2020. j\u00falius 26-i ad\u00e1s\u00e1ban a h\u00f3dmez\u0151v\u00e1s\u00e1rhelyi Eml\u00e9kpontra is felh\u00edvta azok figyelm\u00e9t, akik ny\u00e1ri programjukat tervezik.<\/p>\n","protected":false},"author":5,"featured_media":7081,"comment_status":"closed","ping_status":"closed","sticky":false,"template":"","format":"standard","meta":{"footnotes":""},"categories":[8],"tags":[],"_links":{"self":[{"href":"https:\/\/emlekpont.hu\/index.php?rest_route=\/wp\/v2\/posts\/7080"}],"collection":[{"href":"https:\/\/emlekpont.hu\/index.php?rest_route=\/wp\/v2\/posts"}],"about":[{"href":"https:\/\/emlekpont.hu\/index.php?rest_route=\/wp\/v2\/types\/post"}],"author":[{"embeddable":true,"href":"https:\/\/emlekpont.hu\/index.php?rest_route=\/wp\/v2\/users\/5"}],"replies":[{"embeddable":true,"href":"https:\/\/emlekpont.hu\/index.php?rest_route=%2Fwp%2Fv2%2Fcomments&post=7080"}],"version-history":[{"count":2,"href":"https:\/\/emlekpont.hu\/index.php?rest_route=\/wp\/v2\/posts\/7080\/revisions"}],"predecessor-version":[{"id":7083,"href":"https:\/\/emlekpont.hu\/index.php?rest_route=\/wp\/v2\/posts\/7080\/revisions\/7083"}],"wp:featuredmedia":[{"embeddable":true,"href":"https:\/\/emlekpont.hu\/index.php?rest_route=\/wp\/v2\/media\/7081"}],"wp:attachment":[{"href":"https:\/\/emlekpont.hu\/index.php?rest_route=%2Fwp%2Fv2%2Fmedia&parent=7080"}],"wp:term":[{"taxonomy":"category","embeddable":true,"href":"https:\/\/emlekpont.hu\/index.php?rest_route=%2Fwp%2Fv2%2Fcategories&post=7080"},{"taxonomy":"post_tag","embeddable":true,"href":"https:\/\/emlekpont.hu\/index.php?rest_route=%2Fwp%2Fv2%2Ftags&post=7080"}],"curies":[{"name":"wp","href":"https:\/\/api.w.org\/{rel}","templated":true}]}}