{"id":7077,"date":"2020-07-23T06:00:00","date_gmt":"2020-07-23T06:00:00","guid":{"rendered":"http:\/\/emlekpont.hu\/?p=7077"},"modified":"2020-07-22T21:08:53","modified_gmt":"2020-07-22T21:08:53","slug":"a-szocialdemokrata-embermento-karig-sara","status":"publish","type":"post","link":"https:\/\/emlekpont.hu\/?p=7077","title":{"rendered":"A szoci\u00e1ldemokrata emberment\u0151, Karig S\u00e1ra"},"content":{"rendered":"\n<p>A sv\u00e9d diplomata, Raoul Wallenberg \u00e1ltal szervezett v\u00f6r\u00f6skeresztes misszi\u00f3val egy\u00fcttm\u0171k\u00f6dve sz\u00e1mos zsid\u00f3 csal\u00e1d \u00e9let\u00e9t mentette meg a v\u00e9szkorszakban Karig S\u00e1ra (1914-1999), aki 1947-ben a \u201ek\u00e9kc\u00e9dul\u00e1s\u201d v\u00e1laszt\u00e1s vissza\u00e9l\u00e9seire is felh\u00edvta a figyelmet. Ut\u00f3bbi miatt a szovjet b\u00e1ny\u00e1szv\u00e1rosba, Vorkut\u00e1ba, az \u00f6r\u00f6k t\u00e9l birodalm\u00e1ba intern\u00e1lt\u00e1k. Az <em>Emberment\u0151k a 20. sz\u00e1zadi Magyarorsz\u00e1gon<\/em> c\u00edm\u0171 el\u0151ad\u00e1ssorozat z\u00e1r\u00f3 r\u00e9sz\u00e9ben Nagy Gy\u00f6ngyi t\u00f6rt\u00e9n\u00e9sz Karig S\u00e1ra \u00e9let\u00e9t \u00e9s emberment\u0151 tev\u00e9kenys\u00e9g\u00e9t is bemutatja.<\/p>\n\n\n\n<figure class=\"wp-block-embed-youtube wp-block-embed is-type-video is-provider-youtube wp-embed-aspect-16-9 wp-has-aspect-ratio\"><div class=\"wp-block-embed__wrapper\">\n<iframe title=\"A szoci\u00e1ldemokrata emberment\u0151, Karig S\u00e1ra\" width=\"1170\" height=\"658\" src=\"https:\/\/www.youtube.com\/embed\/Iud3dkFFzQM?feature=oembed\" frameborder=\"0\" allow=\"accelerometer; autoplay; encrypted-media; gyroscope; picture-in-picture\" allowfullscreen><\/iframe>\n<\/div><\/figure>\n","protected":false},"excerpt":{"rendered":"<p>A sv\u00e9d diplomata, Raoul Wallenberg \u00e1ltal szervezett v\u00f6r\u00f6skeresztes misszi\u00f3val egy\u00fcttm\u0171k\u00f6dve sz\u00e1mos zsid\u00f3 csal\u00e1d \u00e9let\u00e9t mentette meg a v\u00e9szkorszakban Karig S\u00e1ra (1914-1999), aki 1947-ben a \u201ek\u00e9kc\u00e9dul\u00e1s\u201d v\u00e1laszt\u00e1s vissza\u00e9l\u00e9seire is felh\u00edvta a figyelmet. Ut\u00f3bbi miatt a szovjet b\u00e1ny\u00e1szv\u00e1rosba, Vorkut\u00e1ba, az \u00f6r\u00f6k t\u00e9l birodalm\u00e1ba intern\u00e1lt\u00e1k. Az Emberment\u0151k a 20. sz\u00e1zadi Magyarorsz\u00e1gon c\u00edm\u0171 el\u0151ad\u00e1ssorozat z\u00e1r\u00f3 r\u00e9sz\u00e9ben Nagy Gy\u00f6ngyi t\u00f6rt\u00e9n\u00e9sz [&hellip;]<\/p>\n","protected":false},"author":5,"featured_media":7078,"comment_status":"closed","ping_status":"closed","sticky":false,"template":"","format":"standard","meta":{"footnotes":""},"categories":[8],"tags":[],"_links":{"self":[{"href":"https:\/\/emlekpont.hu\/index.php?rest_route=\/wp\/v2\/posts\/7077"}],"collection":[{"href":"https:\/\/emlekpont.hu\/index.php?rest_route=\/wp\/v2\/posts"}],"about":[{"href":"https:\/\/emlekpont.hu\/index.php?rest_route=\/wp\/v2\/types\/post"}],"author":[{"embeddable":true,"href":"https:\/\/emlekpont.hu\/index.php?rest_route=\/wp\/v2\/users\/5"}],"replies":[{"embeddable":true,"href":"https:\/\/emlekpont.hu\/index.php?rest_route=%2Fwp%2Fv2%2Fcomments&post=7077"}],"version-history":[{"count":1,"href":"https:\/\/emlekpont.hu\/index.php?rest_route=\/wp\/v2\/posts\/7077\/revisions"}],"predecessor-version":[{"id":7079,"href":"https:\/\/emlekpont.hu\/index.php?rest_route=\/wp\/v2\/posts\/7077\/revisions\/7079"}],"wp:featuredmedia":[{"embeddable":true,"href":"https:\/\/emlekpont.hu\/index.php?rest_route=\/wp\/v2\/media\/7078"}],"wp:attachment":[{"href":"https:\/\/emlekpont.hu\/index.php?rest_route=%2Fwp%2Fv2%2Fmedia&parent=7077"}],"wp:term":[{"taxonomy":"category","embeddable":true,"href":"https:\/\/emlekpont.hu\/index.php?rest_route=%2Fwp%2Fv2%2Fcategories&post=7077"},{"taxonomy":"post_tag","embeddable":true,"href":"https:\/\/emlekpont.hu\/index.php?rest_route=%2Fwp%2Fv2%2Ftags&post=7077"}],"curies":[{"name":"wp","href":"https:\/\/api.w.org\/{rel}","templated":true}]}}