{"id":6983,"date":"2020-06-30T06:00:00","date_gmt":"2020-06-30T06:00:00","guid":{"rendered":"http:\/\/emlekpont.hu\/?p=6983"},"modified":"2020-06-29T09:56:23","modified_gmt":"2020-06-29T09:56:23","slug":"julius-1-jen-ismet-megnyilnak-hodmezovasarhely-kiallitohelyei","status":"publish","type":"post","link":"https:\/\/emlekpont.hu\/?p=6983","title":{"rendered":"J\u00falius 1-j\u00e9n ism\u00e9t megny\u00edlnak H\u00f3dmez\u0151v\u00e1s\u00e1rhely ki\u00e1ll\u00edt\u00f3helyei"},"content":{"rendered":"\n<p>J\u00falius 1-j\u00e9n ism\u00e9t megny\u00edlnak a k\u00f6z\u00f6ns\u00e9g el\u0151tt a Tornyai J\u00e1nos M\u00fazeum \u00e9s K\u00f6zm\u0171vel\u0151d\u00e9si K\u00f6zpont ki\u00e1ll\u00edt\u00e1sai \u2013 k\u00f6z\u00f6lte Dr. Mikl\u00f3s P\u00e9ter igazgat\u00f3. A koronav\u00edrus-j\u00e1rv\u00e1ny miatti vesz\u00e9lyhelyzet megsz\u0171nt\u00e9vel szerd\u00e1t\u00f3l H\u00f3dmez\u0151v\u00e1s\u00e1rhelyen \u00fajra l\u00e1togathat\u00f3ak lesznek a Tornyai J\u00e1nos M\u00fazeum, az Alf\u00f6ldi Gal\u00e9ria, az Eml\u00e9kpont, valamint a Magyar Trag\u00e9dia 1944 Ki\u00e1ll\u00edt\u00f3hely \u00e1lland\u00f3 \u00e9s id\u0151szaki ki\u00e1ll\u00edt\u00e1sai.<\/p>\n\n\n\n<figure class=\"wp-block-image size-large\"><img fetchpriority=\"high\" decoding=\"async\" width=\"1024\" height=\"678\" src=\"http:\/\/emlekpont.hu\/wp-content\/uploads\/2020\/06\/2020_0629_Kiallitohelyek_-1024x678.jpg\" alt=\"\" class=\"wp-image-6984\" srcset=\"https:\/\/emlekpont.hu\/wp-content\/uploads\/2020\/06\/2020_0629_Kiallitohelyek_-1024x678.jpg 1024w, https:\/\/emlekpont.hu\/wp-content\/uploads\/2020\/06\/2020_0629_Kiallitohelyek_-300x199.jpg 300w, https:\/\/emlekpont.hu\/wp-content\/uploads\/2020\/06\/2020_0629_Kiallitohelyek_-768x509.jpg 768w, https:\/\/emlekpont.hu\/wp-content\/uploads\/2020\/06\/2020_0629_Kiallitohelyek_-830x550.jpg 830w, https:\/\/emlekpont.hu\/wp-content\/uploads\/2020\/06\/2020_0629_Kiallitohelyek_-230x152.jpg 230w, https:\/\/emlekpont.hu\/wp-content\/uploads\/2020\/06\/2020_0629_Kiallitohelyek_-350x232.jpg 350w, https:\/\/emlekpont.hu\/wp-content\/uploads\/2020\/06\/2020_0629_Kiallitohelyek_-480x318.jpg 480w, https:\/\/emlekpont.hu\/wp-content\/uploads\/2020\/06\/2020_0629_Kiallitohelyek_.jpg 1200w\" sizes=\"(max-width: 1024px) 100vw, 1024px\" \/><\/figure>\n\n\n\n<p>Ennek jegy\u00e9ben a Tornyai J\u00e1nos M\u00fazeumban a l\u00e1togat\u00f3kat a <em>H\u00e9tk\u00f6znapok V\u00e9nuszai<\/em> c\u00edm\u0171 \u00e1lland\u00f3 ki\u00e1ll\u00edt\u00e1s \u00e9s a L\u00e1tv\u00e1nyrakt\u00e1r mellett v\u00e1rja a Kiss Lajos n\u00e9prajzkutat\u00f3, m\u00fazeumigazgat\u00f3 \u00e9let\u00e9t \u00e9s tev\u00e9kenys\u00e9g\u00e9t bemutat\u00f3 <em>M\u00fazeum\u0151r <\/em>c\u00edm\u0171 ki\u00e1ll\u00edt\u00e1s, valamint a k\u00f6zgy\u0171jtem\u00e9ny 2019. \u00e9vi gyarapod\u00e1s\u00e1b\u00f3l v\u00e1logat\u00f3, <em>Kiss Lajos nyomdokain haladva<\/em> c\u00edm\u0171 t\u00e1rlat is.<\/p>\n\n\n\n<p>Szerd\u00e1t\u00f3l az Alf\u00f6ldi Gal\u00e9ri\u00e1ban <em>Az Alf\u00f6ld m\u0171v\u00e9szete \u2013 a kezdetekt\u0151l napjainkig<\/em> c\u00edm\u0171 \u00e1lland\u00f3 ki\u00e1ll\u00edt\u00e1son k\u00edv\u00fcl az Eifert J\u00e1nos fot\u00f3m\u0171v\u00e9sz \u00e9letm\u0171v\u00e9t \u00f6sszefoglal\u00f3 <em>Visszatekint\u00e9s<\/em> c\u00edm\u0171 t\u00e1rlat \u00fajra megtekinthet\u0151 lesz, m\u00edg az Eml\u00e9kpontban \u2013 az \u00e1lland\u00f3 ki\u00e1ll\u00edt\u00e1s anyag\u00e1n t\u00fal \u2013 D\u00f6m\u00f6t\u00f6r Mih\u00e1ly fot\u00f3m\u0171v\u00e9sz <em>Metamorf\u00f3zis<\/em> elnevez\u00e9s\u0171 t\u00e1rlat\u00e1val tal\u00e1lkozhatnak a l\u00e1togat\u00f3k.<\/p>\n\n\n\n<p>A ki\u00e1ll\u00edt\u00f3helyek keddt\u0151l vas\u00e1rnapig 10 \u00e9s 17 \u00f3ra k\u00f6z\u00f6tt tartanak nyitva (kiv\u00e9ve a Magyar Trag\u00e9dia 1944 Ki\u00e1ll\u00edt\u00f3hely \u00e9s a Zsinag\u00f3ga, amely vas\u00e1rnap \u00e9s p\u00e9ntek k\u00f6z\u00f6tt 9 \u00f3r\u00e1t\u00f3l 13 \u00f3r\u00e1ig l\u00e1togathat\u00f3).<\/p>\n\n\n\n<p>Az int\u00e9zm\u00e9ny javasolja, hogy a l\u00e1togat\u00f3k sz\u00e1jukat \u00e9s orrukat maszkkal, vagy s\u00e1llal takarj\u00e1k el, a ki\u00e1ll\u00edt\u00f3t\u00e9rben tarts\u00e1k be a m\u00e1sf\u00e9l m\u00e9teres t\u00e1vols\u00e1got, illetve haszn\u00e1lj\u00e1k a p\u00e9nzt\u00e1rakn\u00e1l tal\u00e1lhat\u00f3 k\u00e9zfert\u0151tlen\u00edt\u0151ket.<\/p>\n","protected":false},"excerpt":{"rendered":"<p>J\u00falius 1-j\u00e9n ism\u00e9t megny\u00edlnak a k\u00f6z\u00f6ns\u00e9g el\u0151tt a Tornyai J\u00e1nos M\u00fazeum \u00e9s K\u00f6zm\u0171vel\u0151d\u00e9si K\u00f6zpont ki\u00e1ll\u00edt\u00e1sai \u2013 k\u00f6z\u00f6lte Dr. Mikl\u00f3s P\u00e9ter igazgat\u00f3. A koronav\u00edrus-j\u00e1rv\u00e1ny miatti vesz\u00e9lyhelyzet megsz\u0171nt\u00e9vel szerd\u00e1t\u00f3l H\u00f3dmez\u0151v\u00e1s\u00e1rhelyen \u00fajra l\u00e1togathat\u00f3ak lesznek a Tornyai J\u00e1nos M\u00fazeum, az Alf\u00f6ldi Gal\u00e9ria, az Eml\u00e9kpont, valamint a Magyar Trag\u00e9dia 1944 Ki\u00e1ll\u00edt\u00f3hely \u00e1lland\u00f3 \u00e9s id\u0151szaki ki\u00e1ll\u00edt\u00e1sai. Ennek jegy\u00e9ben a Tornyai J\u00e1nos [&hellip;]<\/p>\n","protected":false},"author":5,"featured_media":6984,"comment_status":"closed","ping_status":"closed","sticky":false,"template":"","format":"standard","meta":{"footnotes":""},"categories":[8],"tags":[],"_links":{"self":[{"href":"https:\/\/emlekpont.hu\/index.php?rest_route=\/wp\/v2\/posts\/6983"}],"collection":[{"href":"https:\/\/emlekpont.hu\/index.php?rest_route=\/wp\/v2\/posts"}],"about":[{"href":"https:\/\/emlekpont.hu\/index.php?rest_route=\/wp\/v2\/types\/post"}],"author":[{"embeddable":true,"href":"https:\/\/emlekpont.hu\/index.php?rest_route=\/wp\/v2\/users\/5"}],"replies":[{"embeddable":true,"href":"https:\/\/emlekpont.hu\/index.php?rest_route=%2Fwp%2Fv2%2Fcomments&post=6983"}],"version-history":[{"count":1,"href":"https:\/\/emlekpont.hu\/index.php?rest_route=\/wp\/v2\/posts\/6983\/revisions"}],"predecessor-version":[{"id":6985,"href":"https:\/\/emlekpont.hu\/index.php?rest_route=\/wp\/v2\/posts\/6983\/revisions\/6985"}],"wp:featuredmedia":[{"embeddable":true,"href":"https:\/\/emlekpont.hu\/index.php?rest_route=\/wp\/v2\/media\/6984"}],"wp:attachment":[{"href":"https:\/\/emlekpont.hu\/index.php?rest_route=%2Fwp%2Fv2%2Fmedia&parent=6983"}],"wp:term":[{"taxonomy":"category","embeddable":true,"href":"https:\/\/emlekpont.hu\/index.php?rest_route=%2Fwp%2Fv2%2Fcategories&post=6983"},{"taxonomy":"post_tag","embeddable":true,"href":"https:\/\/emlekpont.hu\/index.php?rest_route=%2Fwp%2Fv2%2Ftags&post=6983"}],"curies":[{"name":"wp","href":"https:\/\/api.w.org\/{rel}","templated":true}]}}