{"id":6977,"date":"2020-06-29T06:00:59","date_gmt":"2020-06-29T06:00:59","guid":{"rendered":"http:\/\/emlekpont.hu\/?p=6977"},"modified":"2020-06-29T08:35:48","modified_gmt":"2020-06-29T08:35:48","slug":"orwelltol-biboig-a-disznoktol-hruscsov-biborosig-a-kommunista-diktaturak-egyhazpolitikaja","status":"publish","type":"post","link":"https:\/\/emlekpont.hu\/?p=6977","title":{"rendered":"Orwellt\u0151l Bib\u00f3ig: a diszn\u00f3kt\u00f3l \u201eHruscsov b\u00edborosig\u201d. A kommunista diktat\u00far\u00e1k egyh\u00e1zpolitik\u00e1ja"},"content":{"rendered":"\n<p>Mi a k\u00f6z\u00f6s az 1984 szerz\u0151j\u00e9ben, George Orwellben \u00e9s a legend\u00e1s magyar jogtud\u00f3sban, Bib\u00f3 Istv\u00e1nban? T\u00f6bbek k\u00f6z\u00f6tt az, hogy j\u00f3l ismert\u00e9k \u00e9s hajsz\u00e1lpontosan le\u00edrt\u00e1k a kommunista diktat\u00far\u00e1k term\u00e9szet\u00e9t. Dr. Mikl\u00f3s P\u00e9ter t\u00f6rt\u00e9n\u00e9sz, m\u00fazeumigazgat\u00f3 a k\u00e9t alkot\u00f3 m\u0171veinek t\u00fckr\u00e9ben mutatja be a tot\u00e1lis szocialista diktat\u00far\u00e1k egyh\u00e1zpolitik\u00e1j\u00e1t.<br>Tornyai-t\u00e9ka, 37. r\u00e9sz<\/p>\n\n\n\n<figure class=\"wp-block-embed-youtube wp-block-embed is-type-video is-provider-youtube wp-embed-aspect-16-9 wp-has-aspect-ratio\"><div class=\"wp-block-embed__wrapper\">\n<iframe title=\"Orwellt\u0151l Bib\u00f3ig: a diszn\u00f3kt\u00f3l \u201eHruscsov b\u00edborosig\u201d. A kommunista diktat\u00far\u00e1k egyh\u00e1zpolitik\u00e1ja\" width=\"1170\" height=\"658\" src=\"https:\/\/www.youtube.com\/embed\/RekqiPKrmyM?feature=oembed\" frameborder=\"0\" allow=\"accelerometer; autoplay; encrypted-media; gyroscope; picture-in-picture\" allowfullscreen><\/iframe>\n<\/div><\/figure>\n\n\n\n<p><\/p>\n","protected":false},"excerpt":{"rendered":"<p>Mi a k\u00f6z\u00f6s az 1984 szerz\u0151j\u00e9ben, George Orwellben \u00e9s a legend\u00e1s magyar jogtud\u00f3sban, Bib\u00f3 Istv\u00e1nban? T\u00f6bbek k\u00f6z\u00f6tt az, hogy j\u00f3l ismert\u00e9k \u00e9s hajsz\u00e1lpontosan le\u00edrt\u00e1k a kommunista diktat\u00far\u00e1k term\u00e9szet\u00e9t. Dr. Mikl\u00f3s P\u00e9ter t\u00f6rt\u00e9n\u00e9sz, m\u00fazeumigazgat\u00f3 a k\u00e9t alkot\u00f3 m\u0171veinek t\u00fckr\u00e9ben mutatja be a tot\u00e1lis szocialista diktat\u00far\u00e1k egyh\u00e1zpolitik\u00e1j\u00e1t.Tornyai-t\u00e9ka, 37. r\u00e9sz<\/p>\n","protected":false},"author":5,"featured_media":6982,"comment_status":"closed","ping_status":"closed","sticky":false,"template":"","format":"standard","meta":{"footnotes":""},"categories":[8],"tags":[],"_links":{"self":[{"href":"https:\/\/emlekpont.hu\/index.php?rest_route=\/wp\/v2\/posts\/6977"}],"collection":[{"href":"https:\/\/emlekpont.hu\/index.php?rest_route=\/wp\/v2\/posts"}],"about":[{"href":"https:\/\/emlekpont.hu\/index.php?rest_route=\/wp\/v2\/types\/post"}],"author":[{"embeddable":true,"href":"https:\/\/emlekpont.hu\/index.php?rest_route=\/wp\/v2\/users\/5"}],"replies":[{"embeddable":true,"href":"https:\/\/emlekpont.hu\/index.php?rest_route=%2Fwp%2Fv2%2Fcomments&post=6977"}],"version-history":[{"count":1,"href":"https:\/\/emlekpont.hu\/index.php?rest_route=\/wp\/v2\/posts\/6977\/revisions"}],"predecessor-version":[{"id":6979,"href":"https:\/\/emlekpont.hu\/index.php?rest_route=\/wp\/v2\/posts\/6977\/revisions\/6979"}],"wp:featuredmedia":[{"embeddable":true,"href":"https:\/\/emlekpont.hu\/index.php?rest_route=\/wp\/v2\/media\/6982"}],"wp:attachment":[{"href":"https:\/\/emlekpont.hu\/index.php?rest_route=%2Fwp%2Fv2%2Fmedia&parent=6977"}],"wp:term":[{"taxonomy":"category","embeddable":true,"href":"https:\/\/emlekpont.hu\/index.php?rest_route=%2Fwp%2Fv2%2Fcategories&post=6977"},{"taxonomy":"post_tag","embeddable":true,"href":"https:\/\/emlekpont.hu\/index.php?rest_route=%2Fwp%2Fv2%2Ftags&post=6977"}],"curies":[{"name":"wp","href":"https:\/\/api.w.org\/{rel}","templated":true}]}}