{"id":6973,"date":"2020-06-27T06:00:48","date_gmt":"2020-06-27T06:00:48","guid":{"rendered":"http:\/\/emlekpont.hu\/?p=6973"},"modified":"2020-06-27T06:24:21","modified_gmt":"2020-06-27T06:24:21","slug":"disztalak-a-vasarhelyi-dalarda-jubileumara","status":"publish","type":"post","link":"https:\/\/emlekpont.hu\/?p=6973","title":{"rendered":"D\u00edszt\u00e1lak a v\u00e1s\u00e1rhelyi dal\u00e1rda jubileum\u00e1ra"},"content":{"rendered":"\n<p>A v\u00e1s\u00e1rhelyi zenei \u00e9let relikvi\u00e1i k\u00f6z\u00e9 tartozik a l\u00e1tv\u00e1nyrakt\u00e1rban \u0151rz\u00f6tt k\u00e9t d\u00edszt\u00e1l, amelyet 1925-ben k\u00e9sz\u00edtettek az 1865-ben l\u00e9trej\u00f6tt H\u00f3dmez\u0151v\u00e1s\u00e1rhelyi Dal\u00e1rda alap\u00edt\u00e1s\u00e1nak 60. \u00e9vfordul\u00f3j\u00e1ra. Ezen t\u00e1lak f\u00f6liratair\u00f3l, d\u00edsz\u00edt\u00e9s\u00e9r\u0151l \u00e9s k\u00e9sz\u00edt\u0151ir\u0151l \u2013 Pat\u00f3cs J\u00f3zsefr\u0151l \u00e9s Isaszegi Nagy S\u00e1ndorr\u00f3l \u2013 tudhatunk meg inform\u00e1ci\u00f3kat Bern\u00e1tsky Ferenc helyt\u00f6rt\u00e9n\u00e9szt\u0151l.<br>Tornyai-t\u00e9ka, 36. r\u00e9sz<\/p>\n\n\n\n<figure class=\"wp-block-embed-youtube wp-block-embed is-type-video is-provider-youtube wp-embed-aspect-16-9 wp-has-aspect-ratio\"><div class=\"wp-block-embed__wrapper\">\n<iframe title=\"D\u00edszt\u00e1lak a v\u00e1s\u00e1rhelyi dal\u00e1rda jubileum\u00e1ra\" width=\"1170\" height=\"658\" src=\"https:\/\/www.youtube.com\/embed\/nzIPVyzNwgs?feature=oembed\" frameborder=\"0\" allow=\"accelerometer; autoplay; encrypted-media; gyroscope; picture-in-picture\" allowfullscreen><\/iframe>\n<\/div><\/figure>\n","protected":false},"excerpt":{"rendered":"<p>A v\u00e1s\u00e1rhelyi zenei \u00e9let relikvi\u00e1i k\u00f6z\u00e9 tartozik a l\u00e1tv\u00e1nyrakt\u00e1rban \u0151rz\u00f6tt k\u00e9t d\u00edszt\u00e1l, amelyet 1925-ben k\u00e9sz\u00edtettek az 1865-ben l\u00e9trej\u00f6tt H\u00f3dmez\u0151v\u00e1s\u00e1rhelyi Dal\u00e1rda alap\u00edt\u00e1s\u00e1nak 60. \u00e9vfordul\u00f3j\u00e1ra. Ezen t\u00e1lak f\u00f6liratair\u00f3l, d\u00edsz\u00edt\u00e9s\u00e9r\u0151l \u00e9s k\u00e9sz\u00edt\u0151ir\u0151l \u2013 Pat\u00f3cs J\u00f3zsefr\u0151l \u00e9s Isaszegi Nagy S\u00e1ndorr\u00f3l \u2013 tudhatunk meg inform\u00e1ci\u00f3kat Bern\u00e1tsky Ferenc helyt\u00f6rt\u00e9n\u00e9szt\u0151l.Tornyai-t\u00e9ka, 36. r\u00e9sz<\/p>\n","protected":false},"author":5,"featured_media":6976,"comment_status":"closed","ping_status":"closed","sticky":false,"template":"","format":"standard","meta":{"footnotes":""},"categories":[8],"tags":[],"_links":{"self":[{"href":"https:\/\/emlekpont.hu\/index.php?rest_route=\/wp\/v2\/posts\/6973"}],"collection":[{"href":"https:\/\/emlekpont.hu\/index.php?rest_route=\/wp\/v2\/posts"}],"about":[{"href":"https:\/\/emlekpont.hu\/index.php?rest_route=\/wp\/v2\/types\/post"}],"author":[{"embeddable":true,"href":"https:\/\/emlekpont.hu\/index.php?rest_route=\/wp\/v2\/users\/5"}],"replies":[{"embeddable":true,"href":"https:\/\/emlekpont.hu\/index.php?rest_route=%2Fwp%2Fv2%2Fcomments&post=6973"}],"version-history":[{"count":1,"href":"https:\/\/emlekpont.hu\/index.php?rest_route=\/wp\/v2\/posts\/6973\/revisions"}],"predecessor-version":[{"id":6975,"href":"https:\/\/emlekpont.hu\/index.php?rest_route=\/wp\/v2\/posts\/6973\/revisions\/6975"}],"wp:featuredmedia":[{"embeddable":true,"href":"https:\/\/emlekpont.hu\/index.php?rest_route=\/wp\/v2\/media\/6976"}],"wp:attachment":[{"href":"https:\/\/emlekpont.hu\/index.php?rest_route=%2Fwp%2Fv2%2Fmedia&parent=6973"}],"wp:term":[{"taxonomy":"category","embeddable":true,"href":"https:\/\/emlekpont.hu\/index.php?rest_route=%2Fwp%2Fv2%2Fcategories&post=6973"},{"taxonomy":"post_tag","embeddable":true,"href":"https:\/\/emlekpont.hu\/index.php?rest_route=%2Fwp%2Fv2%2Ftags&post=6973"}],"curies":[{"name":"wp","href":"https:\/\/api.w.org\/{rel}","templated":true}]}}