{"id":6969,"date":"2020-06-26T18:00:04","date_gmt":"2020-06-26T18:00:04","guid":{"rendered":"http:\/\/emlekpont.hu\/?p=6969"},"modified":"2020-06-24T18:04:03","modified_gmt":"2020-06-24T18:04:03","slug":"talpra-allas-trianon-utan-miklos-peter-a-magyarsagkutato-intezet-konferenciajan","status":"publish","type":"post","link":"https:\/\/emlekpont.hu\/?p=6969","title":{"rendered":"Talpra \u00e1ll\u00e1s Trianon ut\u00e1n. Mikl\u00f3s P\u00e9ter a Magyars\u00e1gkutat\u00f3 Int\u00e9zet konferenci\u00e1j\u00e1n"},"content":{"rendered":"\n<p><strong>Talpra \u00e1ll\u00e1s Trianon ut\u00e1n c\u00edmmel rendezett konferenci\u00e1t a Magyars\u00e1gkutat\u00f3 Int\u00e9zet, amelyen el\u0151ad\u00e1st tartott Mikl\u00f3s P\u00e9ter h\u00f3dmez\u0151v\u00e1s\u00e1rhelyi m\u00fazeumigazgat\u00f3 is, aki a t\u00f6rt\u00e9nelmi kereszt\u00e9ny egyh\u00e1zaknak a Horthy-korszakban bet\u00f6lt\u00f6tt szerep\u00e9t ismertette.<\/strong><\/p>\n\n\n\n<p>Talpra \u00e1ll\u00e1s Trianon ut\u00e1n c\u00edmmel rendezett online tudom\u00e1nyos konferenci\u00e1t a napokban a budapesti Magyars\u00e1gkutat\u00f3 Int\u00e9zet, amelyen az el\u0151ad\u00f3k r\u00e9szletesen ismertett\u00e9k a b\u00e9kedikt\u00e1tum al\u00e1\u00edr\u00e1s\u00e1t k\u00f6vet\u0151 magyar bel- \u00e9s k\u00fclpolitikai folyamatokat: az orsz\u00e1g gazdas\u00e1gi \u00e9s politikai konszolid\u00e1ci\u00f3j\u00e1n kereszt\u00fcl a kult\u00farpolitika \u00e9s az egyh\u00e1zak szerep\u00e9nek alakul\u00e1s\u00e1ig, de sz\u00f3ba ker\u00fclt az \u00f6n\u00e1ll\u00f3 magyar k\u00fclpolitika megteremt\u00e9se \u00e9s haz\u00e1nknak a nemzetk\u00f6zi diplom\u00e1ciai porondra val\u00f3 visszat\u00e9r\u00e9se is.<\/p>\n\n\n\n<p>A tudom\u00e1nyos tan\u00e1cskoz\u00e1son el\u0151ad\u00e1st tartott Mikl\u00f3s P\u00e9ter, a h\u00f3dmez\u0151v\u00e1s\u00e1rhelyi Tornyai J\u00e1nos M\u00fazeum igazgat\u00f3ja, a szegedi egyetem docense. A t\u00f6rt\u00e9n\u00e9sz a nagy kereszt\u00e9ny egyh\u00e1zaknak a Horthy-korszakban \u00e9s a bethleni konszolid\u00e1ci\u00f3ban bet\u00f6lt\u00f6tt szerep\u00e9t mutatta be. Ennek jegy\u00e9ben ismertette a korszak vezet\u0151 ideol\u00f3giai ir\u00e1nyzat\u00e1nak, a kereszt\u00e9ny nemzeti gondolatnak a jellegzetess\u00e9geit \u00e9pp\u00fagy, mint az egyh\u00e1zak t\u00e1rsadalmi, politikai, kultur\u00e1lis \u00e9s oktat\u00e1si \u00e9letben folytatott k\u00f6z\u00e9leti tev\u00e9kenys\u00e9g\u00e9t.<\/p>\n\n\n\n<p>A konferenci\u00e1n \u2013 m\u00e1sok mellett \u2013 refer\u00e1tumot tartott m\u00e9g Horv\u00e1th Attila alkotm\u00e1nyb\u00edr\u00f3, a P\u00e1zm\u00e1ny P\u00e9ter Katolikus Egyetem professzora, Szak\u00e1ly S\u00e1ndor egyetemi tan\u00e1r, a VERITAS T\u00f6rt\u00e9netkutat\u00f3 Int\u00e9zet \u00e9s Lev\u00e9lt\u00e1r f\u0151igazgat\u00f3ja, Guly\u00e1s L\u00e1szl\u00f3, a szegedi egyetem professzora \u00e9s Vizi L\u00e1szl\u00f3 Tam\u00e1s f\u0151iskolai tan\u00e1r, a Magyars\u00e1gkutat\u00f3 Int\u00e9zet f\u0151igazgat\u00f3-helyettese.<\/p>\n\n\n\n<p>Mikl\u00f3s P\u00e9ter h\u00f3dmez\u0151v\u00e1s\u00e1rhelyi m\u00fazeumigazgat\u00f3 Kereszt\u00e9nys\u00e9g\u00e9rt \u00e9s magyars\u00e1g\u00e9rt. A t\u00f6rt\u00e9nelmi egyh\u00e1zak szerepe a konszolid\u00e1ci\u00f3ban c\u00edm\u0171 el\u0151ad\u00e1sa az al\u00e1bbi linken tekinthet\u0151 meg.<\/p>\n\n\n\n<figure class=\"wp-block-embed-youtube wp-block-embed is-type-video is-provider-youtube wp-embed-aspect-16-9 wp-has-aspect-ratio\"><div class=\"wp-block-embed__wrapper\">\n<iframe title=\"Talpra \u00e1ll\u00e1s Trianon ut\u00e1n - Kereszt\u00e9nys\u00e9g\u00e9rt \u00e9s a magyars\u00e1g\u00e9rt\" width=\"1170\" height=\"658\" src=\"https:\/\/www.youtube.com\/embed\/1L4Y0El3GO4?feature=oembed\" frameborder=\"0\" allow=\"accelerometer; autoplay; encrypted-media; gyroscope; picture-in-picture\" allowfullscreen><\/iframe>\n<\/div><\/figure>\n","protected":false},"excerpt":{"rendered":"<p>Talpra \u00e1ll\u00e1s Trianon ut\u00e1n c\u00edmmel rendezett konferenci\u00e1t a Magyars\u00e1gkutat\u00f3 Int\u00e9zet, amelyen el\u0151ad\u00e1st tartott Mikl\u00f3s P\u00e9ter h\u00f3dmez\u0151v\u00e1s\u00e1rhelyi m\u00fazeumigazgat\u00f3 is, aki a t\u00f6rt\u00e9nelmi kereszt\u00e9ny egyh\u00e1zaknak a Horthy-korszakban bet\u00f6lt\u00f6tt szerep\u00e9t ismertette. Talpra \u00e1ll\u00e1s Trianon ut\u00e1n c\u00edmmel rendezett online tudom\u00e1nyos konferenci\u00e1t a napokban a budapesti Magyars\u00e1gkutat\u00f3 Int\u00e9zet, amelyen az el\u0151ad\u00f3k r\u00e9szletesen ismertett\u00e9k a b\u00e9kedikt\u00e1tum al\u00e1\u00edr\u00e1s\u00e1t k\u00f6vet\u0151 magyar bel- \u00e9s [&hellip;]<\/p>\n","protected":false},"author":5,"featured_media":6970,"comment_status":"closed","ping_status":"closed","sticky":false,"template":"","format":"standard","meta":{"footnotes":""},"categories":[8],"tags":[],"_links":{"self":[{"href":"https:\/\/emlekpont.hu\/index.php?rest_route=\/wp\/v2\/posts\/6969"}],"collection":[{"href":"https:\/\/emlekpont.hu\/index.php?rest_route=\/wp\/v2\/posts"}],"about":[{"href":"https:\/\/emlekpont.hu\/index.php?rest_route=\/wp\/v2\/types\/post"}],"author":[{"embeddable":true,"href":"https:\/\/emlekpont.hu\/index.php?rest_route=\/wp\/v2\/users\/5"}],"replies":[{"embeddable":true,"href":"https:\/\/emlekpont.hu\/index.php?rest_route=%2Fwp%2Fv2%2Fcomments&post=6969"}],"version-history":[{"count":1,"href":"https:\/\/emlekpont.hu\/index.php?rest_route=\/wp\/v2\/posts\/6969\/revisions"}],"predecessor-version":[{"id":6971,"href":"https:\/\/emlekpont.hu\/index.php?rest_route=\/wp\/v2\/posts\/6969\/revisions\/6971"}],"wp:featuredmedia":[{"embeddable":true,"href":"https:\/\/emlekpont.hu\/index.php?rest_route=\/wp\/v2\/media\/6970"}],"wp:attachment":[{"href":"https:\/\/emlekpont.hu\/index.php?rest_route=%2Fwp%2Fv2%2Fmedia&parent=6969"}],"wp:term":[{"taxonomy":"category","embeddable":true,"href":"https:\/\/emlekpont.hu\/index.php?rest_route=%2Fwp%2Fv2%2Fcategories&post=6969"},{"taxonomy":"post_tag","embeddable":true,"href":"https:\/\/emlekpont.hu\/index.php?rest_route=%2Fwp%2Fv2%2Ftags&post=6969"}],"curies":[{"name":"wp","href":"https:\/\/api.w.org\/{rel}","templated":true}]}}