{"id":6953,"date":"2020-06-17T06:00:00","date_gmt":"2020-06-17T06:00:00","guid":{"rendered":"http:\/\/emlekpont.hu\/?p=6953"},"modified":"2020-06-17T04:45:46","modified_gmt":"2020-06-17T04:45:46","slug":"regeszek-a-tram-train-vonalan","status":"publish","type":"post","link":"https:\/\/emlekpont.hu\/?p=6953","title":{"rendered":"R\u00e9g\u00e9szek a tram-train vonal\u00e1n"},"content":{"rendered":"\n<p>A Tornyai J\u00e1nos M\u00fazeum 2016 tavasza \u00f3ta vesz r\u00e9szt a Szeged \u00e9s H\u00f3dmez\u0151v\u00e1s\u00e1rhely k\u00f6z\u00f6tt \u00e9p\u00fcl\u0151 tram-train k\u00f6z\u00fati \u00e9s vas\u00fati munk\u00e1ihoz kapcsol\u00f3d\u00f3an az el\u0151\u00edrt r\u00e9g\u00e9szeti szakfeladatokban \u00e9s sz\u00e1mos r\u00e9g\u00e9szeti kutat\u00e1st v\u00e9gzett az \u00e9p\u00edtkez\u00e9ssel \u00e9rintett ter\u00fcleten. Ezek sor\u00e1n 2019 augusztus\u00e1ban \u00e9s szeptember\u00e9ben H\u00f3dmez\u0151v\u00e1s\u00e1rhely sz\u00edv\u00e9ben, a Szent Antal utca \u00e9s a Sz\u0151nyi utca k\u00f6z\u00f6tti nyomvonalszakaszon f\u00e9mkeres\u0151-m\u0171szeres kutat\u00e1sra is sor ker\u00fclt. Cs\u00e1nyi Viktor a beruh\u00e1z\u00e1s sor\u00e1n folytatott r\u00e9g\u00e9szeti szakmai munk\u00e1t \u00e9s annak eredm\u00e9nyeit ismerteti.<\/p>\n\n\n\n<p>Tornyai-t\u00e9ka, 32. r\u00e9sz<\/p>\n\n\n\n<figure class=\"wp-block-embed-youtube wp-block-embed is-type-video is-provider-youtube wp-embed-aspect-16-9 wp-has-aspect-ratio\"><div class=\"wp-block-embed__wrapper\">\n<iframe title=\"TT32 CSV Tram Train\" width=\"1170\" height=\"658\" src=\"https:\/\/www.youtube.com\/embed\/N21FPySKf20?feature=oembed\" frameborder=\"0\" allow=\"accelerometer; autoplay; encrypted-media; gyroscope; picture-in-picture\" allowfullscreen><\/iframe>\n<\/div><\/figure>\n","protected":false},"excerpt":{"rendered":"<p>A Tornyai J\u00e1nos M\u00fazeum 2016 tavasza \u00f3ta vesz r\u00e9szt a Szeged \u00e9s H\u00f3dmez\u0151v\u00e1s\u00e1rhely k\u00f6z\u00f6tt \u00e9p\u00fcl\u0151 tram-train k\u00f6z\u00fati \u00e9s vas\u00fati munk\u00e1ihoz kapcsol\u00f3d\u00f3an az el\u0151\u00edrt r\u00e9g\u00e9szeti szakfeladatokban \u00e9s sz\u00e1mos r\u00e9g\u00e9szeti kutat\u00e1st v\u00e9gzett az \u00e9p\u00edtkez\u00e9ssel \u00e9rintett ter\u00fcleten. Ezek sor\u00e1n 2019 augusztus\u00e1ban \u00e9s szeptember\u00e9ben H\u00f3dmez\u0151v\u00e1s\u00e1rhely sz\u00edv\u00e9ben, a Szent Antal utca \u00e9s a Sz\u0151nyi utca k\u00f6z\u00f6tti nyomvonalszakaszon f\u00e9mkeres\u0151-m\u0171szeres kutat\u00e1sra is [&hellip;]<\/p>\n","protected":false},"author":5,"featured_media":6954,"comment_status":"closed","ping_status":"closed","sticky":false,"template":"","format":"standard","meta":{"footnotes":""},"categories":[8],"tags":[],"_links":{"self":[{"href":"https:\/\/emlekpont.hu\/index.php?rest_route=\/wp\/v2\/posts\/6953"}],"collection":[{"href":"https:\/\/emlekpont.hu\/index.php?rest_route=\/wp\/v2\/posts"}],"about":[{"href":"https:\/\/emlekpont.hu\/index.php?rest_route=\/wp\/v2\/types\/post"}],"author":[{"embeddable":true,"href":"https:\/\/emlekpont.hu\/index.php?rest_route=\/wp\/v2\/users\/5"}],"replies":[{"embeddable":true,"href":"https:\/\/emlekpont.hu\/index.php?rest_route=%2Fwp%2Fv2%2Fcomments&post=6953"}],"version-history":[{"count":2,"href":"https:\/\/emlekpont.hu\/index.php?rest_route=\/wp\/v2\/posts\/6953\/revisions"}],"predecessor-version":[{"id":6956,"href":"https:\/\/emlekpont.hu\/index.php?rest_route=\/wp\/v2\/posts\/6953\/revisions\/6956"}],"wp:featuredmedia":[{"embeddable":true,"href":"https:\/\/emlekpont.hu\/index.php?rest_route=\/wp\/v2\/media\/6954"}],"wp:attachment":[{"href":"https:\/\/emlekpont.hu\/index.php?rest_route=%2Fwp%2Fv2%2Fmedia&parent=6953"}],"wp:term":[{"taxonomy":"category","embeddable":true,"href":"https:\/\/emlekpont.hu\/index.php?rest_route=%2Fwp%2Fv2%2Fcategories&post=6953"},{"taxonomy":"post_tag","embeddable":true,"href":"https:\/\/emlekpont.hu\/index.php?rest_route=%2Fwp%2Fv2%2Ftags&post=6953"}],"curies":[{"name":"wp","href":"https:\/\/api.w.org\/{rel}","templated":true}]}}