{"id":6943,"date":"2020-06-16T07:16:22","date_gmt":"2020-06-16T07:16:22","guid":{"rendered":"http:\/\/emlekpont.hu\/?p=6943"},"modified":"2020-06-16T07:16:24","modified_gmt":"2020-06-16T07:16:24","slug":"berlinben-megjelent-hianypotlo-kiadvanyban-publikalt-miklos-peter","status":"publish","type":"post","link":"https:\/\/emlekpont.hu\/?p=6943","title":{"rendered":"Berlinben megjelent hi\u00e1nyp\u00f3tl\u00f3 kiadv\u00e1nyban publik\u00e1lt Mikl\u00f3s P\u00e9ter"},"content":{"rendered":"\n<p><strong>A berlini Duncker &amp; Humblot Kiad\u00f3 gondoz\u00e1s\u00e1ban jelent meg az a rangos nemzetk\u00f6zi tudom\u00e1nyos munka, amely a Habsburg Birodalom p\u00fcsp\u00f6kei \u00e9letrajzi lexikonsorozat\u00e1nak els\u0151 k\u00f6tete. A k\u00f6nyv szerz\u0151i k\u00f6z\u00f6tt van Mikl\u00f3s P\u00e9ter h\u00f3dmez\u0151v\u00e1s\u00e1rhelyi m\u00fazeumigazgat\u00f3 is.<\/strong><\/p>\n\n\n\n<figure class=\"wp-block-image size-large\"><img fetchpriority=\"high\" decoding=\"async\" width=\"1024\" height=\"683\" src=\"http:\/\/emlekpont.hu\/wp-content\/uploads\/2020\/06\/2020_0616_Nem_00.jpg\" alt=\"\" class=\"wp-image-6946\" srcset=\"https:\/\/emlekpont.hu\/wp-content\/uploads\/2020\/06\/2020_0616_Nem_00.jpg 1024w, https:\/\/emlekpont.hu\/wp-content\/uploads\/2020\/06\/2020_0616_Nem_00-300x200.jpg 300w, https:\/\/emlekpont.hu\/wp-content\/uploads\/2020\/06\/2020_0616_Nem_00-768x512.jpg 768w, https:\/\/emlekpont.hu\/wp-content\/uploads\/2020\/06\/2020_0616_Nem_00-830x554.jpg 830w, https:\/\/emlekpont.hu\/wp-content\/uploads\/2020\/06\/2020_0616_Nem_00-230x153.jpg 230w, https:\/\/emlekpont.hu\/wp-content\/uploads\/2020\/06\/2020_0616_Nem_00-350x233.jpg 350w, https:\/\/emlekpont.hu\/wp-content\/uploads\/2020\/06\/2020_0616_Nem_00-480x320.jpg 480w\" sizes=\"(max-width: 1024px) 100vw, 1024px\" \/><\/figure>\n\n\n\n<p>Sz\u00e9lesk\u00f6r\u0171 nemzetk\u00f6zi kooper\u00e1ci\u00f3ban folytatott egyh\u00e1zt\u00f6rt\u00e9neti kutat\u00e1ssorozat eredm\u00e9nyei jelentek meg az idei \u00e9v p\u00fcnk\u00f6sdj\u00e9re az 1798-ban alap\u00edtott berlini Duncker &amp; Humblot Kiad\u00f3 gondoz\u00e1s\u00e1ban. A t\u00f6bb mint h\u00e9tsz\u00e1z oldalnyi n\u00e9met nyelv\u0171 kiadv\u00e1ny (Die Bisch\u00f6fe der Donuaumonarchie 1804 bis 1918. Ein amtsbiographisches Lexikon. Hg. von Rupert Klieber. Band I. Die r\u00f6m. kath. Kirchenprovinczen Gran, Kalocsa, Erlau im K\u00f6nigreich Ungarn, unter Mitarbeit von P\u00e9ter Tusor. Duncker &amp; Humblot, Berlin 2020.) c\u00e9lja a Habsburg-monarchia megy\u00e9sp\u00fcsp\u00f6keinek lev\u00e9lt\u00e1ri dokument\u00e1ci\u00f3ra \u00e9p\u00fcl\u0151 \u00e9letrajzainak publik\u00e1l\u00e1sa.<\/p>\n\n\n\n<figure class=\"wp-block-image size-large\"><img decoding=\"async\" width=\"1024\" height=\"683\" src=\"http:\/\/emlekpont.hu\/wp-content\/uploads\/2020\/06\/2020_0616_Nem_02.jpg\" alt=\"\" class=\"wp-image-6948\" srcset=\"https:\/\/emlekpont.hu\/wp-content\/uploads\/2020\/06\/2020_0616_Nem_02.jpg 1024w, https:\/\/emlekpont.hu\/wp-content\/uploads\/2020\/06\/2020_0616_Nem_02-300x200.jpg 300w, https:\/\/emlekpont.hu\/wp-content\/uploads\/2020\/06\/2020_0616_Nem_02-768x512.jpg 768w, https:\/\/emlekpont.hu\/wp-content\/uploads\/2020\/06\/2020_0616_Nem_02-830x554.jpg 830w, https:\/\/emlekpont.hu\/wp-content\/uploads\/2020\/06\/2020_0616_Nem_02-230x153.jpg 230w, https:\/\/emlekpont.hu\/wp-content\/uploads\/2020\/06\/2020_0616_Nem_02-350x233.jpg 350w, https:\/\/emlekpont.hu\/wp-content\/uploads\/2020\/06\/2020_0616_Nem_02-480x320.jpg 480w\" sizes=\"(max-width: 1024px) 100vw, 1024px\" \/><\/figure>\n\n\n\n<p>A Rupert Klieber professzor, a b\u00e9csi egyetem katolikus teol\u00f3giai kara egyh\u00e1zt\u00f6rt\u00e9neti int\u00e9zet\u00e9nek munkat\u00e1rsa \u00e1ltal szerkesztett p\u00fcsp\u00f6klexikon magyarorsz\u00e1gi koordin\u00e1tora Tusor P\u00e9ter t\u00f6rt\u00e9n\u00e9szprofesszor, a P\u00e1zm\u00e1ny P\u00e9ter Katolikus Egyetem tan\u00e1ra volt. A reprezentat\u00edv ki\u00e1ll\u00edt\u00e1s\u00fa k\u00f6nyv \u2013 amely a leg\u00fajabb kutat\u00e1si eredm\u00e9nyeket \u00f6sszegz\u0151 modern egyh\u00e1zt\u00f6rt\u00e9neti \u00e9letrajzgy\u0171jtem\u00e9ny \u2013 osztr\u00e1k, n\u00e9met, magyar, olasz, valamint szlov\u00e1kiai \u00e9s rom\u00e1niai szakemberek k\u00f6zrem\u0171k\u00f6d\u00e9s\u00e9vel k\u00e9sz\u00fclt. A k\u00f6tet szerz\u0151i k\u00f6z\u00f6tt van Mikl\u00f3s P\u00e9ter, a h\u00f3dmez\u0151v\u00e1s\u00e1rhelyi Tornyai J\u00e1nos M\u00fazeum igazgat\u00f3ja, a szegedi egyetem pedag\u00f3gusk\u00e9pz\u0151 kar\u00e1nak docense is, aki h\u00e1rom csan\u00e1di p\u00fcsp\u00f6k (K\u0151szeghy L\u00e1szl\u00f3, Bonnaz S\u00e1ndor \u00e9s Dessewffy S\u00e1ndor) \u00e9letp\u00e1ly\u00e1j\u00e1t foglalta \u00f6ssze.<\/p>\n\n\n\n<style type=\"text\/css\">\r\n\t#foogallery-gallery-6945 .fg-image {\r\n        width: 150px;\r\n    }\r\n<\/style>\r\n\t\t\t\t<div class=\"foogallery foogallery-container foogallery-default foogallery-lightbox-foobox fg-gutter-10 fg-center fg-default fg-light fg-border-thin fg-shadow-outline fg-loading-default fg-loaded-fade-in fg-caption-hover fg-hover-fade fg-hover-zoom fg-ready\" id=\"foogallery-gallery-6945\" data-foogallery=\"{&quot;item&quot;:{&quot;showCaptionTitle&quot;:true,&quot;showCaptionDescription&quot;:true},&quot;lazy&quot;:true}\" >\r\n\t<div class=\"fg-item fg-type-image fg-idle\"><figure class=\"fg-item-inner\"><a href=\"https:\/\/emlekpont.hu\/wp-content\/uploads\/2020\/06\/2020_0616_Nem_00.jpg\" data-attachment-id=\"6946\" data-type=\"image\" class=\"fg-thumb\"><span class=\"fg-image-wrap\"><img decoding=\"async\" width=\"150\" height=\"150\" class=\"skip-lazy fg-image\" data-src-fg=\"https:\/\/emlekpont.hu\/wp-content\/uploads\/cache\/2020\/06\/2020_0616_Nem_00\/664495894.jpg\" src=\"data:image\/svg+xml,%3Csvg%20xmlns%3D%22http%3A%2F%2Fwww.w3.org%2F2000%2Fsvg%22%20width%3D%22150%22%20height%3D%22150%22%20viewBox%3D%220%200%20150%20150%22%3E%3C%2Fsvg%3E\" loading=\"eager\"><\/span><span class=\"fg-image-overlay\"><\/span><\/a><figcaption class=\"fg-caption\"><div class=\"fg-caption-inner\"><\/div><\/figcaption><\/figure><div class=\"fg-loader\"><\/div><\/div><div class=\"fg-item fg-type-image fg-idle\"><figure class=\"fg-item-inner\"><a href=\"https:\/\/emlekpont.hu\/wp-content\/uploads\/2020\/06\/2020_0616_Nem_01.jpg\" data-attachment-id=\"6947\" data-type=\"image\" class=\"fg-thumb\"><span class=\"fg-image-wrap\"><img decoding=\"async\" width=\"150\" height=\"150\" class=\"skip-lazy fg-image\" data-src-fg=\"https:\/\/emlekpont.hu\/wp-content\/uploads\/cache\/2020\/06\/2020_0616_Nem_01\/4116586870.jpg\" src=\"data:image\/svg+xml,%3Csvg%20xmlns%3D%22http%3A%2F%2Fwww.w3.org%2F2000%2Fsvg%22%20width%3D%22150%22%20height%3D%22150%22%20viewBox%3D%220%200%20150%20150%22%3E%3C%2Fsvg%3E\" loading=\"eager\"><\/span><span class=\"fg-image-overlay\"><\/span><\/a><figcaption class=\"fg-caption\"><div class=\"fg-caption-inner\"><\/div><\/figcaption><\/figure><div class=\"fg-loader\"><\/div><\/div><div class=\"fg-item fg-type-image fg-idle\"><figure class=\"fg-item-inner\"><a href=\"https:\/\/emlekpont.hu\/wp-content\/uploads\/2020\/06\/2020_0616_Nem_02.jpg\" data-attachment-id=\"6948\" data-type=\"image\" class=\"fg-thumb\"><span class=\"fg-image-wrap\"><img decoding=\"async\" width=\"150\" height=\"150\" class=\"skip-lazy fg-image\" data-src-fg=\"https:\/\/emlekpont.hu\/wp-content\/uploads\/cache\/2020\/06\/2020_0616_Nem_02\/3550986655.jpg\" src=\"data:image\/svg+xml,%3Csvg%20xmlns%3D%22http%3A%2F%2Fwww.w3.org%2F2000%2Fsvg%22%20width%3D%22150%22%20height%3D%22150%22%20viewBox%3D%220%200%20150%20150%22%3E%3C%2Fsvg%3E\" loading=\"eager\"><\/span><span class=\"fg-image-overlay\"><\/span><\/a><figcaption class=\"fg-caption\"><div class=\"fg-caption-inner\"><\/div><\/figcaption><\/figure><div class=\"fg-loader\"><\/div><\/div><div class=\"fg-item fg-type-image fg-idle\"><figure class=\"fg-item-inner\"><a href=\"https:\/\/emlekpont.hu\/wp-content\/uploads\/2020\/06\/2020_0616_Nem_03.jpg\" data-attachment-id=\"6949\" data-type=\"image\" class=\"fg-thumb\"><span class=\"fg-image-wrap\"><img decoding=\"async\" width=\"150\" height=\"150\" class=\"skip-lazy fg-image\" data-src-fg=\"https:\/\/emlekpont.hu\/wp-content\/uploads\/cache\/2020\/06\/2020_0616_Nem_03\/23234559.jpg\" src=\"data:image\/svg+xml,%3Csvg%20xmlns%3D%22http%3A%2F%2Fwww.w3.org%2F2000%2Fsvg%22%20width%3D%22150%22%20height%3D%22150%22%20viewBox%3D%220%200%20150%20150%22%3E%3C%2Fsvg%3E\" loading=\"eager\"><\/span><span class=\"fg-image-overlay\"><\/span><\/a><figcaption class=\"fg-caption\"><div class=\"fg-caption-inner\"><\/div><\/figcaption><\/figure><div class=\"fg-loader\"><\/div><\/div><div class=\"fg-item fg-type-image fg-idle\"><figure class=\"fg-item-inner\"><a href=\"https:\/\/emlekpont.hu\/wp-content\/uploads\/2020\/06\/2020_0616_Nem_04.jpg\" data-attachment-id=\"6950\" data-type=\"image\" class=\"fg-thumb\"><span class=\"fg-image-wrap\"><img decoding=\"async\" width=\"150\" height=\"150\" class=\"skip-lazy fg-image\" data-src-fg=\"https:\/\/emlekpont.hu\/wp-content\/uploads\/cache\/2020\/06\/2020_0616_Nem_04\/3165212597.jpg\" src=\"data:image\/svg+xml,%3Csvg%20xmlns%3D%22http%3A%2F%2Fwww.w3.org%2F2000%2Fsvg%22%20width%3D%22150%22%20height%3D%22150%22%20viewBox%3D%220%200%20150%20150%22%3E%3C%2Fsvg%3E\" loading=\"eager\"><\/span><span class=\"fg-image-overlay\"><\/span><\/a><figcaption class=\"fg-caption\"><div class=\"fg-caption-inner\"><\/div><\/figcaption><\/figure><div class=\"fg-loader\"><\/div><\/div><div class=\"fg-item fg-type-image fg-idle\"><figure class=\"fg-item-inner\"><a href=\"https:\/\/emlekpont.hu\/wp-content\/uploads\/2020\/06\/2020_0616_Nem_05.jpg\" data-attachment-id=\"6951\" data-type=\"image\" class=\"fg-thumb\"><span class=\"fg-image-wrap\"><img decoding=\"async\" width=\"150\" height=\"150\" class=\"skip-lazy fg-image\" data-src-fg=\"https:\/\/emlekpont.hu\/wp-content\/uploads\/cache\/2020\/06\/2020_0616_Nem_05\/1852574165.jpg\" src=\"data:image\/svg+xml,%3Csvg%20xmlns%3D%22http%3A%2F%2Fwww.w3.org%2F2000%2Fsvg%22%20width%3D%22150%22%20height%3D%22150%22%20viewBox%3D%220%200%20150%20150%22%3E%3C%2Fsvg%3E\" loading=\"eager\"><\/span><span class=\"fg-image-overlay\"><\/span><\/a><figcaption class=\"fg-caption\"><div class=\"fg-caption-inner\"><\/div><\/figcaption><\/figure><div class=\"fg-loader\"><\/div><\/div><\/div>\r\n\n","protected":false},"excerpt":{"rendered":"<p>A berlini Duncker &amp; Humblot Kiad\u00f3 gondoz\u00e1s\u00e1ban jelent meg az a rangos nemzetk\u00f6zi tudom\u00e1nyos munka, amely a Habsburg Birodalom p\u00fcsp\u00f6kei \u00e9letrajzi lexikonsorozat\u00e1nak els\u0151 k\u00f6tete. A k\u00f6nyv szerz\u0151i k\u00f6z\u00f6tt van Mikl\u00f3s P\u00e9ter h\u00f3dmez\u0151v\u00e1s\u00e1rhelyi m\u00fazeumigazgat\u00f3 is. Sz\u00e9lesk\u00f6r\u0171 nemzetk\u00f6zi kooper\u00e1ci\u00f3ban folytatott egyh\u00e1zt\u00f6rt\u00e9neti kutat\u00e1ssorozat eredm\u00e9nyei jelentek meg az idei \u00e9v p\u00fcnk\u00f6sdj\u00e9re az 1798-ban alap\u00edtott berlini Duncker &amp; Humblot Kiad\u00f3 [&hellip;]<\/p>\n","protected":false},"author":5,"featured_media":6948,"comment_status":"closed","ping_status":"closed","sticky":false,"template":"","format":"standard","meta":{"footnotes":""},"categories":[8],"tags":[],"_links":{"self":[{"href":"https:\/\/emlekpont.hu\/index.php?rest_route=\/wp\/v2\/posts\/6943"}],"collection":[{"href":"https:\/\/emlekpont.hu\/index.php?rest_route=\/wp\/v2\/posts"}],"about":[{"href":"https:\/\/emlekpont.hu\/index.php?rest_route=\/wp\/v2\/types\/post"}],"author":[{"embeddable":true,"href":"https:\/\/emlekpont.hu\/index.php?rest_route=\/wp\/v2\/users\/5"}],"replies":[{"embeddable":true,"href":"https:\/\/emlekpont.hu\/index.php?rest_route=%2Fwp%2Fv2%2Fcomments&post=6943"}],"version-history":[{"count":1,"href":"https:\/\/emlekpont.hu\/index.php?rest_route=\/wp\/v2\/posts\/6943\/revisions"}],"predecessor-version":[{"id":6952,"href":"https:\/\/emlekpont.hu\/index.php?rest_route=\/wp\/v2\/posts\/6943\/revisions\/6952"}],"wp:featuredmedia":[{"embeddable":true,"href":"https:\/\/emlekpont.hu\/index.php?rest_route=\/wp\/v2\/media\/6948"}],"wp:attachment":[{"href":"https:\/\/emlekpont.hu\/index.php?rest_route=%2Fwp%2Fv2%2Fmedia&parent=6943"}],"wp:term":[{"taxonomy":"category","embeddable":true,"href":"https:\/\/emlekpont.hu\/index.php?rest_route=%2Fwp%2Fv2%2Fcategories&post=6943"},{"taxonomy":"post_tag","embeddable":true,"href":"https:\/\/emlekpont.hu\/index.php?rest_route=%2Fwp%2Fv2%2Ftags&post=6943"}],"curies":[{"name":"wp","href":"https:\/\/api.w.org\/{rel}","templated":true}]}}