{"id":6935,"date":"2020-06-15T06:00:51","date_gmt":"2020-06-15T06:00:51","guid":{"rendered":"http:\/\/emlekpont.hu\/?p=6935"},"modified":"2020-06-15T07:02:05","modified_gmt":"2020-06-15T07:02:05","slug":"szocialistak-a-kommunista-diktatura-ellen","status":"publish","type":"post","link":"https:\/\/emlekpont.hu\/?p=6935","title":{"rendered":"Szocialist\u00e1k a kommunista diktat\u00fara ellen"},"content":{"rendered":"\n<p>Dr. Mikl\u00f3s P\u00e9ter t\u00f6rt\u00e9n\u00e9sz, m\u00fazeumigazgat\u00f3 el\u0151ad\u00e1s\u00e1b\u00f3l kider\u00fcl, hogy a h\u00f3dmez\u0151v\u00e1s\u00e1rhelyi szoci\u00e1ldemokrata parlamenti k\u00e9pvisel\u0151, Erdei Istv\u00e1n \u00e9pp\u00fagy b\u00edr\u00e1lta a k\u00e1d\u00e1ri \u00e1llamszocialista rendszert, mint a kommunista Nagy Imre.<br>Tornyai-t\u00e9ka, 30. r\u00e9sz<\/p>\n\n\n\n<figure class=\"wp-block-embed-youtube wp-block-embed is-type-video is-provider-youtube wp-embed-aspect-16-9 wp-has-aspect-ratio\"><div class=\"wp-block-embed__wrapper\">\n<iframe title=\"Szocialist\u00e1k a kommunista diktat\u00fara ellen\" width=\"1170\" height=\"658\" src=\"https:\/\/www.youtube.com\/embed\/lNqVlW2ubTQ?feature=oembed\" frameborder=\"0\" allow=\"accelerometer; autoplay; encrypted-media; gyroscope; picture-in-picture\" allowfullscreen><\/iframe>\n<\/div><\/figure>\n","protected":false},"excerpt":{"rendered":"<p>Dr. Mikl\u00f3s P\u00e9ter t\u00f6rt\u00e9n\u00e9sz, m\u00fazeumigazgat\u00f3 el\u0151ad\u00e1s\u00e1b\u00f3l kider\u00fcl, hogy a h\u00f3dmez\u0151v\u00e1s\u00e1rhelyi szoci\u00e1ldemokrata parlamenti k\u00e9pvisel\u0151, Erdei Istv\u00e1n \u00e9pp\u00fagy b\u00edr\u00e1lta a k\u00e1d\u00e1ri \u00e1llamszocialista rendszert, mint a kommunista Nagy Imre.Tornyai-t\u00e9ka, 30. r\u00e9sz<\/p>\n","protected":false},"author":5,"featured_media":6938,"comment_status":"closed","ping_status":"closed","sticky":false,"template":"","format":"standard","meta":{"footnotes":""},"categories":[8],"tags":[],"_links":{"self":[{"href":"https:\/\/emlekpont.hu\/index.php?rest_route=\/wp\/v2\/posts\/6935"}],"collection":[{"href":"https:\/\/emlekpont.hu\/index.php?rest_route=\/wp\/v2\/posts"}],"about":[{"href":"https:\/\/emlekpont.hu\/index.php?rest_route=\/wp\/v2\/types\/post"}],"author":[{"embeddable":true,"href":"https:\/\/emlekpont.hu\/index.php?rest_route=\/wp\/v2\/users\/5"}],"replies":[{"embeddable":true,"href":"https:\/\/emlekpont.hu\/index.php?rest_route=%2Fwp%2Fv2%2Fcomments&post=6935"}],"version-history":[{"count":1,"href":"https:\/\/emlekpont.hu\/index.php?rest_route=\/wp\/v2\/posts\/6935\/revisions"}],"predecessor-version":[{"id":6937,"href":"https:\/\/emlekpont.hu\/index.php?rest_route=\/wp\/v2\/posts\/6935\/revisions\/6937"}],"wp:featuredmedia":[{"embeddable":true,"href":"https:\/\/emlekpont.hu\/index.php?rest_route=\/wp\/v2\/media\/6938"}],"wp:attachment":[{"href":"https:\/\/emlekpont.hu\/index.php?rest_route=%2Fwp%2Fv2%2Fmedia&parent=6935"}],"wp:term":[{"taxonomy":"category","embeddable":true,"href":"https:\/\/emlekpont.hu\/index.php?rest_route=%2Fwp%2Fv2%2Fcategories&post=6935"},{"taxonomy":"post_tag","embeddable":true,"href":"https:\/\/emlekpont.hu\/index.php?rest_route=%2Fwp%2Fv2%2Ftags&post=6935"}],"curies":[{"name":"wp","href":"https:\/\/api.w.org\/{rel}","templated":true}]}}