{"id":6670,"date":"2013-06-09T11:03:22","date_gmt":"2013-06-09T11:03:22","guid":{"rendered":"http:\/\/emlekpont.hu\/?p=6670"},"modified":"2020-06-09T11:03:38","modified_gmt":"2020-06-09T11:03:38","slug":"a-keresztes-lovagok-az-emlekpontban","status":"publish","type":"post","link":"https:\/\/emlekpont.hu\/?p=6670","title":{"rendered":"A keresztes lovagok az Eml\u00e9kpontban"},"content":{"rendered":"<p>A keresztes lovagok az Eml\u00e9kpontban  Folytat\u00f3dott az Eml\u00e9kpont t\u00f6rt\u00e9nelemi szabadegyeteme, melynek keret\u00e9ben Hunyadi Zsolt arra h\u00edvta fel az \u00e9rdekl\u00f5d\u00f5k figyelm\u00e9t, hogy az ut\u00f3bbi h\u00e1rom \u00e9vtizedben forradalmi v\u00e1ltoz\u00e1s ment v\u00e9gbe a keresztes hadj\u00e1ratok \u00e9rtelmez\u00e9s\u00e9ben.  A keresztes lovagok kor\u00e1ba kalauzolta el az \u00e9rdekl\u00f5d\u00f5ket Hunyadi Zsolt az Eml\u00e9kpontban. A t\u00f6rt\u00e9n\u00e9sz ugyanis a keresztes hadj\u00e1ratokr\u00f3l \u00e9s Magyarorsz\u00e1g abban v\u00e1llalt szerep\u00e9r\u00f5l tartott el\u00f5ad\u00e1st.  &#8211; R\u00e9gebben csak azokat a hadj\u00e1ratokat tekintett\u00e9k keresztes hadj\u00e1ratnak, melyek a Szentf\u00f6ldre vezettek. A nyolcvanas \u00e9vekt\u00f5l azonban, amikor megjelentek az \u00fagynevezett pluralist\u00e1k, t\u00e9rben \u00e9s id\u00f5ben is kit\u00e1gult ez a t\u00e9ma. A defin\u00edci\u00f3nak csak k\u00e9t eleme maradt meg: egyr\u00e9szt a p\u00e1pa h\u00edv\u00e1s\u00e1ra t\u00f6rt\u00e9ntek, m\u00e1sr\u00e9szt speci\u00e1lis b\u00fbnbocs\u00e1nat \u00edg\u00e9rte mellett m\u00fbk\u00f6dtek ezek a hadj\u00e1ratok. Innent\u00f5l kezdve nemcsak a Szentf\u00f6ldre ir\u00e1nyul\u00f3, hanem p\u00e9ld\u00e1ul az \u00e9szaki szl\u00e1vok elleni hadj\u00e1ratokat, de m\u00e9g a politikai keresztes hadj\u00e1ratokat is ide sorolt\u00e1k- mondta Hunyadi Zsolt, a SZTE-BTK T\u00f6rt\u00e9neti Int\u00e9zet\u00e9nek adjunktusa. Az \u00faj n\u00e9z\u00f5pont Magyarorsz\u00e1g vonatkoz\u00e1s\u00e1ban is jelent\u00f5s v\u00e1ltoz\u00e1sokat hozott, hiszen \u00edgy hadj\u00e1ratainak sora is kib\u00f5v\u00fclt. M\u00edg kor\u00e1bban nyolc hadj\u00e1ratr\u00f3l besz\u00e9ltek, addig ez a sz\u00e1m a korai id\u00f5szakban, vagyis az \u00c1rp\u00e1d-kor v\u00e9g\u00e9ig h\u00fasz f\u00f6l\u00e9 emelkedett. Az el\u00f5ad\u00f3 c\u00e9lja az volt, hogy ezen a ter\u00fcleten is szembe\u00e1ll\u00edtsa a kor\u00e1bbi kutat\u00e1sok eredm\u00e9ny\u00e9t a leg\u00fajabb felfedez\u00e9sekkel.- Ma m\u00e1r f\u00f5leg az Andr\u00e1s-f\u00e9le keresztes hadj\u00e1ratot eg\u00e9szen m\u00e1sk\u00e9nt \u00edt\u00e9lj\u00fck meg. A 80-as \u00e9vekig hol szarkasztikus, hol ironikus felhangokkal k\u00eds\u00e9rte ezt a t\u00f6rt\u00e9net\u00edr\u00e1s. Volt, aki mindezt szentf\u00f6ldi turizmusnak tekintette, de olyan is akadt, aki \u00fagy \u00edt\u00e9lte meg, hogy ezzel be\u00e1lltunk a nagy nemzetek sor\u00e1ba \u00e9s mi is eljutottunk a Szentf\u00f6ldre. De a mai t\u00f6rt\u00e9net\u00edr\u00e1s vil\u00e1gosan l\u00e1tja \u00e9s hangs\u00falyozza, hogy fontos szerepe volt, nemcsak az \u00f6t\u00f6dik hadj\u00e1rat sor\u00e1n, hanem \u00e1ltal\u00e1ban a keresztes eszme kelet-eur\u00f3pai elterjed\u00e9s\u00e9ben, illetve a magyar kir\u00e1lys\u00e1g t\u00e9rk\u00e9pre vitel\u00e9ben is. Onnant\u00f3l kezdve a nagy nemzetek is pontosan tudt\u00e1k, hogy ez az orsz\u00e1g is kiveszi ebb\u00f5l a r\u00e9sz\u00e9t &#8211; tette hozz\u00e1 Hunyadi Zsolt.A szakember ugyanakkor arr\u00f3l is besz\u00e9lt, hogy a keresztes hadj\u00e1ratok elej\u00e9n a kereszt\u00e9nys\u00e9g nem gy\u00f6kerezett meg annyira haz\u00e1nkban, mint azt sokan hitt\u00e9k \u00e9s emiatt az \u00e1tvonul\u00f3 hadak f\u00e9ltek. Ez\u00e9rt a magyarorsz\u00e1gi szakaszt legal\u00e1bb akkora vesz\u00e9ly k\u00eds\u00e9rte, mint a Balk\u00e1non val\u00f3 \u00e1tkel\u00e9st. M\u00edg az els\u00f5 k\u00e9t hadj\u00e1rat idej\u00e9n Magyarorsz\u00e1gnak csup\u00e1n passz\u00edv szerep jutott, addig a harmadikt\u00f3l komolyan bekapcsol\u00f3dott menet\u00e9be. III. B\u00e9la letette a keresztes esk\u00fct, melynek teljes\u00edt\u00e9s\u00e9t hal\u00e1la megakad\u00e1lyozta, de onnant\u00f3l terjedt el az a p\u00e1pai int\u00e9zked\u00e9s, hogy ilyenkor az esk\u00fc \u00e1tsz\u00e1ll az ut\u00f3dokra, akiknek azt be kell teljes\u00edteni\u00fck.  Forr\u00e1s: V\u00e1s\u00e1rhelyi Telev\u00edzi\u00f3<\/p>\n","protected":false},"excerpt":{"rendered":"<p>A keresztes lovagok az Eml\u00e9kpontban Folytat\u00f3dott az Eml\u00e9kpont t\u00f6rt\u00e9nelemi szabadegyeteme, melynek keret\u00e9ben Hunyadi Zsolt arra h\u00edvta fel az \u00e9rdekl\u00f5d\u00f5k figyelm\u00e9t, hogy az ut\u00f3bbi h\u00e1rom \u00e9vtizedben forradalmi v\u00e1ltoz\u00e1s ment v\u00e9gbe a keresztes hadj\u00e1ratok \u00e9rtelmez\u00e9s\u00e9ben. A keresztes lovagok kor\u00e1ba kalauzolta el az \u00e9rdekl\u00f5d\u00f5ket Hunyadi Zsolt az Eml\u00e9kpontban. A t\u00f6rt\u00e9n\u00e9sz ugyanis a keresztes hadj\u00e1ratokr\u00f3l \u00e9s Magyarorsz\u00e1g abban v\u00e1llalt [&hellip;]<\/p>\n","protected":false},"author":5,"featured_media":0,"comment_status":"closed","ping_status":"closed","sticky":false,"template":"","format":"standard","meta":{"footnotes":""},"categories":[12,8,18],"tags":[],"_links":{"self":[{"href":"https:\/\/emlekpont.hu\/index.php?rest_route=\/wp\/v2\/posts\/6670"}],"collection":[{"href":"https:\/\/emlekpont.hu\/index.php?rest_route=\/wp\/v2\/posts"}],"about":[{"href":"https:\/\/emlekpont.hu\/index.php?rest_route=\/wp\/v2\/types\/post"}],"author":[{"embeddable":true,"href":"https:\/\/emlekpont.hu\/index.php?rest_route=\/wp\/v2\/users\/5"}],"replies":[{"embeddable":true,"href":"https:\/\/emlekpont.hu\/index.php?rest_route=%2Fwp%2Fv2%2Fcomments&post=6670"}],"version-history":[{"count":1,"href":"https:\/\/emlekpont.hu\/index.php?rest_route=\/wp\/v2\/posts\/6670\/revisions"}],"predecessor-version":[{"id":6686,"href":"https:\/\/emlekpont.hu\/index.php?rest_route=\/wp\/v2\/posts\/6670\/revisions\/6686"}],"wp:attachment":[{"href":"https:\/\/emlekpont.hu\/index.php?rest_route=%2Fwp%2Fv2%2Fmedia&parent=6670"}],"wp:term":[{"taxonomy":"category","embeddable":true,"href":"https:\/\/emlekpont.hu\/index.php?rest_route=%2Fwp%2Fv2%2Fcategories&post=6670"},{"taxonomy":"post_tag","embeddable":true,"href":"https:\/\/emlekpont.hu\/index.php?rest_route=%2Fwp%2Fv2%2Ftags&post=6670"}],"curies":[{"name":"wp","href":"https:\/\/api.w.org\/{rel}","templated":true}]}}