{"id":6668,"date":"2013-02-21T00:00:00","date_gmt":"2013-02-21T00:00:00","guid":{"rendered":"http:\/\/emlekpont.hu\/?p=6668"},"modified":"2013-02-21T00:00:00","modified_gmt":"2013-02-21T00:00:00","slug":"az-emlekpontba-koltozott-a-tourinform-iroda","status":"publish","type":"post","link":"https:\/\/emlekpont.hu\/?p=6668","title":{"rendered":"Az Eml\u00e9kpontba k\u00f6lt\u00f6z\u00f6tt a Tourinform iroda"},"content":{"rendered":"<p>Az Eml\u00e9kpontba k\u00f6lt\u00f6z\u00f6tt a Tourinform iroda  \u00daj helyre k\u00f6lt\u00f6z\u00f6tt a v\u00e1s\u00e1rhelyi Tourinform-iroda: mostant\u00f3l a Best Western Hotel Ginkgo Sas helyett az Eml\u00e9kpont k\u00f6nyvesboltj\u00e1ban tal\u00e1lj\u00e1k az \u00e9rdekl\u00f5d\u00f5k a turisztikai inform\u00e1ci\u00f3s k\u00f6zpontot.  Tourinform Iroda 1998 \u00f3ta m\u00fbk\u00f6dik H\u00f3dmez\u00f5v\u00e1s\u00e1rhelyen. Az \u00e9vek alatt negyedik alkalommal k\u00f6lt\u00f6z\u00f6tt a l\u00e9tes\u00edtm\u00e9ny. Most m\u00e1r az Eml\u00e9kpont volt k\u00f6nyvesboltj\u00e1ba v\u00e1rj\u00e1k \u00fcgyfeleiket, ahol a h\u00e9t minden napj\u00e1n nyitva tartanak.  &#8211; Az iroda alapvet\u00f5 szolg\u00e1ltat\u00e1sa inform\u00e1ci\u00f3k terjeszt\u00e9se Magyarorsz\u00e1g turisztikai k\u00edn\u00e1lat\u00e1r\u00f3l, valamint H\u00f3dmez\u00f5v\u00e1s\u00e1rhely \u00e9s t\u00e9rs\u00e9g\u00e9vel kapcsolatos inform\u00e1ci\u00f3k szolg\u00e1ltat\u00e1sa. Mindemellett buszb\u00e9rleteket is \u00e1rus\u00edtunk, valamint helyi fizet\u00f5vend\u00e9gl\u00e1t\u00e1st is k\u00f6zvet\u00edt\u00fcnk, \u00f6nkorm\u00e1nyzati kiad\u00e1s\u00fa k\u00f6nyveket, h\u00fbt\u00f5 m\u00e1gnest \u00e9s k\u00e9peslapokat \u00e9rt\u00e9kes\u00edt\u00fcnk, mindent, ami egy turist\u00e1nak \u00e9rdekes lehet &#8211; mondta T\u00fclk\u00f6s Ildik\u00f3, a helyi Tourinform iroda vezet\u00f5je. Az alapvet\u00f5 szolg\u00e1ltat\u00e1sokon fel\u00fcl mostant\u00f3l a L\u00edra k\u00f6nyvesbolt k\u00f6nyveit is \u00e1rus\u00edtj\u00e1k, t\u00f6bbek k\u00f6z\u00f6tt t\u00f6rt\u00e9nelmi, sz\u00e9pirodalmi \u00e9s gyermekkiadv\u00e1nyok\u00e9rt is \u00e9rdemes lesz felkeresni az \u00faj helyen ny\u00edlt inform\u00e1ci\u00f3s irod\u00e1t. &#8211; A hely nagyobb, ami j\u00f3l l\u00e1that\u00f3 \u00e9s m\u00e1r k\u00e9t f\u00f5vel m\u00fbk\u00f6dik a Tourinform Iroda. A ny\u00e1ri id\u00f5szakban vagyis a f\u00f5szezonban tervezz\u00fck a h\u00e9tv\u00e9gi nyitva tart\u00e1s is, igazodva a turist\u00e1k l\u00e1togat\u00e1saihoz &#8211; mondta T\u00fclk\u00f6s Ildik\u00f3.A k\u00f6zelj\u00f6v\u00f5ben szolg\u00e1ltat\u00e1sb\u00f5v\u00edt\u00e9s is v\u00e1rhat\u00f3 az \u00faj helyen. T\u00f6bbek k\u00f6z\u00f6tt koncertjegyek \u00e1rus\u00edt\u00e1sa is a tervek k\u00f6z\u00f6tt szerepel.  Forr\u00e1s: V\u00e1s\u00e1rhelyi Telev\u00edzi\u00f3<\/p>\n","protected":false},"excerpt":{"rendered":"<p>Az Eml\u00e9kpontba k\u00f6lt\u00f6z\u00f6tt a Tourinform iroda \u00daj helyre k\u00f6lt\u00f6z\u00f6tt a v\u00e1s\u00e1rhelyi Tourinform-iroda: mostant\u00f3l a Best Western Hotel Ginkgo Sas helyett az Eml\u00e9kpont k\u00f6nyvesboltj\u00e1ban tal\u00e1lj\u00e1k az \u00e9rdekl\u00f5d\u00f5k a turisztikai inform\u00e1ci\u00f3s k\u00f6zpontot. Tourinform Iroda 1998 \u00f3ta m\u00fbk\u00f6dik H\u00f3dmez\u00f5v\u00e1s\u00e1rhelyen. Az \u00e9vek alatt negyedik alkalommal k\u00f6lt\u00f6z\u00f6tt a l\u00e9tes\u00edtm\u00e9ny. Most m\u00e1r az Eml\u00e9kpont volt k\u00f6nyvesboltj\u00e1ba v\u00e1rj\u00e1k \u00fcgyfeleiket, ahol a h\u00e9t [&hellip;]<\/p>\n","protected":false},"author":5,"featured_media":0,"comment_status":"open","ping_status":"open","sticky":false,"template":"","format":"standard","meta":{"footnotes":""},"categories":[12,8,18],"tags":[],"_links":{"self":[{"href":"https:\/\/emlekpont.hu\/index.php?rest_route=\/wp\/v2\/posts\/6668"}],"collection":[{"href":"https:\/\/emlekpont.hu\/index.php?rest_route=\/wp\/v2\/posts"}],"about":[{"href":"https:\/\/emlekpont.hu\/index.php?rest_route=\/wp\/v2\/types\/post"}],"author":[{"embeddable":true,"href":"https:\/\/emlekpont.hu\/index.php?rest_route=\/wp\/v2\/users\/5"}],"replies":[{"embeddable":true,"href":"https:\/\/emlekpont.hu\/index.php?rest_route=%2Fwp%2Fv2%2Fcomments&post=6668"}],"version-history":[{"count":0,"href":"https:\/\/emlekpont.hu\/index.php?rest_route=\/wp\/v2\/posts\/6668\/revisions"}],"wp:attachment":[{"href":"https:\/\/emlekpont.hu\/index.php?rest_route=%2Fwp%2Fv2%2Fmedia&parent=6668"}],"wp:term":[{"taxonomy":"category","embeddable":true,"href":"https:\/\/emlekpont.hu\/index.php?rest_route=%2Fwp%2Fv2%2Fcategories&post=6668"},{"taxonomy":"post_tag","embeddable":true,"href":"https:\/\/emlekpont.hu\/index.php?rest_route=%2Fwp%2Fv2%2Ftags&post=6668"}],"curies":[{"name":"wp","href":"https:\/\/api.w.org\/{rel}","templated":true}]}}