{"id":6667,"date":"2013-02-22T00:00:00","date_gmt":"2013-02-22T00:00:00","guid":{"rendered":"http:\/\/emlekpont.hu\/?p=6667"},"modified":"2013-02-22T00:00:00","modified_gmt":"2013-02-22T00:00:00","slug":"titkos-kommunista-talalkozasi-hely-a-piaristaknal","status":"publish","type":"post","link":"https:\/\/emlekpont.hu\/?p=6667","title":{"rendered":"Titkos kommunista tal\u00e1lkoz\u00e1si hely a piarist\u00e1kn\u00e1l"},"content":{"rendered":"<p>T-lak\u00e1s &#8211; titkos kommunista tal\u00e1lkoz\u00e1si hely a piarist\u00e1kn\u00e1l  Rendhagy\u00f3 t\u00f6rt\u00e9nelem \u00f3r\u00e1val \u00e9s egy k\u00fcl\u00f6nleges t\u00e1rlattal eml\u00e9keztek meg a piarista gimn\u00e1ziumban a kommunizmus \u00e1ldozatair\u00f3l. Az Eml\u00e9kpont egy T-lak\u00e1st, azaz egy titkos tal\u00e1lkoz\u00e1si lak\u00e1st rendezett be az int\u00e9zm\u00e9ny aul\u00e1j\u00e1ban, \u00edgy hozva m\u00e9g k\u00f6zelebb az 1960-as \u00e9vek Magyarorsz\u00e1g\u00e1t a di\u00e1ks\u00e1ghoz.  Az elm\u00falt h\u00f3napban k\u00f6t\u00f6tt egy\u00fcttm\u00fbk\u00f6d\u00e9si meg\u00e1llapod\u00e1st a szegedi Dugonics Andr\u00e1s Piarista Gimn\u00e1zium az Eml\u00e9kponttal, melynek r\u00e9szek\u00e9nt t\u00e1rlatokat rendeznek az iskol\u00e1ban \u00e9s el\u00f5ad\u00e1sokat is tartanak. Ezen meg\u00e1llapod\u00e1s r\u00e9szek\u00e9nt titkos bel\u00fcgyi lak\u00e1st, \u00fagynevezett T-lak\u00e1st bemutat\u00f3 ki\u00e1ll\u00edt\u00e1s ny\u00edlt a gimn\u00e1ziumban, \u00e9s rendhagy\u00f3 t\u00f6rt\u00e9nelem \u00f3r\u00e1kat tartottak a Kommunizmus \u00c1ldozatainak Eml\u00e9knapja kapcs\u00e1n p\u00e9nteken d\u00e9lut\u00e1n.  &#8222;A Megfigyelt m\u00fbv\u00e9szet c\u00edm\u00fb id\u00f5szaki t\u00e1rlat az 1960-as \u00e9vek esem\u00e9nyeit mutatta be, itt a piarista gimn\u00e1ziumban is ennek a korszaknak az emblematikus t\u00e1rgyait l\u00e1thatj\u00e1k az \u00e9rdekl\u00f5d\u00f5k. Siker\u00fclt szerezn\u00fcnk a 60-as \u00e9vekb\u00f5l val\u00f3 borospalackot, N\u00e9pszabads\u00e1got \u00e9s b\u00fatorokat, s ezeknek egy r\u00e9sz\u00e9t hoztuk el.&#8221; Vincze G\u00e1bor, az Eml\u00e9kpont t\u00f6rt\u00e9n\u00e9sze elmondta, ezek a titkos tal\u00e1lkoz\u00e1si lak\u00e1sok mag\u00e1ntulajdonban voltak, \u00e1ltal\u00e1ban nyugd\u00edjas katonatisztek vagy \u00e9pp megb\u00edzhat\u00f3 munk\u00e1s\u00f5r\u00f6k aj\u00e1nlott\u00e1k fel a lak\u00e1sukat az \u00e1llambiztons\u00e1g sz\u00e1m\u00e1ra rendszeresen bizonyos ideig. A T-lak\u00e1sokat a BM. III\/III. csoportf\u00f5n\u00f6ks\u00e9g azzal a c\u00e9llal hozta l\u00e9tre, hogy ott a tart\u00f3tisztek nyugodt k\u00f6r\u00fclm\u00e9nyek k\u00f6zepette sz\u00e1moltathass\u00e1k be \u00fcgyn\u00f6keiket.    Vincze G\u00e1bor, az Eml\u00e9kpont t\u00f6rt\u00e9n\u00e9sze rendhagy\u00f3 tan\u00f3r\u00e1t tart a piarista gimn\u00e1zium di\u00e1kjainak  &#8222;Erk\u00f6lcsileg el\u00edt\u00e9lhet\u00f5 egy T-lak\u00e1s tulajdonos, hiszen \u00f6nk\u00e9nt jelentkezett, nem zsarolt\u00e1k meg, mint az \u00fcgyn\u00f6k\u00f6k t\u00f6bbs\u00e9g\u00e9t, \u00e9s p\u00e9nzt is kapott az\u00e9rt, hogy hetente n\u00e9h\u00e1ny \u00f3r\u00e1ra haszn\u00e1lj\u00e1k a lak\u00e1s\u00e1t&#8221; &#8211; magyar\u00e1zta a t\u00f6rt\u00e9n\u00e9sz. Vincze G\u00e1bor tapasztalatai szerint a mai di\u00e1kok t\u00f6bbs\u00e9ge el sem tudja k\u00e9pzelni, hogy ilyen l\u00e9tezett, maximum k\u00e9mfilmekben l\u00e1thattak hasonl\u00f3t. &#8222;Egy ellens\u00e9ges \u00e1llammal szembeni k\u00e9melh\u00e1r\u00edt\u00e1s szinte minden orsz\u00e1gban van, l\u00e9tezett m\u00e1r a k\u00f6z\u00e9pkorban \u00e9s a 19. sz\u00e1zadban is, viszont az, hogy a saj\u00e1t \u00e1llampolg\u00e1raival szembeni h\u00edrszerz\u00e9s \u00e9s elh\u00e1r\u00edt\u00e1s m\u00fbk\u00f6dj\u00f6n, az \u00e1ltal\u00e1ban a totalit\u00e1rius rendszereknek a saj\u00e1toss\u00e1ga. Ezen a rendszerek tov\u00e1bbi jellemz\u00f5je, hogy paranoi\u00e1sak, ott is \u00fcgyn\u00f6k\u00f6t keresnek, ahol nincs&#8221; &#8211; jegyezte meg Vincze G\u00e1bor.  M\u00e9sz\u00e1ros Tam\u00e1s t\u00f6rt\u00e9n\u00e9sz a t\u00e1rlat megnyit\u00f3j\u00e1n elmondta, H\u00f3dmez\u00f5v\u00e1s\u00e1rhelyr\u00f5l ismertek a palota, r\u00f3zsa \u00e9s tiszavir\u00e1g fed\u00f5nev\u00fb T-lak\u00e1sok, ilyenek azonban Szegeden is biztosan voltak. &#8222;T\u00f6bb sz\u00e1z ilyen T-lak\u00e1s seg\u00edts\u00e9g\u00e9vel tartott\u00e1k kontroll alatt a magyar t\u00e1rsadalmat. Senki tudhatta, hogy a m\u00e1sik bes\u00fag\u00f3-e. El lehet k\u00e9pzelni a bizalmatlans\u00e1g sz\u00f6rny\u00fb l\u00e9gk\u00f6r\u00e9t, ami meg\u00f6lt mindenf\u00e9le kezdem\u00e9nyez\u00e9st, hogy emberi \u00e9letet lehessen \u00e9lni&#8221; &#8211; fogalmazott a t\u00f6rt\u00e9n\u00e9sz.  A ki\u00e1ll\u00edtott tabl\u00f3kon jelent\u00e9sekb\u00f5l olvashatnak r\u00e9szleteket az \u00e9rdekl\u00f5d\u00f5k, melyek jelzik, hogy mi mindenre terjedt ki a kommunista elh\u00e1r\u00edt\u00e1s figyelme. A T-lak\u00e1st is bemutat\u00f3 t\u00e1rlat m\u00e1rcius 16-\u00e1ig tekinthet\u00f5 meg a Dugonics Andr\u00e1s Piarista Gimn\u00e1zium aul\u00e1j\u00e1ban.  Forr\u00e1s: Szeged Ma<\/p>\n","protected":false},"excerpt":{"rendered":"<p>T-lak\u00e1s &#8211; titkos kommunista tal\u00e1lkoz\u00e1si hely a piarist\u00e1kn\u00e1l Rendhagy\u00f3 t\u00f6rt\u00e9nelem \u00f3r\u00e1val \u00e9s egy k\u00fcl\u00f6nleges t\u00e1rlattal eml\u00e9keztek meg a piarista gimn\u00e1ziumban a kommunizmus \u00e1ldozatair\u00f3l. Az Eml\u00e9kpont egy T-lak\u00e1st, azaz egy titkos tal\u00e1lkoz\u00e1si lak\u00e1st rendezett be az int\u00e9zm\u00e9ny aul\u00e1j\u00e1ban, \u00edgy hozva m\u00e9g k\u00f6zelebb az 1960-as \u00e9vek Magyarorsz\u00e1g\u00e1t a di\u00e1ks\u00e1ghoz. Az elm\u00falt h\u00f3napban k\u00f6t\u00f6tt egy\u00fcttm\u00fbk\u00f6d\u00e9si meg\u00e1llapod\u00e1st a szegedi [&hellip;]<\/p>\n","protected":false},"author":5,"featured_media":0,"comment_status":"open","ping_status":"open","sticky":false,"template":"","format":"standard","meta":{"footnotes":""},"categories":[12,8,18],"tags":[],"_links":{"self":[{"href":"https:\/\/emlekpont.hu\/index.php?rest_route=\/wp\/v2\/posts\/6667"}],"collection":[{"href":"https:\/\/emlekpont.hu\/index.php?rest_route=\/wp\/v2\/posts"}],"about":[{"href":"https:\/\/emlekpont.hu\/index.php?rest_route=\/wp\/v2\/types\/post"}],"author":[{"embeddable":true,"href":"https:\/\/emlekpont.hu\/index.php?rest_route=\/wp\/v2\/users\/5"}],"replies":[{"embeddable":true,"href":"https:\/\/emlekpont.hu\/index.php?rest_route=%2Fwp%2Fv2%2Fcomments&post=6667"}],"version-history":[{"count":0,"href":"https:\/\/emlekpont.hu\/index.php?rest_route=\/wp\/v2\/posts\/6667\/revisions"}],"wp:attachment":[{"href":"https:\/\/emlekpont.hu\/index.php?rest_route=%2Fwp%2Fv2%2Fmedia&parent=6667"}],"wp:term":[{"taxonomy":"category","embeddable":true,"href":"https:\/\/emlekpont.hu\/index.php?rest_route=%2Fwp%2Fv2%2Fcategories&post=6667"},{"taxonomy":"post_tag","embeddable":true,"href":"https:\/\/emlekpont.hu\/index.php?rest_route=%2Fwp%2Fv2%2Ftags&post=6667"}],"curies":[{"name":"wp","href":"https:\/\/api.w.org\/{rel}","templated":true}]}}