{"id":6666,"date":"2013-02-22T00:00:00","date_gmt":"2013-02-22T00:00:00","guid":{"rendered":"http:\/\/emlekpont.hu\/?p=6666"},"modified":"2013-02-22T00:00:00","modified_gmt":"2013-02-22T00:00:00","slug":"emlekezzunk-a-kommunizmus-aldozataira","status":"publish","type":"post","link":"https:\/\/emlekpont.hu\/?p=6666","title":{"rendered":"Eml\u00e9kezz\u00fcnk a kommunizmus \u00e1ldozataira!"},"content":{"rendered":"<p>Rendhagy\u00f3 tan\u00f3r\u00e1k \u00e9s gyertyagy\u00fajt\u00e1s a kommunizmus \u00e1ldozatainak eml\u00e9knapj\u00e1n az Eml\u00e9kpontban  Febru\u00e1r 25-\u00e9n, h\u00e9tf\u00f5n \u00e9s az eg\u00e9sz h\u00e9t folyam\u00e1n rendhagy\u00f3 tan\u00f3r\u00e1kon mutatj\u00e1k be az Eml\u00e9kpontba \u00e9rkez\u00f5 fiataloknak a kommunista diktat\u00fara embertelens\u00e9g\u00e9t \u00e9s b\u00fbneit. A kommunizmus \u00e1ldozatainak eml\u00e9knapj\u00e1n febru\u00e1r 25-\u00e9n, h\u00e9tf\u00f5n 17 \u00f3r\u00e1t\u00f3l Bencsik P\u00e9ter t\u00f6rt\u00e9n\u00e9sz mond besz\u00e9det a k\u00f6zgy\u00fbjtem\u00e9nyben. A rendezv\u00e9nyt k\u00f6vet\u00f5en a meggyilkoltak, a b\u00f6rt\u00f6nbe vetettek, a meghurcoltak eml\u00e9k\u00e9re gy\u00fajtanak m\u00e9cseseket az Eml\u00e9kpontn\u00e1l.    Az Orsz\u00e1ggy\u00fbl\u00e9s 2000. j\u00fanius 13-\u00e1n elfogadott hat\u00e1rozat\u00e1val minden \u00e9v febru\u00e1r 25-\u00e9t a Kommunizmus \u00c1ldozatainak Eml\u00e9knapj\u00e1v\u00e1 nyilv\u00e1n\u00edtotta. E napon eml\u00e9kez\u00fcnk t\u00f6bb t\u00edzezer, csal\u00e1dj\u00e1t\u00f3l elv\u00e1lasztott \u00e9s k\u00e9nyszermunkat\u00e1borba hurcolt honfit\u00e1rsunkra, a koholt v\u00e1dak alapj\u00e1n m\u00e9sz\u00e1rsz\u00e9kre k\u00fcld\u00f6tt emberekre, az ellen\u00e1ll\u00f3k\u00e9nt m\u00e1rt\u00edrhal\u00e1lt halt h\u00f5s\u00f6kre. Mindazokra, akik a rendszer \u00e1ldozataiv\u00e1 v\u00e1ltak, csal\u00e1dtagjaikra \u00e9s szeretteikre, akiket a rezsim meghurcolt \u00e9s kiszolg\u00e1ltatott. Maga az eml\u00e9knap Kov\u00e1cs B\u00e9la, a F\u00fcggetlen Kisgazdap\u00e1rt f\u00f5titk\u00e1r\u00e1nak Szovjetuni\u00f3ba hurcol\u00e1s\u00e1hoz k\u00f6t\u00f5dik. 1947. febru\u00e1r 25-\u00e9n fogt\u00e1k le a polg\u00e1ri politikust, ami azt bizony\u00edtotta, hogy a kommunista p\u00e1rt er\u00f5szakos hatalom\u00e1tv\u00e9telt k\u00e9sz\u00edt el\u00f5 Magyarorsz\u00e1gon (is). Kov\u00e1cs B\u00e9la megj\u00e1rta a k\u00e9nyszermunkat\u00e1borok kegyetlen vil\u00e1g\u00e1t. Csak \u00e9vekkel k\u00e9s\u00f5bb, 1955-ben t\u00e9rhetett vissza Magyarorsz\u00e1gra. Az igazs\u00e1gtalan meghurcoltat\u00e1s \u00e9s a fogs\u00e1g megpr\u00f3b\u00e1ltat\u00e1sai k\u00f6vetkezt\u00e9ben 1959-ben 51 \u00e9vesen hunyt el.    Febru\u00e1r 25-\u00e9n \u00e9s a h\u00e9t folyam\u00e1n rendhagy\u00f3 tan\u00f3r\u00e1kkal \u00e9s tematikus t\u00e1rlatvezet\u00e9sekkel v\u00e1rja az Eml\u00e9kpont az iskolai oszt\u00e1lyokat, bemutatva azt az elnyom\u00f3 rendszert, amely t\u00edzmilli\u00f3k hal\u00e1l\u00e1\u00e9rt felel\u00f5s a vil\u00e1gon. Az eml\u00e9knapon d\u00e9lut\u00e1n kett\u00f5 \u00f3r\u00e1t\u00f3l az \u00f6tvenes \u00e9vek rettegett k\u00e9nyszermunkat\u00e1bor\u00e1r\u00f3l, a recski t\u00e1borr\u00f3l tekintethetnek meg filmet a di\u00e1kok. H\u00e9tf\u00f5n d\u00e9lut\u00e1n 5 \u00f3r\u00e1t\u00f3l Bencsik P\u00e9ter t\u00f6rt\u00e9n\u00e9sz, a Szegedi Tudom\u00e1nyegyetem Leg\u00fajabbkori Egyetemes T\u00f6rt\u00e9neti Tansz\u00e9k\u00e9nek adjunktusa eml\u00e9kezik a v\u00f6r\u00f6s diktat\u00fara meghurcoltjaira. K\u00f6sz\u00f6nt\u00f5t mond Blazovich P\u00e9ter, az Eml\u00e9kpont int\u00e9zm\u00e9nyvezet\u00f5je, a megeml\u00e9kez\u00e9sen k\u00f6zrem\u00fbk\u00f6dnek a P\u00e9czely Attila Alapfok\u00fa M\u00fbv\u00e9szetoktat\u00e1si Int\u00e9zm\u00e9ny m\u00fbv\u00e9sztan\u00e1rai \u00e9s tanul\u00f3i.<\/p>\n","protected":false},"excerpt":{"rendered":"<p>Rendhagy\u00f3 tan\u00f3r\u00e1k \u00e9s gyertyagy\u00fajt\u00e1s a kommunizmus \u00e1ldozatainak eml\u00e9knapj\u00e1n az Eml\u00e9kpontban Febru\u00e1r 25-\u00e9n, h\u00e9tf\u00f5n \u00e9s az eg\u00e9sz h\u00e9t folyam\u00e1n rendhagy\u00f3 tan\u00f3r\u00e1kon mutatj\u00e1k be az Eml\u00e9kpontba \u00e9rkez\u00f5 fiataloknak a kommunista diktat\u00fara embertelens\u00e9g\u00e9t \u00e9s b\u00fbneit. A kommunizmus \u00e1ldozatainak eml\u00e9knapj\u00e1n febru\u00e1r 25-\u00e9n, h\u00e9tf\u00f5n 17 \u00f3r\u00e1t\u00f3l Bencsik P\u00e9ter t\u00f6rt\u00e9n\u00e9sz mond besz\u00e9det a k\u00f6zgy\u00fbjtem\u00e9nyben. A rendezv\u00e9nyt k\u00f6vet\u00f5en a meggyilkoltak, a b\u00f6rt\u00f6nbe [&hellip;]<\/p>\n","protected":false},"author":5,"featured_media":0,"comment_status":"open","ping_status":"open","sticky":false,"template":"","format":"standard","meta":{"footnotes":""},"categories":[12,8,18],"tags":[],"_links":{"self":[{"href":"https:\/\/emlekpont.hu\/index.php?rest_route=\/wp\/v2\/posts\/6666"}],"collection":[{"href":"https:\/\/emlekpont.hu\/index.php?rest_route=\/wp\/v2\/posts"}],"about":[{"href":"https:\/\/emlekpont.hu\/index.php?rest_route=\/wp\/v2\/types\/post"}],"author":[{"embeddable":true,"href":"https:\/\/emlekpont.hu\/index.php?rest_route=\/wp\/v2\/users\/5"}],"replies":[{"embeddable":true,"href":"https:\/\/emlekpont.hu\/index.php?rest_route=%2Fwp%2Fv2%2Fcomments&post=6666"}],"version-history":[{"count":0,"href":"https:\/\/emlekpont.hu\/index.php?rest_route=\/wp\/v2\/posts\/6666\/revisions"}],"wp:attachment":[{"href":"https:\/\/emlekpont.hu\/index.php?rest_route=%2Fwp%2Fv2%2Fmedia&parent=6666"}],"wp:term":[{"taxonomy":"category","embeddable":true,"href":"https:\/\/emlekpont.hu\/index.php?rest_route=%2Fwp%2Fv2%2Fcategories&post=6666"},{"taxonomy":"post_tag","embeddable":true,"href":"https:\/\/emlekpont.hu\/index.php?rest_route=%2Fwp%2Fv2%2Ftags&post=6666"}],"curies":[{"name":"wp","href":"https:\/\/api.w.org\/{rel}","templated":true}]}}