{"id":6665,"date":"2013-02-25T00:00:00","date_gmt":"2013-02-25T00:00:00","guid":{"rendered":"http:\/\/emlekpont.hu\/?p=6665"},"modified":"2013-02-25T00:00:00","modified_gmt":"2013-02-25T00:00:00","slug":"ma-van-a-kommunizmus-aldozatainak-emleknapja-2","status":"publish","type":"post","link":"https:\/\/emlekpont.hu\/?p=6665","title":{"rendered":"Ma van a Kommunizmus \u00c1ldozatainak Eml\u00e9knapja"},"content":{"rendered":"<p>Ma van a Kommunizmus \u00c1ldozatainak Eml\u00e9knapja       Az eg\u00e9sz h\u00e9t folyam\u00e1n rendhagy\u00f3 tan\u00f3r\u00e1kon mutatj\u00e1k be az Eml\u00e9kpontba \u00e9rkez\u00f5 fiataloknak a kommunista diktat\u00fara embertelens\u00e9g\u00e9t \u00e9s b\u00fbneit. A megeml\u00e9kez\u00e9s r\u00e9sztvev\u00f5i a k\u00f6zgy\u00fbjtem\u00e9ny fal\u00e1n\u00e1l gy\u00fajtottak m\u00e9cseseket az \u00e1ldozatok eml\u00e9k\u00e9re.  Az Orsz\u00e1ggy\u00fbl\u00e9s 2000. j\u00fanius 13-\u00e1n elfogadott hat\u00e1rozat\u00e1val minden \u00e9v febru\u00e1r 25-\u00e9t a Kommunizmus \u00c1ldozatainak Eml\u00e9knapj\u00e1v\u00e1 nyilv\u00e1n\u00edtotta. E napon eml\u00e9kez\u00fcnk t\u00f6bb t\u00edzezer, csal\u00e1dj\u00e1t\u00f3l elv\u00e1lasztott \u00e9s k\u00e9nyszermunkat\u00e1borba hurcolt honfit\u00e1rsunkra, a koholt v\u00e1dak alapj\u00e1n m\u00e9sz\u00e1rsz\u00e9kre k\u00fcld\u00f6tt emberekre, az ellen\u00e1ll\u00f3k\u00e9nt m\u00e1rt\u00edrhal\u00e1lt halt h\u00f5s\u00f6kre. Mindazokra, akik a rendszer \u00e1ldozataiv\u00e1 v\u00e1ltak, csal\u00e1dtagjaikra \u00e9s szeretteikre, akiket a rezsim meghurcolt \u00e9s kiszolg\u00e1ltatott. Maga az eml\u00e9knap Kov\u00e1cs B\u00e9la, a F\u00fcggetlen Kisgazdap\u00e1rt f\u00f5titk\u00e1r\u00e1nak Szovjetuni\u00f3ba hurcol\u00e1s\u00e1hoz k\u00f6t\u00f5dik. 1947. febru\u00e1r 25-\u00e9n fogt\u00e1k le a politikust, ami azt bizony\u00edtotta, hogy a kommunista p\u00e1rt er\u00f5szakos hatalom\u00e1tv\u00e9telt k\u00e9sz\u00edt el\u00f5 Magyarorsz\u00e1gon. Kov\u00e1cs B\u00e9la megj\u00e1rta a k\u00e9nyszermunkat\u00e1borok kegyetlen vil\u00e1g\u00e1t. Csak \u00e9vekkel k\u00e9s\u00f5bb, 1955-ben t\u00e9rhetett vissza Magyarorsz\u00e1gra. Az igazs\u00e1gtalan meghurcoltat\u00e1s \u00e9s a fogs\u00e1g megpr\u00f3b\u00e1ltat\u00e1sai k\u00f6vetkezt\u00e9ben 1959-ben 51 \u00e9vesen hunyt el. A h\u00e9t folyam\u00e1n rendhagy\u00f3 tan\u00f3r\u00e1kkal \u00e9s tematikus t\u00e1rlatvezet\u00e9sekkel v\u00e1rja az Eml\u00e9kpont az iskolai oszt\u00e1lyokat, bemutatva azt az elnyom\u00f3 rendszert, amely t\u00edzmilli\u00f3k hal\u00e1l\u00e1\u00e9rt felel\u00f5s a vil\u00e1gon.          &#8211; Sokszor lehet hallani, f\u00f5leg nyugati forr\u00e1sokb\u00f3l, hogy a kommunizmus egy hum\u00e1nus ideol\u00f3giak\u00e9nt alakult ki, Marx \u00e9s Engels tanai gyakorlatilag egy jobb vil\u00e1got szerettek volna az emberis\u00e9g sz\u00e1m\u00e1ra el\u00e9rni. Val\u00f3j\u00e1ban azt l\u00e1tjuk a mai kutat\u00e1sok alapj\u00e1n, \u00e9s az el\u00f5ker\u00fclt iratok is ezt mutatj\u00e1k, hogy Marx \u00e9s Engels mindv\u00e9gig terror-rendszer megalap\u00edt\u00e1s\u00e1t tervezt\u00e9k &#8211; mondta dr. Bencsik P\u00e9ter t\u00f6rt\u00e9n\u00e9sz, a megeml\u00e9kez\u00e9s sz\u00f3noka.  A t\u00f6rt\u00e9n\u00e9sz kifejtette, ugyan Marx \u00e9s Engels \u00e1tmeneti rendszernek tekintette a szocializmust vagy prolet\u00e1rdiktat\u00far\u00e1t, azonban az ideje nem volt el\u00f5re meghat\u00e1rozhat\u00f3, \u00edgy ak\u00e1r \u00e9vtizedekig vagy \u00e9vsz\u00e1zadokig is elh\u00faz\u00f3dhat. Hozz\u00e1tette: M\u00e9g ma is sokakban \u00e9l a k\u00e9p a hum\u00e1nus Leninr\u00f5l, pedig tett olyan kijelent\u00e9st, hogy 90-100 milli\u00f3 oroszt kell \u00e1tnevelni, a t\u00f6bbi 10 milli\u00f3val nincs mit tenni, ki kell irtani. A t\u00f6rt\u00e9n\u00e9sz felh\u00edvta a figyelmet arra, hogy m\u00edg a c\u00e1ri rendszer \u00e1ltal kiv\u00e9gzettek sz\u00e1ma nem \u00e9ri el a 4 ezer f\u00f5t, a kommunizmus \u00e1ldozatainak sz\u00e1m\u00e1t a Szovjetuni\u00f3ban 20 milli\u00f3ra becs\u00fclik.  A megeml\u00e9kez\u00f5 besz\u00e9deket k\u00f6vet\u00f5en a P\u00e9czely Attila Alapfok\u00fa M\u00fbv\u00e9szetoktat\u00e1si Int\u00e9zm\u00e9ny di\u00e1kjai adtak zenei m\u00fbsort, majd a r\u00e9sztvev\u00f5k az Eml\u00e9kpont fal\u00e1n\u00e1l gy\u00fajtottak m\u00e9cseseket az \u00e1ldozatok eml\u00e9k\u00e9re.    Forr\u00e1s: Promen\u00e1d.hu<\/p>\n","protected":false},"excerpt":{"rendered":"<p>Ma van a Kommunizmus \u00c1ldozatainak Eml\u00e9knapja Az eg\u00e9sz h\u00e9t folyam\u00e1n rendhagy\u00f3 tan\u00f3r\u00e1kon mutatj\u00e1k be az Eml\u00e9kpontba \u00e9rkez\u00f5 fiataloknak a kommunista diktat\u00fara embertelens\u00e9g\u00e9t \u00e9s b\u00fbneit. A megeml\u00e9kez\u00e9s r\u00e9sztvev\u00f5i a k\u00f6zgy\u00fbjtem\u00e9ny fal\u00e1n\u00e1l gy\u00fajtottak m\u00e9cseseket az \u00e1ldozatok eml\u00e9k\u00e9re. Az Orsz\u00e1ggy\u00fbl\u00e9s 2000. j\u00fanius 13-\u00e1n elfogadott hat\u00e1rozat\u00e1val minden \u00e9v febru\u00e1r 25-\u00e9t a Kommunizmus \u00c1ldozatainak Eml\u00e9knapj\u00e1v\u00e1 nyilv\u00e1n\u00edtotta. E napon eml\u00e9kez\u00fcnk t\u00f6bb [&hellip;]<\/p>\n","protected":false},"author":5,"featured_media":0,"comment_status":"open","ping_status":"open","sticky":false,"template":"","format":"standard","meta":{"footnotes":""},"categories":[12,8,18],"tags":[],"_links":{"self":[{"href":"https:\/\/emlekpont.hu\/index.php?rest_route=\/wp\/v2\/posts\/6665"}],"collection":[{"href":"https:\/\/emlekpont.hu\/index.php?rest_route=\/wp\/v2\/posts"}],"about":[{"href":"https:\/\/emlekpont.hu\/index.php?rest_route=\/wp\/v2\/types\/post"}],"author":[{"embeddable":true,"href":"https:\/\/emlekpont.hu\/index.php?rest_route=\/wp\/v2\/users\/5"}],"replies":[{"embeddable":true,"href":"https:\/\/emlekpont.hu\/index.php?rest_route=%2Fwp%2Fv2%2Fcomments&post=6665"}],"version-history":[{"count":0,"href":"https:\/\/emlekpont.hu\/index.php?rest_route=\/wp\/v2\/posts\/6665\/revisions"}],"wp:attachment":[{"href":"https:\/\/emlekpont.hu\/index.php?rest_route=%2Fwp%2Fv2%2Fmedia&parent=6665"}],"wp:term":[{"taxonomy":"category","embeddable":true,"href":"https:\/\/emlekpont.hu\/index.php?rest_route=%2Fwp%2Fv2%2Fcategories&post=6665"},{"taxonomy":"post_tag","embeddable":true,"href":"https:\/\/emlekpont.hu\/index.php?rest_route=%2Fwp%2Fv2%2Ftags&post=6665"}],"curies":[{"name":"wp","href":"https:\/\/api.w.org\/{rel}","templated":true}]}}